{"id":3422,"date":"2026-02-13T09:19:37","date_gmt":"2026-02-13T09:19:37","guid":{"rendered":"https:\/\/doguhabertv.com\/?p=3422"},"modified":"2026-02-13T09:19:38","modified_gmt":"2026-02-13T09:19:38","slug":"dem-partili-omer-faruk-gergerlioglu-turklerin-kurtce-ogrenmesi-lazim","status":"publish","type":"post","link":"https:\/\/doguhabertv.com\/?p=3422","title":{"rendered":"DEM Partili \u00d6mer Faruk Gergerlio\u011flu: T\u00fcrklerin K\u00fcrt\u00e7e \u00f6\u011frenmesi laz\u0131m"},"content":{"rendered":"<p class=\"text\">DEM Parti Kocaeli Milletvekili \u00d6mer Faruk Gergerlio\u011flu, Meclis&#8217;te konu\u015ftu.<\/p>\n<p class=\"text\">S\u00f6z ald\u0131ktan sonra k\u00fcrs\u00fcde k\u0131sa bir konu\u015fma yapan Gergerlio\u011flu, T\u00fcrklerin K\u00fcrt\u00e7e \u00f6\u011frenmesinin gerekli oldu\u011funu s\u00f6yledi.\u00a0<\/p>\n<p><strong>KOM\u015eULUK VE B\u0130RL\u0130KTE YA\u015eAM VURGUSU<\/strong><\/p>\n<p class=\"text\">Konu\u015fmas\u0131nda kom\u015fuluk ve birlikte ya\u015fam vurgusu da yapan DEM Parti Milletvekili \u00d6mer Faruk Gergerlio\u011flu, &#8220;Kom\u015fu kom\u015funun k\u00fcl\u00fcne muhta\u00e7.&#8221; atas\u00f6z\u00fcne de at\u0131fta bulundu.<\/p>\n<p class=\"text\">Gergerlio\u011flu konu\u015fmas\u0131n\u0131 \u015f\u00f6yle s\u00fcrd\u00fcrd\u00fc;\u00a0<\/p>\n<p><strong>&#8220;\u0130T\u0130RAZ ETMEY\u0130N, 20 M\u0130LYON K\u00dcRT VATANDA\u015eIN OLDU\u011eU TOPRAKLARDAYIZ&#8221;<\/strong><\/p>\n<p class=\"text\">&#8220;\u0130lla K\u00fcrtlerin mi T\u00fcrk\u00e7e \u00f6\u011frenmesi laz\u0131m? T\u00fcrklerin de K\u00fcrt\u00e7e \u00f6\u011frenmesi laz\u0131m arkada\u015flar. En az 20 milyon K\u00fcrt&#8217;\u00fcn oldu\u011fu topraklarday\u0131z. Ya kom\u015fumuz K\u00fcrtler. \u0130tiraz etmeyin.<\/p>\n<p><img decoding=\"async\" src=\"https:\/\/doguhabertv.com\/wp-content\/uploads\/2026\/02\/dem-partili-omer-faruk-gergerlioglu-turklerin-kurtce-ogrenmesi-lazim-0.jpg?w=1200\" \/><\/p>\n<p><strong>&#8220;KOM\u015eUNUZ HER YERDE VAR&#8221;<\/strong><\/p>\n<p class=\"text\"> Bak\u0131n burada da kom\u015funuz K\u00fcrtler var. Kom\u015funuz olmaktan kurtulam\u0131yorsunuz. Kom\u015funuz her yerde var. \u00d6\u011frenmelisiniz.&#8221;<\/p>\n<p><strong>&#8220;K\u00dcRT\u00c7E KURSUNA G\u0130D\u0130YORUM&#8221;<\/strong><\/p>\n<p class=\"text\">K\u00fcrt\u00e7e \u00f6\u011frenmeye ba\u015flad\u0131\u011f\u0131n\u0131 da ifade eden Gergerlio\u011flu, \u201cEvet, ana dili T\u00fcrk\u00e7e olan bir T\u00fcrk olarak K\u00fcrt\u00e7e \u00f6\u011freniyorum, K\u00fcrt\u00e7e kursuna gidiyorum. E neden gitmeyeyim? \u201d dedi.<\/p>\n<p><img decoding=\"async\" src=\"https:\/\/doguhabertv.com\/wp-content\/uploads\/2026\/02\/dem-partili-omer-faruk-gergerlioglu-turklerin-kurtce-ogrenmesi-lazim-1.jpg?w=1200\" \/><\/p>\n","protected":false},"excerpt":{"rendered":"<p>DEM Partili \u00d6mer Gergerlio\u011flu, Meclis&#8217;te yapt\u0131\u011f\u0131 konu\u015fmada K\u00fcrtlerin ya\u015fad\u0131\u011f\u0131 topraklarda bulunan T\u00fcrklerin K\u00fcrt\u00e7e \u00f6\u011frenmesi gerekti\u011fini s\u00f6yledi. Meclis s\u0131ralar\u0131na seslenen Gergerlio\u011flu, <\/p>\n","protected":false},"author":1,"featured_media":0,"comment_status":"open","ping_status":"closed","sticky":false,"template":"","format":"standard","meta":{"footnotes":""},"categories":[8],"tags":[],"class_list":["post-3422","post","type-post","status-publish","format-standard","hentry","category-gundem"],"_links":{"self":[{"href":"https:\/\/doguhabertv.com\/index.php?rest_route=\/wp\/v2\/posts\/3422","targetHints":{"allow":["GET"]}}],"collection":[{"href":"https:\/\/doguhabertv.com\/index.php?rest_route=\/wp\/v2\/posts"}],"about":[{"href":"https:\/\/doguhabertv.com\/index.php?rest_route=\/wp\/v2\/types\/post"}],"author":[{"embeddable":true,"href":"https:\/\/doguhabertv.com\/index.php?rest_route=\/wp\/v2\/users\/1"}],"replies":[{"embeddable":true,"href":"https:\/\/doguhabertv.com\/index.php?rest_route=%2Fwp%2Fv2%2Fcomments&post=3422"}],"version-history":[{"count":1,"href":"https:\/\/doguhabertv.com\/index.php?rest_route=\/wp\/v2\/posts\/3422\/revisions"}],"predecessor-version":[{"id":3423,"href":"https:\/\/doguhabertv.com\/index.php?rest_route=\/wp\/v2\/posts\/3422\/revisions\/3423"}],"wp:attachment":[{"href":"https:\/\/doguhabertv.com\/index.php?rest_route=%2Fwp%2Fv2%2Fmedia&parent=3422"}],"wp:term":[{"taxonomy":"category","embeddable":true,"href":"https:\/\/doguhabertv.com\/index.php?rest_route=%2Fwp%2Fv2%2Fcategories&post=3422"},{"taxonomy":"post_tag","embeddable":true,"href":"https:\/\/doguhabertv.com\/index.php?rest_route=%2Fwp%2Fv2%2Ftags&post=3422"}],"curies":[{"name":"wp","href":"https:\/\/api.w.org\/{rel}","templated":true}]}}