{"id":3416,"date":"2026-02-13T09:19:33","date_gmt":"2026-02-13T09:19:33","guid":{"rendered":"https:\/\/doguhabertv.com\/?p=3416"},"modified":"2026-02-13T09:19:34","modified_gmt":"2026-02-13T09:19:34","slug":"bilal-erdogan-osmanlica-ogrenmek-artik-tabu-degil","status":"publish","type":"post","link":"https:\/\/doguhabertv.com\/?p=3416","title":{"rendered":"Bilal Erdo\u011fan: Osmanl\u0131ca \u00f6\u011frenmek art\u0131k tabu de\u011fil"},"content":{"rendered":"<p class=\"text\">Ka\u011f\u0131thane&#8217;de bulunan Cumhurba\u015fkan\u0131 Osmanl\u0131 Ar\u015fivi K\u00fclliyesi&#8217;nde Hayrat Vakf\u0131 ve Mill\u00ee E\u011fitim Bakanl\u0131\u011f\u0131 i\u015fbirli\u011fi ile Gen\u00e7 Hayrat\u2019\u0131n d\u00fczenledi\u011fi T\u00fcrkiye genelindeki Fen ve Anadolu Liselerini bir araya getiren &#8216;K\u00fclt\u00fcrel Miras\u0131n \u0130zinde Osmanl\u0131 T\u00fcrk\u00e7esi Yar\u0131\u015fmas\u0131 Finali&#8217; program\u0131 \u0130lim Yayma Cemiyeti M\u00fctevelli Heyeti Ba\u015fkan\u0131 Bilal Erdo\u011fan&#8217;\u0131n kat\u0131l\u0131m\u0131yla ger\u00e7ekle\u015ftirildi.<\/p>\n<p class=\"text\">Programa \u0130stanbul Valisi Davut G\u00fcl, \u0130lim Yayma Vakf\u0131 M\u00fctevelli Heyeti Ba\u015fkan\u0131 Necmeddin Bilal Erdo\u011fan, Milli E\u011fitim Bakan Yard\u0131mc\u0131s\u0131 \u00d6mer Faruk Yelkenci, Gen\u00e7lik ve Spor Bakan Yard\u0131mc\u0131s\u0131 Enes Emino\u011flu, Ka\u011f\u0131thane Kaymakam\u0131 Y\u00fcksel Kara, Ka\u011f\u0131thane Belediye Ba\u015fkan\u0131 Mevl\u00fct \u00d6ztekin ve Gen\u00e7 Hayrat Ba\u015fkan\u0131 K\u00fcr\u015fat Karaca, \u00f6\u011frenciler ve e\u011fitmenler kat\u0131ld\u0131.<\/p>\n<p><strong>BA\u015eARILI OLANLARA HED\u0130YELER\u0130 TAKD\u0130M ED\u0130LD\u0130<\/strong><\/p>\n<p class=\"text\">Yar\u0131\u015fmaya T\u00fcrkiye&#8217;nin t\u00fcm il ve il\u00e7elerindeki Fen ve Anadolu liseleri aras\u0131ndan tertip heyetinin belirledi\u011fi 505 okul kat\u0131ld\u0131. 15 bin \u00f6\u011frencinin kat\u0131ld\u0131\u011f\u0131 seminerlere &#8216;Neden Osmanl\u0131ca \u00d6\u011frenmeliyim?&#8217; seminerleri verildi. Bu \u00f6\u011frencilerden 7 bin \u00f6\u011frenciye 7 hafta s\u00fcren Osmanl\u0131ca e\u011fitimi verildi.<\/p>\n<p class=\"text\">31 Ocak&#8217;ta T\u00fcrkiye genelinde \u00e7evrimi\u00e7i ger\u00e7ekle\u015ftirilen s\u0131navda T\u00fcrkiye ve il dereceleri belli oldu. Derece alanlar 12 \u015eubat&#8217;ta Cumhurba\u015fkanl\u0131\u011f\u0131 Devlet Ar\u015fivleri Osmanl\u0131 Ar\u015fivi K\u00fclliyesi&#8217;nde yar\u0131\u015fmaya hak kazand\u0131. \u0130llerde dereceye giren 10 \u00f6\u011frenciye \u00f6d\u00fclleri takdim edildi. Protokol konu\u015fmalar\u0131n\u0131n ard\u0131ndan Bilal Erdo\u011fan T\u00fcrkiye Geneli s\u0131navda \u00fc\u00e7\u00fcnc\u00fc olan Yusuf Ka\u011fan Kaymaz&#8217;a, ikinci olan Ammar Alkurdu&#8217;ya, birinci olan Yusuf Ayd\u0131n&#8217;a hediye ve plaket takdim etti. G\u00fcn\u00fcn an\u0131s\u0131na Gen\u00e7 Hayrat Ba\u015fkan\u0131 K\u00fcr\u015fat Karaca, \u0130lim Yayma Vakf\u0131 M\u00fctevelli Heyeti Ba\u015fkan\u0131 Bilal Erdo\u011fan&#8217;a Cel\u00ee S\u00fcl\u00fcs ile yaz\u0131lm\u0131\u015f &#8216;\u00dcz\u00fclme, \u015f\u00fcphesiz ki Allah bizimle beraberdir! Tevbe S\u00fbresi 40&#8217; yaz\u0131l\u0131 eseri hediye etti.<\/p>\n<p class=\"text\">Programa kat\u0131lan di\u011fer protokol heyeti de \u00f6\u011frencilere hediyelerini takdim etti.<\/p>\n<p><img decoding=\"async\" src=\"https:\/\/doguhabertv.com\/wp-content\/uploads\/2026\/02\/bilal-erdogan-osmanlica-ogrenmek-artik-tabu-degil-0.jpg?w=1200\" \/><\/p>\n<p><strong>&#8216;OSMANLICA OKUMANIN GEN\u00c7LER\u0130M\u0130Z TARAFINDAN \u00d6\u011eREN\u0130LMES\u0130 B\u0130ZE DO\u011eAL GEL\u0130YOR&#8217;<\/strong><\/p>\n<p class=\"text\">\u0130lim Yayma Cemiyeti M\u00fctevelli Heyeti Ba\u015fkan\u0131 Bilal Erdo\u011fan, &#8220;Osmanl\u0131 T\u00fcrk\u00e7esi veya Osmanl\u0131ca okuman\u0131n gen\u00e7lerimiz taraf\u0131ndan \u00f6\u011frenilmesi hakikaten \u015fimdi bize bu kadar do\u011fal geliyor. Ama daha yak\u0131n zamanlarda, daha 10,15 sene \u00f6nce T\u00fcrkiye&#8217;de bunlar b\u00fcy\u00fck tabuydu. Birisi kalk\u0131p &#8216;eski harflerle yaz\u0131lan metinleri ben okuyam\u0131yorum, okumak istiyorum, bununla ilgili bir e\u011fitim alay\u0131m&#8217; dese, bu bir sorun te\u015fkil ediyordu. Bununla ilgili birileri hemen itirazlar\u0131n\u0131 seslendiriyorlard\u0131 ama \u015fimdi normalle\u015fti. Bu bizim kendi dilimiz, kendi metinlerimiz, kendi ge\u00e7mi\u015fimiz, kendi tarihimiz. Bizim \u00fclkemizde i\u015fte b\u0131rak\u0131n Osmanl\u0131 T\u00fcrk\u00e7esini; Arap\u00e7a mesela de\u011fil mi? Arap\u00e7a Fars\u00e7a \u00f6\u011frendi\u011finiz zaman, ayn\u0131 zamanda kelime hazineniz de g\u00fc\u00e7lenmi\u015f oluyor. Ama Osmanl\u0131 T\u00fcrk\u00e7esini \u00f6\u011frendi\u011finiz zaman, eski metinlere birazc\u0131k vukufiyet geli\u015ftirebildi\u011finiz zaman kelime hazinesi hem Arap\u00e7a&#8217;dan gelen kelimelerle hem Fars\u00e7a&#8217;dan kelimelerle birlikte ne yap\u0131yor? Birdenbire zenginle\u015fmi\u015f oluyor. Kelime hazinesi zengin olan bir \u00f6\u011frenci ondan sonra gidip yabanc\u0131 dilleri \u00f6\u011frenmeye \u00e7al\u0131\u015ft\u0131\u011f\u0131 zaman o dilleri de daha y\u00fcksek bir kelime hazinesiyle \u00f6\u011frenmi\u015f oluyor. Dolay\u0131s\u0131yla ben bu \u00e7al\u0131\u015fman\u0131n; bu bir kere gen\u00e7lerimizin kelime da\u011farc\u0131\u011f\u0131n\u0131n, hazinesinin g\u00fc\u00e7lenmesinde, ge\u00e7mi\u015fiyle olan ba\u011flar\u0131n\u0131n g\u00fc\u00e7lenmesinde \u00e7ok \u00f6nemli vazife ifa etti\u011fini d\u00fc\u015f\u00fcn\u00fcyorum&#8221; dedi.<\/p>\n<p><img decoding=\"async\" src=\"https:\/\/doguhabertv.com\/wp-content\/uploads\/2026\/02\/bilal-erdogan-osmanlica-ogrenmek-artik-tabu-degil-1.jpg?w=1200\" \/><\/p>\n<p><strong>&#8216;UMRE \u00d6D\u00dcL\u00dc \u0130K\u0130NC\u0130YLE \u00dc\u00c7\u00dcNC\u00dcY\u00dc DE DAH\u0130L EDECEK \u015eEK\u0130LDE GEN\u0130\u015eLET\u0130LD\u0130&#8217;<\/strong><\/p>\n<p class=\"text\">Bilal Erdo\u011fan programda yapt\u0131\u011f\u0131 konu\u015fmada \u015funlar\u0131 s\u00f6yledi:<\/p>\n<p>Bug\u00fcn Milli E\u011fitimimizin soru t\u00fcrlerinde yapt\u0131\u011f\u0131 g\u00fcncellemeler, gidi\u015fat art\u0131k okuyan \u00f6\u011frencinin her ders t\u00fcr\u00fcnde daha ba\u015far\u0131l\u0131 olmas\u0131n\u0131 sa\u011flayacak. Onun i\u00e7in \u00fcmit ediyorum ki gen\u00e7lerimiz hem daha fazla okusunlar hem daha fazla kelime da\u011farc\u0131\u011f\u0131na sahip olsunlar. Az kelimeyle kullan\u0131rsan\u0131z i\u015fletim sisteminiz geri; onu daha \u00e7ok kelimeyle kullan\u0131rsan\u0131z daha g\u00fc\u00e7l\u00fc bir i\u015fletim sistemiyle daha ak\u0131ll\u0131 olursunuz, daha \u00e7ok daha g\u00fc\u00e7l\u00fc kendinizi ifade eder, ba\u015fka insanlar\u0131 da daha iyi anlars\u0131n\u0131z.\u00dcmit ediyorum ki siyasi tarafkilliklere, ba\u011fnazl\u0131klara ba\u011fnaz kesim \u00e7\u00fcnk\u00fc asl\u0131nda bunu \u00f6\u011frenene ba\u011fnaz diyorlar ama ger\u00e7ek ba\u011fnazl\u0131\u011f\u0131 bunu diyenlerde g\u00f6rmek laz\u0131m. Dolay\u0131s\u0131yla bu t\u00fcr ba\u011fnazl\u0131klar\u0131 bir tarafa b\u0131rak\u0131p her t\u00fcrl\u00fc gen\u00e7lerimizin potansiyelini g\u00fc\u00e7lendirecek olan, her t\u00fcrl\u00fc kendi ge\u00e7mi\u015fimizde g\u00fc\u00e7l\u00fc k\u00f6klerimiz oldu\u011funu fark etmemize yol a\u00e7acak olan \u00e7al\u0131\u015fmay\u0131 desteklemek gerekti\u011fini d\u00fc\u015f\u00fcn\u00fcyorum. Bu b\u00f6ylelikle biz de b\u00fct\u00fcn geli\u015fmi\u015f medeniyetler, b\u00fct\u00fcn geli\u015fmi\u015f toplumlar gibi ge\u00e7mi\u015finden koparak de\u011fil; ge\u00e7mi\u015findeki b\u00fct\u00fcn zenginli\u011fi bilerek, kazanarak, sar\u0131larak gelece\u011fe, ayd\u0131nl\u0131k yar\u0131nlara y\u00fcr\u00fcyebiliriz. Hi\u00e7bir \u015fey olmasa bir gencin &#8216;Ben yapabilirim&#8217; deyip, &#8216;Ben kazanaca\u011f\u0131m, ben daha \u00f6ne \u00e7\u0131kaca\u011f\u0131m, daha iyi \u015feyler yapaca\u011f\u0131m&#8217; diyerek bir yar\u0131\u015fmaya kat\u0131lmas\u0131 ba\u015fl\u0131 ba\u015f\u0131na zaten takdiri hak ediyor. Burada birinciye aile yak\u0131n\u0131yla beraber Umre \u00f6d\u00fcl\u00fc verilecekmi\u015f. Onu da ikinciyle \u00fc\u00e7\u00fcnc\u00fcy\u00fc de dahil edecek \u015fekilde geni\u015fletildi\u011finin de m\u00fcjdesini veriyorum. Hay\u0131rl\u0131 u\u011furlu olsun<\/p>\n<p><img decoding=\"async\" src=\"https:\/\/doguhabertv.com\/wp-content\/uploads\/2026\/02\/bilal-erdogan-osmanlica-ogrenmek-artik-tabu-degil-2.jpg?w=1200\" \/><\/p>\n<p><strong>&#8216;500 B\u0130N \u00d6\u011eRENC\u0130M\u0130Z\u0130N MANEV\u0130 D\u00dcNYASINA I\u015eIK TUTTUK&#8217;<\/strong><\/p>\n<p class=\"text\">Gen\u00e7 Hayrat Ba\u015fkan\u0131 K\u00fcr\u015fat Karaca, &#8220;Bug\u00fcn burada finalini ger\u00e7ekle\u015ftirdi\u011fimiz bu proje sadece bir yar\u0131\u015fma de\u011fil; bir haf\u0131za in\u015fas\u0131, bir kimlik y\u00fcr\u00fcy\u00fc\u015f\u00fc ve bir medeniyet \u00e7a\u011fr\u0131s\u0131d\u0131r. Her y\u0131l yakla\u015f\u0131k 60 bin \u00f6\u011frencimizi yaz okullar\u0131m\u0131zda milli ve manevi de\u011ferlerimizle bulu\u015fturuyoruz. Her sene tertip etti\u011fimiz &#8216;Ayd\u0131nl\u0131k Yar\u0131nlara Kitap Okuma&#8217; Yar\u0131\u015fmam\u0131zda ge\u00e7ti\u011fimiz y\u0131l 368 bin \u00f6\u011frencimizi, bu y\u0131l ise iki hafta \u00f6nce \u00f6d\u00fcl t\u00f6reni yine bu salonda yap\u0131lm\u0131\u015ft\u0131, 500 bin \u00f6\u011frencimizin manevi d\u00fcnyas\u0131na \u0131\u015f\u0131k tuttuk&#8221; dedi.<\/p>\n<p><strong>&#8216;E\u011e\u0130T\u0130M\u0130 YALNIZCA B\u0130LG\u0130 AKTARIMI OLARAK DE\u011e\u0130L, SORUMLULUK \u015eUURU \u0130N\u015eA ETMEK OLARAK G\u00d6R\u00dcYORUZ&#8217;<\/strong><\/p>\n<p class=\"text\">Gen\u00e7 Hayrat Ba\u015fkan\u0131 K\u00fcr\u015fat Karaca, &#8220;Hayrat Vakf\u0131 olarak, Gen\u00e7 Hayrat olarak bizler \u015funa inan\u0131yoruz. Bu milletin yar\u0131nlar\u0131 ba\u015fka k\u00fclt\u00fcrlerin taklidiyle de\u011fil, kendi k\u00f6klerinden g\u00fc\u00e7 alan bir y\u00fcr\u00fcy\u00fc\u015fle in\u015fa edilecektir. Biz e\u011fitimi yaln\u0131zca bilgi aktar\u0131m\u0131 olarak de\u011fil; de\u011fer kazand\u0131rmak, istikamet vermek ve sorumluluk \u015fuuru in\u015fa etmek olarak g\u00f6r\u00fcyoruz. Osmanl\u0131ca kurslar\u0131m\u0131zla ecdatla ba\u011f\u0131, de\u011ferler e\u011fitimleriyle ahlak\u0131, kitap okuma yar\u0131\u015fmalar\u0131yla d\u00fc\u015f\u00fcnceyi, yaz okullar\u0131 ve kamplarla karakteri, Ramazan projeleriyle maneviyat\u0131 ve payla\u015fmay\u0131 ve esir kart \u00e7al\u0131\u015fmalar\u0131yla tarihe vefay\u0131 yeniden in\u015fa etmeye \u00e7al\u0131\u015f\u0131yoruz. Ortak gayemiz; kendi medeniyet de\u011ferleriyle bar\u0131\u015f\u0131k, \u00f6zg\u00fcvenli ve sorumluluk sahibi bir gen\u00e7liktir&#8221; dedi.<\/p>\n<p><img decoding=\"async\" src=\"https:\/\/doguhabertv.com\/wp-content\/uploads\/2026\/02\/bilal-erdogan-osmanlica-ogrenmek-artik-tabu-degil-3.jpg?w=1200\" \/><\/p>\n","protected":false},"excerpt":{"rendered":"<p>\u0130lim Yayma Cemiyeti M\u00fctevelli Heyeti Ba\u015fkan\u0131 Bilal Erdo\u011fan, \u201cK\u00fclt\u00fcrel Miras\u0131n \u0130zinde Osmanl\u0131 T\u00fcrk\u00e7esi Yar\u0131\u015fmas\u0131 Final Program\u0131\u201dnda yapt\u0131\u011f\u0131 konu\u015fmada Osmanl\u0131 T\u00fcrk\u00e7esi \u00f6\u011frenmenin ge\u00e7mi\u015fte tabu olarak g\u00f6r\u00fcld\u00fc\u011f\u00fcn\u00fc ancak bug\u00fcn bunun bir tabu olmad\u0131\u011f\u0131n\u0131 s\u00f6yledi.<\/p>\n","protected":false},"author":1,"featured_media":0,"comment_status":"open","ping_status":"closed","sticky":false,"template":"","format":"standard","meta":{"footnotes":""},"categories":[8],"tags":[],"class_list":["post-3416","post","type-post","status-publish","format-standard","hentry","category-gundem"],"_links":{"self":[{"href":"https:\/\/doguhabertv.com\/index.php?rest_route=\/wp\/v2\/posts\/3416","targetHints":{"allow":["GET"]}}],"collection":[{"href":"https:\/\/doguhabertv.com\/index.php?rest_route=\/wp\/v2\/posts"}],"about":[{"href":"https:\/\/doguhabertv.com\/index.php?rest_route=\/wp\/v2\/types\/post"}],"author":[{"embeddable":true,"href":"https:\/\/doguhabertv.com\/index.php?rest_route=\/wp\/v2\/users\/1"}],"replies":[{"embeddable":true,"href":"https:\/\/doguhabertv.com\/index.php?rest_route=%2Fwp%2Fv2%2Fcomments&post=3416"}],"version-history":[{"count":1,"href":"https:\/\/doguhabertv.com\/index.php?rest_route=\/wp\/v2\/posts\/3416\/revisions"}],"predecessor-version":[{"id":3417,"href":"https:\/\/doguhabertv.com\/index.php?rest_route=\/wp\/v2\/posts\/3416\/revisions\/3417"}],"wp:attachment":[{"href":"https:\/\/doguhabertv.com\/index.php?rest_route=%2Fwp%2Fv2%2Fmedia&parent=3416"}],"wp:term":[{"taxonomy":"category","embeddable":true,"href":"https:\/\/doguhabertv.com\/index.php?rest_route=%2Fwp%2Fv2%2Fcategories&post=3416"},{"taxonomy":"post_tag","embeddable":true,"href":"https:\/\/doguhabertv.com\/index.php?rest_route=%2Fwp%2Fv2%2Ftags&post=3416"}],"curies":[{"name":"wp","href":"https:\/\/api.w.org\/{rel}","templated":true}]}}