{"id":3413,"date":"2026-02-13T09:19:32","date_gmt":"2026-02-13T09:19:32","guid":{"rendered":"https:\/\/doguhabertv.com\/?p=3413"},"modified":"2026-02-13T09:19:33","modified_gmt":"2026-02-13T09:19:33","slug":"kocaeli-buyuksehir-belediye-meclisinde-kavga-cikti","status":"publish","type":"post","link":"https:\/\/doguhabertv.com\/?p=3413","title":{"rendered":"Kocaeli B\u00fcy\u00fck\u015fehir Belediye Meclisi&#8217;nde kavga \u00e7\u0131kt\u0131"},"content":{"rendered":"<p class=\"text\">Kocaeli B\u00fcy\u00fck\u015fehir Belediyesi \u015eubat ay\u0131 meclis toplant\u0131s\u0131,\u00a0162 g\u00fcndem maddesi g\u00f6r\u00fc\u015f\u00fclmek \u00fczere topland\u0131.\u00a0<\/p>\n<p class=\"text\">Kocaeli Kongre Merkezi&#8217;nde yap\u0131lan toplant\u0131da\u00a0s\u00f6z alan CHP&#8217;li meclis \u00fcyesi Ahmet Kad\u0131, Gebze&#8217;deki Cemevi projesinin ak\u0131betini sordu.<\/p>\n<p class=\"text\">Kad\u0131&#8217;n\u0131n, &#8220;Bu b\u00f6lgede ya\u015fayan t\u00fcm canlar ad\u0131na soruyorum; canlar cemevini bekliyor, ne zaman yap\u0131lacak?&#8221; sorusuna, AK Partili meclis \u00fcyesi Hasan Soba, &#8220;Say\u0131n meclis \u00fcyem, daha Derince&#8217;de yeni a\u00e7t\u0131k. Orada da planlarla ilgili sorun var. \u00d6yle bir tablo \u00e7izdin ki, kolay kolay da m\u00fcdahil olmam bu \u015feylere ama \u00e7ok haks\u0131zl\u0131k yap\u0131yorsun \u015fehrine&#8221; yan\u0131t\u0131n\u0131 verdi.<\/p>\n<p><strong>&#8220;ONUN DERD\u0130 KAOS \u00dcRETMEK&#8221; \u0130FADES\u0130 TARTI\u015eMAYI ALEVLEND\u0130RD\u0130<\/strong><\/p>\n<p class=\"text\">Zinnur B\u00fcy\u00fckg\u00f6z ise &#8220;Ben cevapland\u0131raca\u011f\u0131m, merak etme&#8221; dedi\u011fi s\u0131rada salondan da ses y\u00fckseldi. Tart\u0131\u015fmalar s\u00fcrerken, CHP\u2019li meclis \u00fcyesi Erkan Uygun&#8217;un s\u00f6z almadan konu\u015fmas\u0131 ve yerinden m\u00fcdahale etmesi \u00fczerine Ba\u015fkan Zinnur B\u00fcy\u00fckg\u00f6z, &#8220;Bak\u0131n sana s\u00f6z vermedim. Onun derdi zaten kaos \u00fcretmek. Adam yerine koymay\u0131n onu&#8221; dedi.<\/p>\n<p><strong>&#8220;S\u00d6Z\u00dcN\u00dcZ\u00dc GER\u0130 ALIN&#8221;<\/strong><\/p>\n<p class=\"text\">Bu s\u00f6zlere \u0130zmit Belediye Ba\u015fkan\u0131 Fatma Kaplan H\u00fcrriyet tepki g\u00f6stererek, &#8220;Say\u0131n ba\u015fkan, bu ne \u015fimdi? &#8216;Adam yerine koymamak&#8217; ne demek? S\u00f6z\u00fcn\u00fcz\u00fc geri al\u0131n&#8221; \u00e7a\u011fr\u0131s\u0131nda bulundu.<\/p>\n<p><strong>&#8220;BEN TERB\u0130YES\u0130Z DE\u011e\u0130L\u0130M&#8221;<\/strong><\/p>\n<p class=\"text\">Gerginlik t\u0131rman\u0131rken Erkan Uygun aya\u011fa kalkarak tepkisini s\u00fcrd\u00fcrd\u00fc.<\/p>\n<p class=\"text\">B\u00fcy\u00fckg\u00f6z ise Uygun&#8217;u yerine oturmas\u0131 konusunda uyararak, &#8220;Kaos \u00fcretmek i\u00e7in kalk\u0131yorsun. Yerine otur s\u00f6z\u00fcm\u00fc geri al\u0131r\u0131m. Oradan kalk\u0131yor, oraya geliyor. \u0130nsanlar\u0131n \u00fczerine y\u00fcr\u00fcyor. Bu ne? B\u00f6yle bir \u015fey olmaz. Oturdu\u011fu i\u00e7in s\u00f6z\u00fcm\u00fc geri ald\u0131m. Ka\u00e7 defa s\u00f6yleyece\u011fim, T\u00fcrk\u00e7e konu\u015fuyorum. &#8216;Oturursa s\u00f6z\u00fcm\u00fc geri alaca\u011f\u0131m&#8217; dedim ve ald\u0131m, kendisi ama\u00e7l\u0131 ayakta duruyor. Terbiyesiz de sensin, bunu 4&#8217;\u00fcnc\u00fc kez s\u00f6yl\u00fcyorsun. &#8216;Terbiyesiz&#8217; diyerek kalkt\u0131n, ben terbiyesiz de\u011filim&#8221; diye konu\u015ftu.<\/p>\n<p class=\"text\">Salonda kalabal\u0131klar\u0131n birbirine y\u00fcr\u00fcmesi \u00fczerine B\u00fcy\u00fckg\u00f6z, &#8220;Arkada\u015flar l\u00fctfen geri \u00e7ekilin&#8221; diyerek taraflar\u0131 sakinle\u015ftirmeye \u00e7al\u0131\u015ft\u0131.<\/p>\n<p><img decoding=\"async\" src=\"https:\/\/doguhabertv.com\/wp-content\/uploads\/2026\/02\/kocaeli-buyuksehir-belediye-meclisinde-kavga-cikti-0.jpg?w=1200\" \/><\/p>\n<p><strong>KAVGA SALON DI\u015eINA TA\u015eTI<\/strong><\/p>\n<p class=\"text\">Meclis salonunun d\u0131\u015f\u0131nda ise meclis \u00fcyeleri ve beraberindeki kalabal\u0131k koridorlarda birbirine girdi.<\/p>\n<p><strong>CHP&#8217;L\u0130 MECL\u0130S \u00dcYES\u0130NDEN K\u00dcF\u00dcR<\/strong><\/p>\n<p class=\"text\">Olay an\u0131nda kaydedilen g\u00f6r\u00fcnt\u00fclerde, Kar\u015f\u0131l\u0131kl\u0131 sert ifadelerin kullan\u0131ld\u0131\u011f\u0131 ve meclis \u00fcyelerinin birbirlerinin \u00fczerine y\u00fcr\u00fcd\u00fc\u011f\u00fc g\u00f6r\u00fcl\u00fcrken meclis salonunun d\u0131\u015f\u0131na ta\u015fan s\u00f6zl\u00fc tart\u0131\u015fma Erkan Uygun\u2019un \u201cO.\u00c7.\u201d, \u201cA.K.\u201d, \u201c\u0130..E\u201d diye ba\u011f\u0131rd\u0131\u011f\u0131 duyuldu.<\/p>\n<p class=\"text\">\u00c7evresindekilerin ise Uygun&#8217;u a\u011fz\u0131n\u0131 kapatarak sakinle\u015ftirmeye \u00e7abalad\u0131\u011f\u0131 anlar da yer al\u0131rken, kad\u0131nlar arbedenin ortas\u0131nda kald\u0131.<\/p>\n<p class=\"text\">\u00c7evredeki di\u011fer meclis \u00fcyeleri ve g\u00fcvenlik g\u00f6revlileri, k\u00fcf\u00fcrlerin ve yumrukla\u015fman\u0131n ya\u015fand\u0131\u011f\u0131 kavgay\u0131 ay\u0131rmak i\u00e7in dakikalarca u\u011fra\u015ft\u0131.<\/p>\n<p><img decoding=\"async\" src=\"https:\/\/doguhabertv.com\/wp-content\/uploads\/2026\/02\/kocaeli-buyuksehir-belediye-meclisinde-kavga-cikti-1.jpg?w=1200\" \/><\/p>\n","protected":false},"excerpt":{"rendered":"<p>Kocaeli B\u00fcy\u00fck\u015fehir Belediyesi \u015eubat ay\u0131 meclis toplant\u0131s\u0131, Gebze\u2019de yap\u0131lmas\u0131 planlanan <\/p>\n","protected":false},"author":1,"featured_media":0,"comment_status":"open","ping_status":"closed","sticky":false,"template":"","format":"standard","meta":{"footnotes":""},"categories":[8],"tags":[],"class_list":["post-3413","post","type-post","status-publish","format-standard","hentry","category-gundem"],"_links":{"self":[{"href":"https:\/\/doguhabertv.com\/index.php?rest_route=\/wp\/v2\/posts\/3413","targetHints":{"allow":["GET"]}}],"collection":[{"href":"https:\/\/doguhabertv.com\/index.php?rest_route=\/wp\/v2\/posts"}],"about":[{"href":"https:\/\/doguhabertv.com\/index.php?rest_route=\/wp\/v2\/types\/post"}],"author":[{"embeddable":true,"href":"https:\/\/doguhabertv.com\/index.php?rest_route=\/wp\/v2\/users\/1"}],"replies":[{"embeddable":true,"href":"https:\/\/doguhabertv.com\/index.php?rest_route=%2Fwp%2Fv2%2Fcomments&post=3413"}],"version-history":[{"count":1,"href":"https:\/\/doguhabertv.com\/index.php?rest_route=\/wp\/v2\/posts\/3413\/revisions"}],"predecessor-version":[{"id":3414,"href":"https:\/\/doguhabertv.com\/index.php?rest_route=\/wp\/v2\/posts\/3413\/revisions\/3414"}],"wp:attachment":[{"href":"https:\/\/doguhabertv.com\/index.php?rest_route=%2Fwp%2Fv2%2Fmedia&parent=3413"}],"wp:term":[{"taxonomy":"category","embeddable":true,"href":"https:\/\/doguhabertv.com\/index.php?rest_route=%2Fwp%2Fv2%2Fcategories&post=3413"},{"taxonomy":"post_tag","embeddable":true,"href":"https:\/\/doguhabertv.com\/index.php?rest_route=%2Fwp%2Fv2%2Ftags&post=3413"}],"curies":[{"name":"wp","href":"https:\/\/api.w.org\/{rel}","templated":true}]}}