{"id":3401,"date":"2026-02-13T09:19:24","date_gmt":"2026-02-13T09:19:24","guid":{"rendered":"https:\/\/doguhabertv.com\/?p=3401"},"modified":"2026-02-13T09:19:25","modified_gmt":"2026-02-13T09:19:25","slug":"ibbden-toplu-ulasima-yuzde-20-zam","status":"publish","type":"post","link":"https:\/\/doguhabertv.com\/?p=3401","title":{"rendered":"\u0130BB&#8217;den toplu ula\u015f\u0131ma y\u00fczde 20 zam"},"content":{"rendered":"<p class=\"text\">Ula\u015f\u0131mda b\u00fcy\u00fck sorunlar\u0131n ya\u015fand\u0131\u011f\u0131 \u0130stanbul&#8217;da toplu ula\u015f\u0131m y\u00fczde 20 zam karar\u0131 netlik kazand\u0131.<\/p>\n<p class=\"text\">Tarife Komisyonu ile Ula\u015f\u0131m ve Trafik Komisyonu, \u0130BB Meclisi toplant\u0131s\u0131nda komisyonlara sevk edilen kentteki toplu ula\u015f\u0131m ara\u00e7lar\u0131 ile taksi ve okul servislerine zam \u00f6ng\u00f6ren tekliflerle ilgili \u00e7al\u0131\u015fmalar\u0131n\u0131 tamamlad\u0131.<\/p>\n<p><strong>ZAM TEKL\u0130F ED\u0130LD\u0130<\/strong><\/p>\n<p class=\"text\">Komisyonlar taraf\u0131ndan haz\u0131rlanan ve bug\u00fcnk\u00fc \u0130BB Meclisi toplant\u0131s\u0131ndaki g\u00fcndemde yer alan teklifte, kentteki otob\u00fcs, metro, metrob\u00fcs, minib\u00fcs ve vapur gibi toplu ula\u015f\u0131m ara\u00e7lar\u0131 ile taksi ve okul servislerine y\u00fczde 20 zam yap\u0131lmas\u0131 talep edildi.<\/p>\n<p><img decoding=\"async\" src=\"https:\/\/doguhabertv.com\/wp-content\/uploads\/2026\/02\/ibbden-toplu-ulasima-yuzde-20-zam-0.jpg?w=1200\" \/><\/p>\n<p><strong>TEKL\u0130F KABUL ED\u0130LD\u0130<\/strong><\/p>\n<p class=\"text\">Mecliste, kentteki otob\u00fcs, metro, metrob\u00fcs, minib\u00fcs ve vapur gibi toplu ula\u015f\u0131m ara\u00e7lar\u0131 ile taksi ve okul servislerine y\u00fczde 20 zam yap\u0131lmas\u0131n\u0131 i\u00e7eren &#8220;Toplu Ula\u015f\u0131m \u00dccret Tarifesi D\u00fczenlemesi&#8221; ba\u015fl\u0131kl\u0131 g\u00fcndem maddesi de g\u00f6r\u00fc\u015f\u00fcld\u00fc.<\/p>\n<p class=\"text\">Kentteki toplu ula\u015f\u0131m ile taksi ve okul servislerine y\u00fczde 20 zam yap\u0131lmas\u0131n\u0131 i\u00e7eren &#8220;Toplu Ula\u015f\u0131m \u00dccret Tarifesi D\u00fczenlemesi&#8221; ba\u015fl\u0131kl\u0131 g\u00fcndem maddesi AK Parti&#8217;nin &#8220;hay\u0131r&#8221; oyuna kar\u015f\u0131l\u0131k CHP grubunun oylar\u0131yla ve oy \u00e7oklu\u011fuyla kabul edildi.<\/p>\n<p class=\"text\">Kentteki toplu ula\u015f\u0131m, taksi ve okul servislerine 15 Ocak 2025&#8217;te y\u00fczde 35, 12 Eyl\u00fcl 2025&#8217;te ise y\u00fczde 30 zam yap\u0131lm\u0131\u015ft\u0131.<\/p>\n<p><strong>YEN\u0130 TEKL\u0130FE G\u00d6RE F\u0130YAT TAR\u0130FELER\u0130 NASIL OLACAK?<\/strong><\/p>\n<p class=\"text\">Bu kapsamda, elektronik tam biletin 35 liradan y\u00fczde 20 zamla 42 liraya, &#8220;Mavi Kart&#8221; ayl\u0131k abonman \u00fccretinin 2 bin 748 liradan 3 bin 298 liraya \u00e7\u0131kar\u0131ld\u0131.<\/p>\n<p class=\"text\">Metrob\u00fcste 1 durakl\u0131k yolculuk \u00fccreti 25,06 liradan 30,07 liraya, 34-43 ve \u00fcst\u00fc durakl\u0131k yolculuk \u00fccreti 51,96 liradan 62,35 liraya \u00e7\u0131kar\u0131lmas\u0131 teklifte yer ald\u0131. Marmaray&#8217;da 1-7 istasyon aras\u0131 27 liradan 34 liraya, 36-43 istasyon aras\u0131 ise 59,76 liradan 74,70 liraya y\u00fckseltildi.<\/p>\n<p class=\"text\">Deniz yolu ta\u015f\u0131mac\u0131l\u0131\u011f\u0131nda \u00dcsk\u00fcdar-Emin\u00f6n\u00fc seferinin \u00fccretinin 44,33 liradan 53,20 liraya, Kad\u0131k\u00f6y-Emin\u00f6n\u00fc ile Kad\u0131k\u00f6y-Be\u015fikta\u015f seferlerinin \u00fccretinin 49,40 liradan 59,28 liraya, Bostanc\u0131-Adalar seferi \u00fccretinin 130,22 liradan 156,26 liraya \u00e7\u0131kar\u0131ld\u0131.<\/p>\n<p class=\"text\">Taksimetre a\u00e7\u0131l\u0131\u015f \u00fccretinin 54,50 liradan 65,40 liraya, mesafe \u00fccretinin kilometre ba\u015f\u0131na 36,30 liradan 43,56 liraya, zaman tarifesi \u00fccretinin saatte 453,71 liradan 544,45 liraya, k\u0131sa mesafe \u00fccretinin 175 liradan 210 liraya y\u00fckseltildi.<\/p>\n<p class=\"text\">Minib\u00fcslerde &#8220;indi-bindi&#8221; diye tarif edilen k\u0131sa mesafe \u00fccretinin 4 kilometreye kadar 32,50 liradan 39 liraya, 4 ila 7 kilometre aras\u0131nda 34 liradan 41 liraya, 7 ila 11 kilometre aras\u0131nda 35 liradan 42 liraya, 11 ila 15 kilometre aras\u0131nda 36 liradan 43 liraya, 15 ila 20 kilometre aras\u0131nda 39 liradan 47 liraya, \u00f6\u011frenci \u00fccretinin ise 21 liradan 25 liraya y\u00fckseltildi.<\/p>\n<p class=\"text\">Okul servis \u00fccretlerinde 0 ila 1 kilometre aras\u0131 mesafe \u00fccretinin 3 bin 376 liradan 4 bin 51 liraya, personel servis \u00fccretlerinin ise 1757 liradan 2284,54 liraya y\u00fckseltilmesi talebi s\u00f6z konusu g\u00fcndem maddesinde yer al\u0131rken yeni tarifenin 16 \u015eubat&#8217;tan itibaren ge\u00e7erli olaca\u011f\u0131 kaydedildi.<\/p>\n<p><img decoding=\"async\" src=\"https:\/\/doguhabertv.com\/wp-content\/uploads\/2026\/02\/ibbden-toplu-ulasima-yuzde-20-zam-1.jpg?w=1200\" \/><\/p>\n<p><strong>\u0130STANBUL&#8217;DA \u0130ETT SORUNLARI<\/strong><\/p>\n<p class=\"text\">S\u00f6z konusu zamlar\u0131n yap\u0131ld\u0131\u011f\u0131 \u0130ETT&#8217;ler y\u0131llard\u0131r \u00e7e\u015fitli sorunlarla g\u00fcndemdeki yerini koruyor.\u00a0<\/p>\n<p class=\"text\">Megakentte milyonlarca insana hizmet eden otob\u00fcsler; yang\u0131n, ar\u0131za ve ihmal zincirleri ile dolu kazalara neden olurken, yap\u0131lan zamlar ise tart\u0131\u015fma yaratt\u0131.\u00a0<\/p>\n<p> <span class=\"thumb\"><br \/>\n <img loading=\"lazy\" decoding=\"async\" src=\"https:\/\/imgcdn.ensonhaber.com\/media\/esh\/2025\/12\/04\/1492106_1e9f33.jpg?w=320&#038;h=180\" width=\"240\" height=\"134\" alt=\"\u0130stanbul Arnavutk\u00f6y'de \u0130ETT otob\u00fcs\u00fc k\u00fcle d\u00f6nd\u00fc\"><br \/>\n <\/span><br \/>\n <span class=\"text\">\u0130stanbul Arnavutk\u00f6y&#8217;de \u0130ETT otob\u00fcs\u00fc k\u00fcle d\u00f6nd\u00fc<\/span><\/p>\n<p> <span class=\"thumb\"><br \/>\n <img loading=\"lazy\" decoding=\"async\" src=\"https:\/\/imgcdn.ensonhaber.com\/media\/esh\/2025\/09\/13\/1470303_0797d7.jpg?w=320&#038;h=180\" width=\"240\" height=\"134\" alt=\"\u0130stanbul'da \u0130ETT otob\u00fcs\u00fc yang\u0131n\u0131\"><br \/>\n <\/span><br \/>\n <span class=\"text\">\u0130stanbul&#8217;da \u0130ETT otob\u00fcs\u00fc yang\u0131n\u0131<\/span><\/p>\n","protected":false},"excerpt":{"rendered":"<p>\u0130BB Meclisi&#8217;nde \u0130stanbul&#8217;da toplu ta\u015f\u0131maya y\u00fczde 20 zam oy \u00e7oklu\u011fu ile kabul edildi. Marmaray ve banliy\u00f6 hatlar\u0131nda ise mevcut yolcu \u00fccretlerine y\u00fczde 25,49 oran\u0131nda zam yap\u0131ld\u0131.<\/p>\n","protected":false},"author":1,"featured_media":0,"comment_status":"open","ping_status":"closed","sticky":false,"template":"","format":"standard","meta":{"footnotes":""},"categories":[8],"tags":[],"class_list":["post-3401","post","type-post","status-publish","format-standard","hentry","category-gundem"],"_links":{"self":[{"href":"https:\/\/doguhabertv.com\/index.php?rest_route=\/wp\/v2\/posts\/3401","targetHints":{"allow":["GET"]}}],"collection":[{"href":"https:\/\/doguhabertv.com\/index.php?rest_route=\/wp\/v2\/posts"}],"about":[{"href":"https:\/\/doguhabertv.com\/index.php?rest_route=\/wp\/v2\/types\/post"}],"author":[{"embeddable":true,"href":"https:\/\/doguhabertv.com\/index.php?rest_route=\/wp\/v2\/users\/1"}],"replies":[{"embeddable":true,"href":"https:\/\/doguhabertv.com\/index.php?rest_route=%2Fwp%2Fv2%2Fcomments&post=3401"}],"version-history":[{"count":1,"href":"https:\/\/doguhabertv.com\/index.php?rest_route=\/wp\/v2\/posts\/3401\/revisions"}],"predecessor-version":[{"id":3402,"href":"https:\/\/doguhabertv.com\/index.php?rest_route=\/wp\/v2\/posts\/3401\/revisions\/3402"}],"wp:attachment":[{"href":"https:\/\/doguhabertv.com\/index.php?rest_route=%2Fwp%2Fv2%2Fmedia&parent=3401"}],"wp:term":[{"taxonomy":"category","embeddable":true,"href":"https:\/\/doguhabertv.com\/index.php?rest_route=%2Fwp%2Fv2%2Fcategories&post=3401"},{"taxonomy":"post_tag","embeddable":true,"href":"https:\/\/doguhabertv.com\/index.php?rest_route=%2Fwp%2Fv2%2Ftags&post=3401"}],"curies":[{"name":"wp","href":"https:\/\/api.w.org\/{rel}","templated":true}]}}