{"id":3347,"date":"2025-07-18T08:05:46","date_gmt":"2025-07-18T08:05:46","guid":{"rendered":"https:\/\/doguhabertv.com\/?p=3347"},"modified":"2025-07-18T08:05:46","modified_gmt":"2025-07-18T08:05:46","slug":"adiyamanda-motosiklet-kazasi-1-yarali","status":"publish","type":"post","link":"https:\/\/doguhabertv.com\/?p=3347","title":{"rendered":"Ad\u0131yaman&#8217;da Motosiklet Kazas\u0131: 1 Yaral\u0131"},"content":{"rendered":"<h2 id=\"spot\" class=\"mt10 haber_ozet\">Ad\u0131yaman&#8217;da direksiyon hakimiyetini kaybeden s\u00fcr\u00fcc\u00fcn\u00fcn motosikleti devrildi, yaral\u0131 hastaneye kald\u0131r\u0131ld\u0131.<\/h2>\n<div class=\"news-detail-container\">\n<div class=\"left-block\">\n<div class=\"wrapper detay-v3_3 haber_metni\">\n<p>Ad\u0131yaman&#8217;da, s\u00fcr\u00fcc\u00fcs\u00fcn\u00fcn direksiyon hakimiyetini kaybetti\u011fi motosikletin devrilmesi sonucu 1 ki\u015fi yaraland\u0131.<\/p>\n<p>Edinilen bilgilere g\u00f6re, Ad\u0131yaman merkez Valilik Kav\u015fa\u011f\u0131&#8217;nda Do\u011fan T. idaresindeki 02 ACL 632 plakal\u0131 motosiklet, s\u00fcr\u00fcc\u00fcs\u00fcn\u00fcn direksiyon hakimiyetini kaybetmesi sonucu devrildi. Meydana gelen kazada motosiklet s\u00fcr\u00fcc\u00fcs\u00fc Do\u011fan T. yaraland\u0131. Yaral\u0131, olay yerine gelen sa\u011fl\u0131k ekipleri ince yap\u0131lan ilk m\u00fcdahalenin ard\u0131ndan\u00a0Ad\u0131yaman E\u011fitim ve Ara\u015ft\u0131rma Hastanesi&#8217;ne kald\u0131r\u0131ld\u0131. Hastanede tedavi alt\u0131na al\u0131nan yaralanan sa\u011fl\u0131k durumunun iyi oldu\u011fu \u00f6\u011frenildi.<\/p>\n<p>Kazayla ilgili soru\u015fturma ba\u015flat\u0131ld\u0131. &#8211; ADIYAMAN<\/p>\n<\/div>\n<\/div>\n<\/div>\n","protected":false},"excerpt":{"rendered":"<p>Ad\u0131yaman&#8217;da direksiyon hakimiyetini kaybeden s\u00fcr\u00fcc\u00fcn\u00fcn motosikleti devrildi, yaral\u0131 hastaneye kald\u0131r\u0131ld\u0131. Ad\u0131yaman&#8217;da, s\u00fcr\u00fcc\u00fcs\u00fcn\u00fcn direksiyon hakimiyetini kaybetti\u011fi motosikletin devrilmesi sonucu 1 ki\u015fi yaraland\u0131. Edinilen bilgilere g\u00f6re, Ad\u0131yaman merkez Valilik Kav\u015fa\u011f\u0131&#8217;nda Do\u011fan T. idaresindeki 02 ACL 632 plakal\u0131 motosiklet, s\u00fcr\u00fcc\u00fcs\u00fcn\u00fcn direksiyon hakimiyetini kaybetmesi sonucu devrildi. Meydana gelen kazada motosiklet s\u00fcr\u00fcc\u00fcs\u00fc Do\u011fan T. yaraland\u0131. Yaral\u0131, olay yerine gelen sa\u011fl\u0131k [&hellip;]<\/p>\n","protected":false},"author":1,"featured_media":3348,"comment_status":"open","ping_status":"closed","sticky":false,"template":"","format":"standard","meta":{"footnotes":""},"categories":[8,2300],"tags":[2314,829,1135,2486,1737,2439],"class_list":["post-3347","post","type-post","status-publish","format-standard","has-post-thumbnail","hentry","category-gundem","category-haber","tag-ulasim","tag-guvenlik","tag-kaza","tag-motosiklet","tag-saglik","tag-yerel-haberler"],"_links":{"self":[{"href":"https:\/\/doguhabertv.com\/index.php?rest_route=\/wp\/v2\/posts\/3347","targetHints":{"allow":["GET"]}}],"collection":[{"href":"https:\/\/doguhabertv.com\/index.php?rest_route=\/wp\/v2\/posts"}],"about":[{"href":"https:\/\/doguhabertv.com\/index.php?rest_route=\/wp\/v2\/types\/post"}],"author":[{"embeddable":true,"href":"https:\/\/doguhabertv.com\/index.php?rest_route=\/wp\/v2\/users\/1"}],"replies":[{"embeddable":true,"href":"https:\/\/doguhabertv.com\/index.php?rest_route=%2Fwp%2Fv2%2Fcomments&post=3347"}],"version-history":[{"count":1,"href":"https:\/\/doguhabertv.com\/index.php?rest_route=\/wp\/v2\/posts\/3347\/revisions"}],"predecessor-version":[{"id":3349,"href":"https:\/\/doguhabertv.com\/index.php?rest_route=\/wp\/v2\/posts\/3347\/revisions\/3349"}],"wp:featuredmedia":[{"embeddable":true,"href":"https:\/\/doguhabertv.com\/index.php?rest_route=\/wp\/v2\/media\/3348"}],"wp:attachment":[{"href":"https:\/\/doguhabertv.com\/index.php?rest_route=%2Fwp%2Fv2%2Fmedia&parent=3347"}],"wp:term":[{"taxonomy":"category","embeddable":true,"href":"https:\/\/doguhabertv.com\/index.php?rest_route=%2Fwp%2Fv2%2Fcategories&post=3347"},{"taxonomy":"post_tag","embeddable":true,"href":"https:\/\/doguhabertv.com\/index.php?rest_route=%2Fwp%2Fv2%2Ftags&post=3347"}],"curies":[{"name":"wp","href":"https:\/\/api.w.org\/{rel}","templated":true}]}}