{"id":3329,"date":"2025-07-15T07:58:09","date_gmt":"2025-07-15T07:58:09","guid":{"rendered":"https:\/\/doguhabertv.com\/?p=3329"},"modified":"2025-07-15T07:58:09","modified_gmt":"2025-07-15T07:58:09","slug":"15-temmuz-sehidinin-babasi-15-temmuz-gelince-canimiz-cigerimiz-yaniyor","status":"publish","type":"post","link":"https:\/\/doguhabertv.com\/?p=3329","title":{"rendered":"15 Temmuz \u015fehidinin babas\u0131: &#8220;15 Temmuz gelince can\u0131m\u0131z ci\u011ferimiz yan\u0131yor&#8221;"},"content":{"rendered":"<h2 id=\"spot\" class=\"mt10 haber_ozet\">FET\u00d6\/PDY&#8217;nin 15 Temmuz hain darbe giri\u015fiminde \u015fehit d\u00fc\u015fen \u00d6zel Harekat Polisi Eyy\u00fcp O\u011fuz&#8217;un babas\u0131 Tevfik O\u011fuz, &#8220;Halk kar\u015f\u0131 \u00e7\u0131kt\u0131 ve Cumhurba\u015fkan\u0131m\u0131za g\u00fcvendi.<\/h2>\n<div class=\"news-detail-container\">\n<div class=\"left-block\">\n<div class=\"wrapper detay-v3_3 haber_metni\">\n<p>FET\u00d6\/PDY&#8217;nin\u00a015 Temmuz\u00a0hain darbe giri\u015fiminde \u015fehit d\u00fc\u015fen \u00d6zel Harekat Polisi Eyy\u00fcp O\u011fuz&#8217;un babas\u0131 Tevfik O\u011fuz, &#8220;Halk kar\u015f\u0131 \u00e7\u0131kt\u0131 ve Cumhurba\u015fkan\u0131m\u0131za g\u00fcvendi. Allah korudu ve cumhurba\u015fkan\u0131m\u0131za bir \u015fey olmad\u0131. 15 Temmuz gelince can\u0131m\u0131z ci\u011ferimiz yan\u0131yor&#8221; dedi.<\/p>\n<p>Fetullah\u00e7\u0131\u00a0Ter\u00f6r\u00a0\u00d6rg\u00fct\u00fc\/Paralel Devlet Yap\u0131lanmas\u0131&#8217;n\u0131n (FET\u00d6\/PDY) 15 Temmuz&#8217;daki hain darbe giri\u015fiminin \u00fczerinden 9 y\u0131l ge\u00e7ti. Hain darbe giri\u015fiminde\u00a0Ankara&#8217;n\u0131n\u00a0G\u00f6lba\u015f\u0131\u00a0il\u00e7esindeki \u00d6zel Harekat Daire Ba\u015fkanl\u0131\u011f\u0131na yap\u0131lan sald\u0131r\u0131da Elaz\u0131\u011fl\u0131 \u00d6zel Harekat Polisi Eyy\u00fcp O\u011fuz&#8217;da \u015fehit d\u00fc\u015ft\u00fc. Babas\u0131 Tevfik O\u011fuz (71), o\u011flunun \u015fehadet mertebesine ula\u015fmas\u0131n\u0131n y\u0131l d\u00f6n\u00fcm\u00fcnde \u0130HA muhabirine a\u00e7\u0131klamalarda bulundu.<\/p>\n<p>O\u011flunu hi\u00e7bir zaman unutmad\u0131\u011f\u0131n\u0131 dile getiren Tevfik O\u011fuz, &#8220;15 Temmuz&#8217;da cumhurba\u015fkan\u0131m\u0131z\u0131n sa\u011f kurtuldu\u011fu i\u00e7in \u00e7ok sevindim. E\u011fer cumhurba\u015fkan\u0131m\u0131z\u0131n ba\u015f\u0131na bir i\u015f gelseydi, 15 Temmuz ger\u00e7ekle\u015fmi\u015f olacakt\u0131. T\u00fcrk halk\u0131 dinine ba\u011fl\u0131 bir halk, bu da hoca ve din adam\u0131 diye ge\u00e7iniyordu. Halk kar\u015f\u0131 \u00e7\u0131kt\u0131 ve cumhurba\u015fkan\u0131m\u0131za g\u00fcvendi. Allah korudu ve cumhurba\u015fkan\u0131m\u0131za bir \u015fey olmad\u0131. Netice hay\u0131rl\u0131 sonu\u00e7land\u0131. Birlik oldu\u011fumuz s\u00fcrece bizi b\u00f6lemeyecekler. Bu bar\u0131\u015f anla\u015fmas\u0131yla ter\u00f6r olaylar\u0131 da biterse\u00a0T\u00fcrkiye&#8217;ni \u00f6n\u00fc al\u0131nmaz. Silah b\u0131rakma ile memleketimize huzur gelir. Buna kar\u015f\u0131 \u00e7\u0131kmak iyi de\u011fil. Ben iyi buluyorum ve in\u015fallah da iyi olacak. Her zaman i\u00e7in ben bar\u0131\u015ftan yanay\u0131m. \u00c7ocuklar\u0131m\u0131z \u015fehit oldu fakat bu \u00fclke i\u00e7in oldular. Bu \u00fclkeye bar\u0131\u015f gelirse daha iyi ve g\u00fczel olacak&#8221; diye konu\u015ftu.<\/p>\n<p>&#8220;15 Temmuz gelince can\u0131m\u0131z ci\u011ferimiz yan\u0131yor&#8221;<\/p>\n<p>15 Temmuz ak\u015fam\u0131 o\u011flunu arad\u0131\u011f\u0131n\u0131 ifade eden O\u011fuz, &#8220;Cevaplad\u0131 fakat telefon an\u0131nda kesildi. 15 dakika sonra tekrar arad\u0131m bu sefer telefona da cevap vermedi. Saat 23.30 gibiydi. Cevap vermeyince i\u00e7ime de do\u011fdu. Ben bilet almak i\u00e7in \u00e7ar\u015f\u0131ya indim ama havaalanlar\u0131 kapal\u0131yd\u0131, bilet vermediler. Geri eve geldim. Sabah, polisler ve akrabalar gelmi\u015f toplanm\u0131\u015flar.\u00a0Ey\u00fcp&#8217;\u00fcn o zaman \u015fehit oldu\u011fu haberini ald\u0131m. Ey\u00fcp&#8217;\u00fc hi\u00e7bir zaman unutmuyoruz, unutmayaca\u011f\u0131z da. Bu olay unutulursa sonu\u00e7 iyi olmaz. 15 Temmuz gelince can\u0131m\u0131z ci\u011ferimiz yan\u0131yor&#8221; \u015feklinde konu\u015ftu.<\/p>\n<p>&#8220;Ya o tarafta olsa ne yapard\u0131k, \u015fimdi gurur duyuyoruz&#8221;<\/p>\n<p>FET\u00d6&#8217;n\u00fcn o\u011fluna yakla\u015fmaya \u00e7al\u0131\u015ft\u0131\u011f\u0131n\u0131 dile getiren baba O\u011fuz, &#8220;Ey\u00fcp&#8217;e sen ba\u015far\u0131l\u0131s\u0131n, sen bize tabi ol, seni komiser ve m\u00fcd\u00fcr yapak demi\u015fler. O\u011flum ise &#8216;Ben ba\u015far\u0131l\u0131y\u0131m ama \u015ferefsiz de\u011filim&#8217; diyor. Ondan sonra kendisinden uzakla\u015f\u0131yorlar. Allah&#8217;a kurban olay\u0131m ya o tarafta olsa ne yapard\u0131k. \u015eimdi gurur duyuyoruz. O elba\u015f\u0131 z\u0131nd\u0131k \u00f6ld\u00fc diyoruz ama o geberdi. O, hayvandan da a\u015fa\u011f\u0131. Ona sorulacak. 250 \u015fehidin hesab\u0131 bundan sorulacak&#8221; dedi. &#8211; ELAZI\u011e<\/p>\n<\/div>\n<\/div>\n<\/div>\n","protected":false},"excerpt":{"rendered":"<p>FET\u00d6\/PDY&#8217;nin 15 Temmuz hain darbe giri\u015fiminde \u015fehit d\u00fc\u015fen \u00d6zel Harekat Polisi Eyy\u00fcp O\u011fuz&#8217;un babas\u0131 Tevfik O\u011fuz, &#8220;Halk kar\u015f\u0131 \u00e7\u0131kt\u0131 ve Cumhurba\u015fkan\u0131m\u0131za g\u00fcvendi. FET\u00d6\/PDY&#8217;nin\u00a015 Temmuz\u00a0hain darbe giri\u015fiminde \u015fehit d\u00fc\u015fen \u00d6zel Harekat Polisi Eyy\u00fcp O\u011fuz&#8217;un babas\u0131 Tevfik O\u011fuz, &#8220;Halk kar\u015f\u0131 \u00e7\u0131kt\u0131 ve Cumhurba\u015fkan\u0131m\u0131za g\u00fcvendi. Allah korudu ve cumhurba\u015fkan\u0131m\u0131za bir \u015fey olmad\u0131. 15 Temmuz gelince can\u0131m\u0131z ci\u011ferimiz yan\u0131yor&#8221; [&hellip;]<\/p>\n","protected":false},"author":1,"featured_media":3330,"comment_status":"open","ping_status":"closed","sticky":false,"template":"","format":"standard","meta":{"footnotes":""},"categories":[8,2300],"tags":[2557,204],"class_list":["post-3329","post","type-post","status-publish","format-standard","has-post-thumbnail","hentry","category-gundem","category-haber","tag-15-temmuz","tag-baba"],"_links":{"self":[{"href":"https:\/\/doguhabertv.com\/index.php?rest_route=\/wp\/v2\/posts\/3329","targetHints":{"allow":["GET"]}}],"collection":[{"href":"https:\/\/doguhabertv.com\/index.php?rest_route=\/wp\/v2\/posts"}],"about":[{"href":"https:\/\/doguhabertv.com\/index.php?rest_route=\/wp\/v2\/types\/post"}],"author":[{"embeddable":true,"href":"https:\/\/doguhabertv.com\/index.php?rest_route=\/wp\/v2\/users\/1"}],"replies":[{"embeddable":true,"href":"https:\/\/doguhabertv.com\/index.php?rest_route=%2Fwp%2Fv2%2Fcomments&post=3329"}],"version-history":[{"count":1,"href":"https:\/\/doguhabertv.com\/index.php?rest_route=\/wp\/v2\/posts\/3329\/revisions"}],"predecessor-version":[{"id":3331,"href":"https:\/\/doguhabertv.com\/index.php?rest_route=\/wp\/v2\/posts\/3329\/revisions\/3331"}],"wp:featuredmedia":[{"embeddable":true,"href":"https:\/\/doguhabertv.com\/index.php?rest_route=\/wp\/v2\/media\/3330"}],"wp:attachment":[{"href":"https:\/\/doguhabertv.com\/index.php?rest_route=%2Fwp%2Fv2%2Fmedia&parent=3329"}],"wp:term":[{"taxonomy":"category","embeddable":true,"href":"https:\/\/doguhabertv.com\/index.php?rest_route=%2Fwp%2Fv2%2Fcategories&post=3329"},{"taxonomy":"post_tag","embeddable":true,"href":"https:\/\/doguhabertv.com\/index.php?rest_route=%2Fwp%2Fv2%2Ftags&post=3329"}],"curies":[{"name":"wp","href":"https:\/\/api.w.org\/{rel}","templated":true}]}}