{"id":3306,"date":"2025-07-14T08:05:20","date_gmt":"2025-07-14T08:05:20","guid":{"rendered":"https:\/\/doguhabertv.com\/?p=3306"},"modified":"2025-07-14T08:05:20","modified_gmt":"2025-07-14T08:05:20","slug":"kardes-katilinden-kan-donduran-itiraf-can-cekismesin-diye-basina-2-el-ates-etmis","status":"publish","type":"post","link":"https:\/\/doguhabertv.com\/?p=3306","title":{"rendered":"Karde\u015f katilinden kan donduran itiraf! Can \u00e7eki\u015fmesin diye ba\u015f\u0131na 2 el ate\u015f etmi\u015f"},"content":{"rendered":"<h2 id=\"spot\" class=\"mt10 haber_ozet\">Erzurum&#8217;da tart\u0131\u015ft\u0131\u011f\u0131 karde\u015fi Do\u011fuhan Yavuz&#8217;u tabancayla vurarak \u00f6ld\u00fcrd\u00fckten sonra intihara kalk\u0131\u015fan Batuhan Yavuz hakk\u0131nda a\u011f\u0131rla\u015ft\u0131r\u0131lm\u0131\u015f m\u00fcebbet hapis istemiyle dava a\u00e7\u0131ld\u0131. Haz\u0131rlanan iddianamede Batuhan Yavuz&#8217;un karde\u015fi Do\u011fuhan can \u00e7eki\u015fmesin diye yak\u0131n mesafeden s\u0131rt\u0131na ve ba\u015f\u0131na 2 el daha ate\u015f etti\u011fini s\u00f6yledi\u011fine yer verildi.<\/h2>\n<div class=\"news-detail-container\">\n<div class=\"left-block\">\n<div class=\"wrapper detay-v3_3 haber_metni\">\n<p>Erzurum&#8217;da tart\u0131\u015ft\u0131\u011f\u0131 karde\u015fi Do\u011fuhan Yavuz&#8217;u (28) tabancayla vurarak \u00f6ld\u00fcrd\u00fckten sonra intihara kalk\u0131\u015fan Batuhan Yavuz (30), hakk\u0131nda a\u011f\u0131rla\u015ft\u0131r\u0131lm\u0131\u015f m\u00fcebbet hapis istemiyle dava a\u00e7\u0131ld\u0131. \u0130ddianamede, Batuhan Yavuz&#8217;un karde\u015fi Do\u011fuhan&#8217;\u0131n s\u0131rt\u0131na 1 el ate\u015f etti\u011fini, yere d\u00fc\u015ft\u00fckten sonra can \u00e7eki\u015fmesin diye yak\u0131n mesafeden s\u0131rt\u0131na ve ba\u015f\u0131na 2 el daha ate\u015f etti\u011fini s\u00f6yledi\u011fine yer verdi.<\/p>\n<p>Olay, 21 Ocak saat 15.30 s\u0131ralar\u0131nda\u00a0Aziziye\u00a0il\u00e7esinin Saltuklu Mahallesi&#8217;nde meydana geldi. Batuhan ve Do\u011fuhan Yavuz karde\u015fler aras\u0131nda evlerinde bilinmeyen nedenle tart\u0131\u015fma \u00e7\u0131kt\u0131. Tart\u0131\u015fma k\u0131sa s\u00fcrede b\u00fcy\u00fcyerek yumruklu kavgaya d\u00f6n\u00fc\u015f\u00fcrken, Batuhan Yavuz, tabancayla karde\u015fi Do\u011fuhan&#8217;a ate\u015f etti. Do\u011fuhan Yavuz, v\u00fccuduna isabet eden 3 kur\u015funla a\u011f\u0131r yaraland\u0131. Batuhan Yavuz ise evden \u00e7\u0131karak, cip ile uzakla\u015ft\u0131. \u0130hbar \u00fczerine adrese polis ve sa\u011fl\u0131k ekipleri sevk edildi. Do\u011fuhan Yavuz ambulansla kald\u0131r\u0131ld\u0131\u011f\u0131 Erzurum\u00a0\u015eehir Hastanesi&#8217;nde doktorlar\u0131n m\u00fcdahalesine ra\u011fmen kurtar\u0131lamad\u0131.<\/p>\n<\/div>\n<p><img decoding=\"async\" src=\"http:\/\/foto.sondakika.com\/haber\/2025\/07\/13\/kardes-katilinden-kan-donduran-itiraf-can-18843378_2127_m.jpg\" alt=\"Karde\u015f katilinden kan donduran itiraf! Can \u00e7eki\u015fmesin diye ba\u015f\u0131na 2 el ate\u015f etmi\u015f\" \/><\/p>\n<\/div>\n<h3>\u0130HT\u0130HAR G\u0130R\u0130\u015e\u0130M\u0130NDE BULUNDU<\/h3>\n<p>Olaydan sonra ka\u00e7an Batuhan Yavuz&#8217;un kulland\u0131\u011f\u0131 07 BMC 033 plakal\u0131 cipin, Plaka Tan\u0131ma Sistemi (PTS) incelemesinde Kuzey \u00c7evre Yolu&#8217;nda oldu\u011fu tespit edildi. Telsiz anonsu ile polis ekipleri b\u00f6lgeye y\u00f6nlendirildi. Polisin kendisini takip etti\u011fini fark eden Yavuz, bir s\u00fcre sonra arac\u0131n\u0131 durdurdu. Ekiplerin, ara\u00e7tan inmesi i\u00e7in megafonla anons etti\u011fi Batuhan Yavuz, tabancayla ba\u015f\u0131na ate\u015f ederek intihara kalk\u0131\u015ft\u0131. Yavuz, ambulansla\u00a0Atat\u00fcrk \u00dcniversitesi\u00a0Ara\u015ft\u0131rma Hastanesi&#8217;ne kald\u0131r\u0131ld\u0131. Tedavisi sonras\u0131 10 \u015eubat&#8217;ta hastaneden taburcu olan Batuhan Yavuz \u00e7\u0131kar\u0131ld\u0131\u011f\u0131 Sulh Ceza Hakimli\u011fi taraf\u0131ndan &#8216;Karde\u015fe kar\u015f\u0131 kasten \u00f6ld\u00fcrme&#8217; su\u00e7undan tutuklanarak cezaevine g\u00f6nderildi.<\/p>\n<\/div>\n<p><img decoding=\"async\" src=\"http:\/\/foto.sondakika.com\/haber\/2025\/07\/13\/kardes-katilinden-kan-donduran-itiraf-can-18843378_1772_m.jpg\" alt=\"Karde\u015f katilinden kan donduran itiraf! Can \u00e7eki\u015fmesin diye ba\u015f\u0131na 2 el ate\u015f etmi\u015f\" \/><\/p>\n<p>&nbsp;<\/p>\n<h3>NEDEN ATE\u015e ETT\u0130\u011e\u0130N\u0130 HATIRLAMADI<\/h3>\n<p>Olaya ili\u015fkin Cumhuriyet ba\u015fsavc\u0131l\u0131\u011f\u0131 taraf\u0131ndan haz\u0131rlanan iddianame, Erzurum 1&#8217;inci A\u011f\u0131r Ceza Mahkemesi taraf\u0131ndan kabul edildi. Tutuklu san\u0131k Batuhan Yavuz&#8217;un iddianamede yer alan ifadesinde, karde\u015fiyle aralar\u0131nda alacak verecek meselesi oldu\u011funu, olay an\u0131nda herhangi bir tart\u0131\u015fma ya\u015fanmad\u0131\u011f\u0131n\u0131, karde\u015fine ni\u00e7in ate\u015f etti\u011fini de hat\u0131rlamad\u0131\u011f\u0131n\u0131 s\u00f6yledi. Yavuz, ifadesinde arkas\u0131 d\u00f6n\u00fck haldeyken s\u0131rt\u0131na bir el ate\u015f etti\u011fini, sonras\u0131nda yere d\u00fc\u015fen karde\u015fi can \u00e7eki\u015fmesin diye bir metreden yak\u0131n bir mesafeden bir el s\u0131rt\u0131na bir el de ba\u015f\u0131na ate\u015f etti\u011fini s\u00f6yledi.<\/p>\n<p><img decoding=\"async\" src=\"http:\/\/foto.sondakika.com\/haber\/2025\/07\/13\/kardes-katilinden-kan-donduran-itiraf-can-18843378_829_m.jpg\" alt=\"Karde\u015f katilinden kan donduran itiraf! Can \u00e7eki\u015fmesin diye ba\u015f\u0131na 2 el ate\u015f etmi\u015f\" \/><\/p>\n<p>&nbsp;<\/p>\n<h3>SAVCI A\u011eIRLA\u015eTIRILMI\u015e M\u00dcEBBET \u0130STED\u0130<\/h3>\n<p>Olayla ilgili t\u00fcm delilleri de\u011ferlendiren Cumhuriyet savc\u0131s\u0131, eylemin Batuhan Yavuz taraf\u0131ndan yap\u0131ld\u0131\u011f\u0131n\u0131n sabit oldu\u011funu, Yavuz&#8217;un al\u0131nan ifadesinde de eylemi ger\u00e7ekle\u015ftirdi\u011fini ikrar etti\u011fini, ilk at\u0131\u015ftan sonra Do\u011fuhan&#8217;\u0131n yan\u0131na gelerek yak\u0131n mesafeden 2 el daha ate\u015f etti\u011fi ve bu \u015fekilde karde\u015fini kasten \u00f6ld\u00fcrmeye tam olarak irade g\u00f6sterdi\u011fini bildirdi. \u015e\u00fcphelinin eylemi ger\u00e7ekle\u015ftirdikten sonra evde bir m\u00fcddet kalmas\u0131n\u0131n da so\u011fukkanl\u0131 bir \u015fekilde cinayeti i\u015fledi\u011fini g\u00f6sterdi\u011finin belirtildi\u011fi iddianamede, \u015f\u00fcphelinin karde\u015fine kar\u015f\u0131 ate\u015fli silah kullanarak kasten \u00f6ld\u00fcrme eylemini ger\u00e7ekle\u015ftirdi\u011finin anla\u015f\u0131ld\u0131\u011f\u0131 g\u00f6r\u00fc\u015f\u00fcn\u00fc kaydetti. Cumhuriyet savc\u0131s\u0131, san\u0131\u011f\u0131n eylemine uyan &#8216;Karde\u015fe kar\u015f\u0131 kasten \u00f6ld\u00fcrme&#8217; su\u00e7u nedeniyle a\u011f\u0131rla\u015ft\u0131r\u0131lm\u0131\u015f m\u00fcebbet hapis ile cezaland\u0131r\u0131lmas\u0131n\u0131 talep etti. Batuhan Yavuz, \u00f6n\u00fcm\u00fczdeki g\u00fcnlerde Erzurum 1&#8217;inci A\u011f\u0131r Ceza Mahkemesi&#8217;nde yarg\u0131lanmaya ba\u015flanacak.<\/p>\n<p>&nbsp;<\/p>\n<div class=\"news-detail-container\">\n<p>&nbsp;<\/p>\n<\/div>\n","protected":false},"excerpt":{"rendered":"<p>Erzurum&#8217;da tart\u0131\u015ft\u0131\u011f\u0131 karde\u015fi Do\u011fuhan Yavuz&#8217;u tabancayla vurarak \u00f6ld\u00fcrd\u00fckten sonra intihara kalk\u0131\u015fan Batuhan Yavuz hakk\u0131nda a\u011f\u0131rla\u015ft\u0131r\u0131lm\u0131\u015f m\u00fcebbet hapis istemiyle dava a\u00e7\u0131ld\u0131. Haz\u0131rlanan iddianamede Batuhan Yavuz&#8217;un karde\u015fi Do\u011fuhan can \u00e7eki\u015fmesin diye yak\u0131n mesafeden s\u0131rt\u0131na ve ba\u015f\u0131na 2 el daha ate\u015f etti\u011fini s\u00f6yledi\u011fine yer verildi. Erzurum&#8217;da tart\u0131\u015ft\u0131\u011f\u0131 karde\u015fi Do\u011fuhan Yavuz&#8217;u (28) tabancayla vurarak \u00f6ld\u00fcrd\u00fckten sonra intihara kalk\u0131\u015fan Batuhan [&hellip;]<\/p>\n","protected":false},"author":1,"featured_media":3307,"comment_status":"open","ping_status":"closed","sticky":false,"template":"","format":"standard","meta":{"footnotes":""},"categories":[8,2300],"tags":[2306,410,2438,829,916,1662,1944],"class_list":["post-3306","post","type-post","status-publish","format-standard","has-post-thumbnail","hentry","category-gundem","category-haber","tag-erzurum","tag-cinayet","tag-guncel","tag-guvenlik","tag-hukuk","tag-politika","tag-suc"],"_links":{"self":[{"href":"https:\/\/doguhabertv.com\/index.php?rest_route=\/wp\/v2\/posts\/3306","targetHints":{"allow":["GET"]}}],"collection":[{"href":"https:\/\/doguhabertv.com\/index.php?rest_route=\/wp\/v2\/posts"}],"about":[{"href":"https:\/\/doguhabertv.com\/index.php?rest_route=\/wp\/v2\/types\/post"}],"author":[{"embeddable":true,"href":"https:\/\/doguhabertv.com\/index.php?rest_route=\/wp\/v2\/users\/1"}],"replies":[{"embeddable":true,"href":"https:\/\/doguhabertv.com\/index.php?rest_route=%2Fwp%2Fv2%2Fcomments&post=3306"}],"version-history":[{"count":1,"href":"https:\/\/doguhabertv.com\/index.php?rest_route=\/wp\/v2\/posts\/3306\/revisions"}],"predecessor-version":[{"id":3308,"href":"https:\/\/doguhabertv.com\/index.php?rest_route=\/wp\/v2\/posts\/3306\/revisions\/3308"}],"wp:featuredmedia":[{"embeddable":true,"href":"https:\/\/doguhabertv.com\/index.php?rest_route=\/wp\/v2\/media\/3307"}],"wp:attachment":[{"href":"https:\/\/doguhabertv.com\/index.php?rest_route=%2Fwp%2Fv2%2Fmedia&parent=3306"}],"wp:term":[{"taxonomy":"category","embeddable":true,"href":"https:\/\/doguhabertv.com\/index.php?rest_route=%2Fwp%2Fv2%2Fcategories&post=3306"},{"taxonomy":"post_tag","embeddable":true,"href":"https:\/\/doguhabertv.com\/index.php?rest_route=%2Fwp%2Fv2%2Ftags&post=3306"}],"curies":[{"name":"wp","href":"https:\/\/api.w.org\/{rel}","templated":true}]}}