{"id":3303,"date":"2025-07-14T08:03:43","date_gmt":"2025-07-14T08:03:43","guid":{"rendered":"https:\/\/doguhabertv.com\/?p=3303"},"modified":"2025-07-14T08:03:43","modified_gmt":"2025-07-14T08:03:43","slug":"aziziyeden-15-temmuza-iki-yigit-dadas","status":"publish","type":"post","link":"https:\/\/doguhabertv.com\/?p=3303","title":{"rendered":"Aziziye&#8217;den 15 Temmuz&#8217;a iki yi\u011fit Dada\u015f"},"content":{"rendered":"<h2 id=\"spot\" class=\"mt10 haber_ozet\">Erzurum&#8217;un Ta\u015fkaynak (Keyvank) K\u00f6y\u00fc, iki ayr\u0131 d\u00f6nemde vatan u\u011fruna can veren iki kahraman\u0131yla tarihi bir devaml\u0131l\u0131\u011f\u0131 g\u00f6zler \u00f6n\u00fcne seriyor.<\/h2>\n<div class=\"news-detail-container\">\n<div class=\"left-block\">\n<div class=\"wrapper detay-v3_3 haber_metni\">\n<p>Erzurum&#8217;un Ta\u015fkaynak (Keyvank) K\u00f6y\u00fc, iki ayr\u0131 d\u00f6nemde vatan u\u011fruna can veren iki kahraman\u0131yla tarihi bir devaml\u0131l\u0131\u011f\u0131 g\u00f6zler \u00f6n\u00fcne seriyor.<\/p>\n<p>Aralar\u0131nda tam 139 y\u0131l bulunan bu iki isimden biri, 93 Harbi&#8217;nde\u00a0Osmanl\u0131\u00a0topraklar\u0131n\u0131 savunan Keyvankl\u0131 H\u00fcseyin A\u011fa; di\u011feri ise\u00a015 Temmuz\u00a02016 gecesi\u00a0Ankara&#8217;da \u015fehit d\u00fc\u015fen \u00f6zel harekat polisi Yakup S\u00fcr\u00fcc\u00fc. \u0130ki isim farkl\u0131 y\u00fczy\u0131llarda ya\u015fasa da ayn\u0131 inan\u00e7la g\u00f6rev yapt\u0131. O da vatan\u0131 savunmak. Bu tarihsel ba\u011f,\u00a0T\u00fcrkiye\u00a0Dil ve\u00a0Edebiyat\u00a0Derne\u011fi Erzurum \u015eubesi Y\u00f6netim Kurulu \u00dcyesi Taner \u00d6zdemir taraf\u0131ndan yap\u0131lan ar\u015fiv ara\u015ft\u0131rmalar\u0131 ve resmi kaynak taramalar\u0131 sonucu ortaya konuldu.<\/p>\n<p>Keyvankl\u0131 H\u00fcseyin A\u011fa:\u00a0Aziziye\u00a0Tabyas\u0131&#8217;n\u0131n kahramanlar\u0131ndan<\/p>\n<p>1877-1878 Osmanl\u0131-Rus Sava\u015f\u0131&#8217;nda (93 Harbi), Erzurum halk\u0131 direni\u015fin simgesi oldu. Tarihe ge\u00e7en\u00a0Nene Hatun, Ya\u015far Emmi, Topal G\u00fclizar gibi kahramanlarla birlikte, bug\u00fcn Ta\u015fkaynak (Keyvank) K\u00f6y\u00fcnden Keyvankl\u0131 H\u00fcseyin A\u011fa da Aziziye Tabyas\u0131&#8217;n\u0131n savunmas\u0131na ko\u015fan isimlerden biriydi. Tarihi kaynaklarda ve askeri ar\u015fivlerde ismi ge\u00e7en H\u00fcseyin A\u011fa, sadece kendi k\u00f6y\u00fcn\u00fcn de\u011fil, Erzurum&#8217;un direni\u015f ruhunun \u00f6nemli bir par\u00e7as\u0131 olarak kay\u0131tlara ge\u00e7ti. Onun cesareti ve fedakarl\u0131\u011f\u0131, b\u00f6lgedeki millet\u00e7e vatan sevgisinin canl\u0131 bir g\u00f6stergesi oldu.<\/p>\n<p>Yakup S\u00fcr\u00fcc\u00fc: 15 Temmuz&#8217;un sessiz kahraman\u0131<\/p>\n<p>2016 y\u0131l\u0131n\u0131n 15 Temmuz gecesi, T\u00fcrkiye tarihine kara bir leke olarak ge\u00e7en hain darbe giri\u015fiminde, \u00fclkenin d\u00f6rt bir yan\u0131nda devletin birlik ve b\u00fct\u00fcnl\u00fc\u011f\u00fcn\u00fc korumak i\u00e7in can\u0131n\u0131 ortaya koyan isimler aras\u0131nda\u00a0Polis\u00a0Memuru Yakup S\u00fcr\u00fcc\u00fc de vard\u0131. Aslen Erzurum&#8217;un Ta\u015fkaynak K\u00f6y\u00fcnden olan Yakup S\u00fcr\u00fcc\u00fc, \u00d6zel Harekat Dair Ba\u015fkanl\u0131\u011f\u0131&#8217;nda g\u00f6rev yap\u0131yordu. Darbe giri\u015fiminin ya\u015fand\u0131\u011f\u0131 o g\u00fcnlerde amirinin \u00e7a\u011fr\u0131s\u0131yla Ankara&#8217;ya gelerek g\u00f6reve ko\u015ftu. Tam da o anda, g\u00f6rev yapt\u0131\u011f\u0131 birimdeki amirinden \u00e7a\u011fr\u0131 geldi: &#8220;Ankara&#8217;ya d\u00f6n, g\u00f6reve gel.&#8221; Yakup S\u00fcr\u00fcc\u00fc, teredd\u00fct etmeden yola \u00e7\u0131kt\u0131. Gecenin karanl\u0131\u011f\u0131nda binlerce kilometrelik yolu arkas\u0131na bakmadan a\u015ft\u0131. E\u015fiyle helalle\u015fti, ailesine ise k\u0131sa bir mesaj b\u0131rakt\u0131: &#8220;Vatan i\u00e7in gidiyorum.&#8221; G\u00f6lba\u015f\u0131&#8217;ndaki\u00a0\u00d6zel Harekat Daire Ba\u015fkanl\u0131\u011f\u0131&#8217;na ula\u015ft\u0131\u011f\u0131nda saatler gece yar\u0131s\u0131n\u0131 ge\u00e7mi\u015fti. Binada g\u00f6rev alan personelin b\u00fcy\u00fck k\u0131sm\u0131 toplanm\u0131\u015f, hain sald\u0131r\u0131lara kar\u015f\u0131 haz\u0131rl\u0131k yap\u0131l\u0131yordu. Fakat kimse, dakikalar i\u00e7inde gelecek olan bombard\u0131man\u0131n bu kadar y\u0131k\u0131c\u0131 olaca\u011f\u0131n\u0131 tahmin edememi\u015fti. FET\u00d6&#8217;ye ba\u011fl\u0131 darbeci pilotlar\u0131n kulland\u0131\u011f\u0131 sava\u015f u\u00e7aklar\u0131, \u00d6zel Harekat yerle\u015fkesini hedef ald\u0131. Art arda at\u0131lan bombalarla onlarca polis \u015fehit oldu. Yakup S\u00fcr\u00fcc\u00fc, ikinci hava sald\u0131r\u0131s\u0131nda \u015fehadete y\u00fcr\u00fcyenler aras\u0131ndayd\u0131. Hen\u00fcz 29 ya\u015f\u0131ndayd\u0131. Hayat\u0131n\u0131n bahar\u0131ndayd\u0131. 1,5 y\u0131ll\u0131k evliydi. Ailesi, yak\u0131nlar\u0131 ve silah arkada\u015flar\u0131 onu; sessizli\u011fi, vatanseverli\u011fi ve g\u00f6revine olan ba\u011fl\u0131l\u0131\u011f\u0131yla hat\u0131rl\u0131yor. Cenazesi Erzurum&#8217;da binlerce ki\u015finin kat\u0131l\u0131m\u0131yla topra\u011fa verildi. Onun ard\u0131ndan s\u00f6ylenen ortak c\u00fcmle ise \u015fu oldu: &#8220;Ankara&#8217;ya geldi ve g\u00f6reve de\u011fil, \u015fehadete ko\u015ftu.&#8221;<\/p>\n<p>&#8220;Bu vatan n\u00f6beti iki ayr\u0131 zamanda tek bir y\u00fcrekle tutuldu&#8221;<\/p>\n<p>Ara\u015ft\u0131rmay\u0131 y\u00fcr\u00fcten Taner \u00d6zdemir, Erzurum&#8217;un k\u00f6kl\u00fc ge\u00e7mi\u015fi ile bug\u00fcnk\u00fc \u015fehitlik k\u00fclt\u00fcr\u00fc aras\u0131nda ba\u011f kuran bu hikayeyi \u015fu s\u00f6zlerle de\u011ferlendirdi: &#8220;Keyvankl\u0131 H\u00fcseyin A\u011fa ile Yakup S\u00fcr\u00fcc\u00fc aras\u0131nda zaman fark\u0131 var ama y\u00fcrekleri ayn\u0131. Bu k\u00f6yde vatan sevgisi nesiller boyu devredilmi\u015f. H\u00fcseyin A\u011fa&#8217;n\u0131n Moskof&#8217;a kar\u015f\u0131 direni\u015fi neyse, Yakup S\u00fcr\u00fcc\u00fc&#8217;n\u00fcn hainlere kar\u015f\u0131 duru\u015fu da odur. Bu bir soy meselesi de\u011fil, bu bir ruh meselesi.&#8221;<\/p>\n<p>Ta\u015fkaynak&#8217;ta vatan sevdas\u0131 kay\u0131tlarda ya\u015f\u0131yor<\/p>\n<p>\u00d6zdemir, bu \u00e7al\u0131\u015fmay\u0131 sadece bir tespit olarak de\u011fil, ayn\u0131 zamanda k\u00fclt\u00fcrel bir haf\u0131za \u00e7al\u0131\u015fmas\u0131 olarak de\u011ferlendirdiklerini ifade etti. Ta\u015fkaynak k\u00f6y\u00fc, s\u0131radan bir Anadolu yerle\u015fimi gibi g\u00f6r\u00fcnse de, tarihi kaynaklar k\u00f6y\u00fcn Osmanl\u0131-Rus Sava\u015f\u0131&#8217;ndan bug\u00fcne kadar vatan savunmas\u0131nda \u00f6nemli izler ta\u015f\u0131d\u0131\u011f\u0131n\u0131 ortaya koyuyor. Gerek Osmanl\u0131 ar\u015fiv belgeleri, gerekse Cumhuriyet d\u00f6nemine ait \u015fehitlik kay\u0131tlar\u0131, bu topraklardan \u00e7\u0131kan isimlerin ayn\u0131 inan\u00e7la hareket etti\u011fini g\u00f6steriyor. &#8211; ERZURUM<\/p>\n<\/div>\n<\/div>\n<\/div>\n","protected":false},"excerpt":{"rendered":"<p>Erzurum&#8217;un Ta\u015fkaynak (Keyvank) K\u00f6y\u00fc, iki ayr\u0131 d\u00f6nemde vatan u\u011fruna can veren iki kahraman\u0131yla tarihi bir devaml\u0131l\u0131\u011f\u0131 g\u00f6zler \u00f6n\u00fcne seriyor. Erzurum&#8217;un Ta\u015fkaynak (Keyvank) K\u00f6y\u00fc, iki ayr\u0131 d\u00f6nemde vatan u\u011fruna can veren iki kahraman\u0131yla tarihi bir devaml\u0131l\u0131\u011f\u0131 g\u00f6zler \u00f6n\u00fcne seriyor. Aralar\u0131nda tam 139 y\u0131l bulunan bu iki isimden biri, 93 Harbi&#8217;nde\u00a0Osmanl\u0131\u00a0topraklar\u0131n\u0131 savunan Keyvankl\u0131 H\u00fcseyin A\u011fa; di\u011feri ise\u00a015 [&hellip;]<\/p>\n","protected":false},"author":1,"featured_media":3304,"comment_status":"open","ping_status":"closed","sticky":false,"template":"","format":"standard","meta":{"footnotes":""},"categories":[8,2300],"tags":[2306,2557,2558,1257,2448],"class_list":["post-3303","post","type-post","status-publish","format-standard","has-post-thumbnail","hentry","category-gundem","category-haber","tag-erzurum","tag-15-temmuz","tag-aziziye","tag-kultur","tag-yerel"],"_links":{"self":[{"href":"https:\/\/doguhabertv.com\/index.php?rest_route=\/wp\/v2\/posts\/3303","targetHints":{"allow":["GET"]}}],"collection":[{"href":"https:\/\/doguhabertv.com\/index.php?rest_route=\/wp\/v2\/posts"}],"about":[{"href":"https:\/\/doguhabertv.com\/index.php?rest_route=\/wp\/v2\/types\/post"}],"author":[{"embeddable":true,"href":"https:\/\/doguhabertv.com\/index.php?rest_route=\/wp\/v2\/users\/1"}],"replies":[{"embeddable":true,"href":"https:\/\/doguhabertv.com\/index.php?rest_route=%2Fwp%2Fv2%2Fcomments&post=3303"}],"version-history":[{"count":1,"href":"https:\/\/doguhabertv.com\/index.php?rest_route=\/wp\/v2\/posts\/3303\/revisions"}],"predecessor-version":[{"id":3305,"href":"https:\/\/doguhabertv.com\/index.php?rest_route=\/wp\/v2\/posts\/3303\/revisions\/3305"}],"wp:featuredmedia":[{"embeddable":true,"href":"https:\/\/doguhabertv.com\/index.php?rest_route=\/wp\/v2\/media\/3304"}],"wp:attachment":[{"href":"https:\/\/doguhabertv.com\/index.php?rest_route=%2Fwp%2Fv2%2Fmedia&parent=3303"}],"wp:term":[{"taxonomy":"category","embeddable":true,"href":"https:\/\/doguhabertv.com\/index.php?rest_route=%2Fwp%2Fv2%2Fcategories&post=3303"},{"taxonomy":"post_tag","embeddable":true,"href":"https:\/\/doguhabertv.com\/index.php?rest_route=%2Fwp%2Fv2%2Ftags&post=3303"}],"curies":[{"name":"wp","href":"https:\/\/api.w.org\/{rel}","templated":true}]}}