{"id":3300,"date":"2025-07-14T08:02:54","date_gmt":"2025-07-14T08:02:54","guid":{"rendered":"https:\/\/doguhabertv.com\/?p=3300"},"modified":"2025-07-14T08:02:54","modified_gmt":"2025-07-14T08:02:54","slug":"askalede-14-geleneksel-kosapinar-festivali-senlikte-gecti","status":"publish","type":"post","link":"https:\/\/doguhabertv.com\/?p=3300","title":{"rendered":"A\u015fkale&#8217;de 14. Geleneksel Ko\u015fap\u0131nar Festivali \u015eenlikte Ge\u00e7ti"},"content":{"rendered":"<h2 id=\"spot\" class=\"mt10 haber_ozet\">Erzurum&#8217;un A\u015fkale il\u00e7esine ba\u011fl\u0131 Ko\u015fap\u0131nar k\u00f6y\u00fcnde d\u00fczenlenen 14. geleneksel festival, yo\u011fun kat\u0131l\u0131mla kutland\u0131. Etkinlikte konu\u015fan A\u015fkale Kaymakam\u0131 ve Belediye Ba\u015fkan\u0131, birlik ve beraberlik vurgusu yapt\u0131. Festivalde geleneksel oyunlar ve yar\u0131\u015fmalar d\u00fczenlenerek kazananlara \u00f6d\u00fcller verildi.<\/h2>\n<div class=\"news-detail-container\">\n<div class=\"left-block\">\n<div class=\"wrapper detay-v3_3 haber_metni\">\n<p>Erzurum&#8217;un\u00a0A\u015fkale\u00a0il\u00e7esine ba\u011fl\u0131 Ko\u015fap\u0131nar k\u00f6y\u00fcnde geleneksel olarak d\u00fczenlenen ve bu y\u0131l 14&#8217;\u00fcnc\u00fcs\u00fc yap\u0131lan festival renkli g\u00f6r\u00fcnt\u00fclere sahne oldu.<\/p>\n<p>Ko\u015fap\u0131nar Mahallesi&#8217;ndeki festivale yurt d\u0131\u015f\u0131ndan,\u00a0T\u00fcrkiye&#8217;nin farkl\u0131 illerinden ve \u015fehir merkezinden kat\u0131l\u0131m olduk\u00e7a yo\u011fun oldu. Programa A\u015fkale Kaymakam\u0131 Emre O\u011fuzt\u00fcrk, Belediye Ba\u015fkan\u0131 \u015eenol Polat,\u00a0Do\u011fu Anadolu\u00a0Gazeteciler Cemiyeti (DAGC) Ba\u015fkan\u0131 Ayhan T\u00fcrkez, \u0130l\u00e7e M\u00fcft\u00fcs\u00fc Seyhun Sarp, Erzurum\u00a0\u0130\u015eKUR\u00a0M\u00fcd\u00fcr Yard\u0131mc\u0131s\u0131\u00a0Erdal Karag\u00f6z, MHP\u00a0Yakutiye\u00a0\u0130l\u00e7e Ba\u015fkan\u0131\u00a0Sinan Demir,\u00a0Paland\u00f6ken\u00a0Belediye Ba\u015fkan Yard\u0131mc\u0131s\u0131 Mahmut Ko\u015fap\u0131nar,\u00a0Erzurum B\u00fcy\u00fck\u015fehir Belediyesi\u00a0K\u00fclt\u00fcr ve Sosyal \u0130\u015fler Daire Ba\u015fkan\u0131 Erg\u00fcn Engin, Saadet Partisi \u0130l Ba\u015fkan\u0131 Yusuf Koluk\u0131sa,\u00a0\u0130stanbul\u00a0Dernekler Federasyonu Ba\u015fkan\u0131 \u0130slam Delig\u00f6z, Ko\u015fap\u0131nar K\u00f6y\u00fc Yard\u0131mla\u015fma ve Dayan\u0131\u015fma Derne\u011fi Ba\u015fkan\u0131 Yunus Dilen, K\u00f6y Muhtar\u0131 Mahir Sefilo\u011flu, \u00e7evre mahallelerin muhtarlar\u0131, k\u00f6y sakinleri ve y\u00fczlerce Ko\u015fap\u0131narl\u0131 kat\u0131ld\u0131.<\/p>\n<p>A\u015fkale Kaymakam\u0131 Emre O\u011fuzt\u00fcrk, &#8216;Hem\u015fehrilerimizle bug\u00fcn b\u00f6ylesine anlaml\u0131 etkinlikte bir araya gelmekten dolay\u0131 ger\u00e7ekten mutlu olduk. Bu y\u0131l festivalin 14&#8217;\u00fcnc\u00fcc\u00fc d\u00fczenleniyor. Geleneksel bir hale gelmi\u015f etkinlik. Nas\u0131l ki toplumun en temel yap\u0131 ta\u015f\u0131 aile ise idari yap\u0131lanman\u0131n da temel ta\u015f\u0131 k\u00f6ylerimiz. K\u00f6ylerimizde birlik ve beraberli\u011fi sa\u011flad\u0131\u011f\u0131m\u0131z zaman in\u015fallah daha m\u00fcreffeh yar\u0131nlara ula\u015faca\u011f\u0131z&#8217; diye konu\u015ftu.<\/p>\n<p>A\u015fkale Belediye Ba\u015fkan\u0131 \u015eenol Polat ise &#8216;Ko\u015fap\u0131nar festivalimiz geleneksel hale gelen bir program. \u00c7ok g\u00fczel bir program tertip edilmi\u015f. Eme\u011fi ge\u00e7en herkese sonsuz te\u015fekk\u00fcrlerimi sunuyorum. \u00d6zellikle ter\u00f6rs\u00fcz T\u00fcrkiye s\u00fcrecinde birlik ve beraberlik son derece \u00f6nemli. Bu birlikteli\u011fi sa\u011flayan dernek y\u00f6neticilerimize te\u015fekk\u00fcr ediyorum&#8217; dedi.<\/p>\n<p>Festival\u00a0kapsam\u0131nda d\u00fczenlenen geleneksel oyunlar ve \u00e7ocuklar aras\u0131nda d\u00fczenlenen yar\u0131\u015fmalarda dereceye girenlere protokol \u00fcyelerince hediyeler verildi. &#8211; ERZURUM<\/p>\n<\/div>\n<\/div>\n<\/div>\n","protected":false},"excerpt":{"rendered":"<p>Erzurum&#8217;un A\u015fkale il\u00e7esine ba\u011fl\u0131 Ko\u015fap\u0131nar k\u00f6y\u00fcnde d\u00fczenlenen 14. geleneksel festival, yo\u011fun kat\u0131l\u0131mla kutland\u0131. Etkinlikte konu\u015fan A\u015fkale Kaymakam\u0131 ve Belediye Ba\u015fkan\u0131, birlik ve beraberlik vurgusu yapt\u0131. Festivalde geleneksel oyunlar ve yar\u0131\u015fmalar d\u00fczenlenerek kazananlara \u00f6d\u00fcller verildi. Erzurum&#8217;un\u00a0A\u015fkale\u00a0il\u00e7esine ba\u011fl\u0131 Ko\u015fap\u0131nar k\u00f6y\u00fcnde geleneksel olarak d\u00fczenlenen ve bu y\u0131l 14&#8217;\u00fcnc\u00fcs\u00fc yap\u0131lan festival renkli g\u00f6r\u00fcnt\u00fclere sahne oldu. Ko\u015fap\u0131nar Mahallesi&#8217;ndeki festivale yurt [&hellip;]<\/p>\n","protected":false},"author":1,"featured_media":3301,"comment_status":"open","ping_status":"closed","sticky":false,"template":"","format":"standard","meta":{"footnotes":""},"categories":[8,2300],"tags":[2306,2556,2479],"class_list":["post-3300","post","type-post","status-publish","format-standard","has-post-thumbnail","hentry","category-gundem","category-haber","tag-erzurum","tag-askale","tag-festival"],"_links":{"self":[{"href":"https:\/\/doguhabertv.com\/index.php?rest_route=\/wp\/v2\/posts\/3300","targetHints":{"allow":["GET"]}}],"collection":[{"href":"https:\/\/doguhabertv.com\/index.php?rest_route=\/wp\/v2\/posts"}],"about":[{"href":"https:\/\/doguhabertv.com\/index.php?rest_route=\/wp\/v2\/types\/post"}],"author":[{"embeddable":true,"href":"https:\/\/doguhabertv.com\/index.php?rest_route=\/wp\/v2\/users\/1"}],"replies":[{"embeddable":true,"href":"https:\/\/doguhabertv.com\/index.php?rest_route=%2Fwp%2Fv2%2Fcomments&post=3300"}],"version-history":[{"count":1,"href":"https:\/\/doguhabertv.com\/index.php?rest_route=\/wp\/v2\/posts\/3300\/revisions"}],"predecessor-version":[{"id":3302,"href":"https:\/\/doguhabertv.com\/index.php?rest_route=\/wp\/v2\/posts\/3300\/revisions\/3302"}],"wp:featuredmedia":[{"embeddable":true,"href":"https:\/\/doguhabertv.com\/index.php?rest_route=\/wp\/v2\/media\/3301"}],"wp:attachment":[{"href":"https:\/\/doguhabertv.com\/index.php?rest_route=%2Fwp%2Fv2%2Fmedia&parent=3300"}],"wp:term":[{"taxonomy":"category","embeddable":true,"href":"https:\/\/doguhabertv.com\/index.php?rest_route=%2Fwp%2Fv2%2Fcategories&post=3300"},{"taxonomy":"post_tag","embeddable":true,"href":"https:\/\/doguhabertv.com\/index.php?rest_route=%2Fwp%2Fv2%2Ftags&post=3300"}],"curies":[{"name":"wp","href":"https:\/\/api.w.org\/{rel}","templated":true}]}}