{"id":3297,"date":"2025-07-14T08:01:58","date_gmt":"2025-07-14T08:01:58","guid":{"rendered":"https:\/\/doguhabertv.com\/?p=3297"},"modified":"2025-07-14T08:01:58","modified_gmt":"2025-07-14T08:01:58","slug":"erzurumda-kaysefe-festivali-renkli-goruntulere-sahne-oldu","status":"publish","type":"post","link":"https:\/\/doguhabertv.com\/?p=3297","title":{"rendered":"Erzurum&#8217;da Kaysefe Festivali renkli g\u00f6r\u00fcnt\u00fclere sahne oldu"},"content":{"rendered":"<h2 id=\"spot\" class=\"mt10 haber_ozet\">ERZURUM&#8217;un Tortum il\u00e7esinde bu y\u0131l ilki d\u00fczenlenen Kaysefe Festivali, T\u00fcrkiye&#8217;nin d\u00f6rt bir yan\u0131ndan gelen misafirlerin kat\u0131l\u0131m\u0131yla kutland\u0131.<\/h2>\n<div class=\"news-detail-container\">\n<div class=\"left-block\">\n<div class=\"wrapper detay-v3_3 haber_metni\">\n<p>&nbsp;<\/p>\n<p>&nbsp;<\/p>\n<p>ERZURUM&#8217;un\u00a0Tortum\u00a0il\u00e7esinde bu y\u0131l ilki d\u00fczenlenen Kaysefe Festivali,\u00a0T\u00fcrkiye&#8217;nin d\u00f6rt bir yan\u0131ndan gelen misafirlerin kat\u0131l\u0131m\u0131yla kutland\u0131. Y\u00f6resel lezzetlerin tan\u0131t\u0131ld\u0131\u011f\u0131, halk oyunlar\u0131 ve m\u00fczik dinletileriyle renklendirilen festivalde, kat\u0131l\u0131mc\u0131lar unutulmaz bir g\u00fcn ya\u015fad\u0131.<\/p>\n<p>Bu y\u0131l ilki d\u00fczenlenen Kaysefe Festivali,\u00a0\u015eenyurt\u00a0Mahallesi&#8217;ndeki okul bah\u00e7esinde ger\u00e7ekle\u015ftirilen a\u00e7\u0131l\u0131\u015f t\u00f6reniyle ba\u015flad\u0131. Sayg\u0131 duru\u015funda bulunulmas\u0131 ve \u0130stiklal Mar\u015f\u0131&#8217;n\u0131n okunmas\u0131n\u0131n ard\u0131ndan imam\u00a0Mehmet \u015eahin\u00a0taraf\u0131ndan Kur&#8217;an-\u0131 Kerim tilaveti okundu. A\u00e7\u0131l\u0131\u015f konu\u015fmas\u0131n\u0131 yapan \u015eenyurt Derne\u011fi Ba\u015fkan\u0131 To\u011fuzhan\u00a0Cansever, etkinli\u011fi her y\u0131l geleneksel hale getirmeyi hedeflediklerini belirtti. Cansever, &#8220;Bug\u00fcn burada sadece bir \u015fenlik i\u00e7in de\u011fil; ge\u00e7mi\u015fimizi, k\u00fclt\u00fcr\u00fcm\u00fcz\u00fc, lezzetimizi ve dostlu\u011fumuzu ya\u015fatmak i\u00e7in bir araya geldik. \u015eenyurt&#8217;umuzun mis kokulu topraklar\u0131nda yeti\u015fen \u00fcr\u00fcnler, kaysefenin etraf\u0131nda bulu\u015ftu. Kaysefe yaln\u0131zca bir tatl\u0131 de\u011fil; imece, payla\u015fma ve misafirperverli\u011fin simgesidir. Bu topraklar\u0131n mayas\u0131nda vefa var. Ba\u015fta k\u00f6y\u00fcm\u00fcz\u00fcn aziz \u015fehitleri olmak \u00fczere, vatan\u0131 u\u011fruna can vermi\u015f t\u00fcm \u015fehitlerimizi rahmetle an\u0131yorum&#8221; diye konu\u015ftu.<\/p>\n<p>Festivalde,\u00a0Erzurum\u00a0B\u00fcy\u00fck\u015fehir Belediye Ba\u015fkan Vekili\u00a0Serhat Aky\u00fcz\u00a0ve Tortum Belediye Ba\u015fkan\u0131 Muammer Yi\u011fiter de konu\u015fma yapt\u0131. Konu\u015fmalarda toplumsal dayan\u0131\u015fman\u0131n \u00f6nemi, k\u00fclt\u00fcrel miras\u0131n korunmas\u0131 ve k\u00f6y festivallerinin yerel turizme katk\u0131s\u0131 vurguland\u0131.<\/p>\n<p>Program kapsam\u0131nda, festivale katk\u0131 sunan ki\u015fi ve kurumlara, protokol \u00fcyeleri taraf\u0131ndan sahnede te\u015fekk\u00fcr plaketleri verildi. A\u00e7\u0131l\u0131\u015f\u0131n ard\u0131ndan sahneye \u00e7\u0131kan Erzurum Folklor Ekibi, sergiledikleri halk oyunlar\u0131yla be\u011feni toplad\u0131. Erzurum barlar\u0131n\u0131n canl\u0131 performansla icra edildi\u011fi g\u00f6steriler izleyicilerden yo\u011fun alk\u0131\u015f ald\u0131. Festival alan\u0131 g\u00fcn boyunca renkli g\u00f6r\u00fcnt\u00fclere sahne oldu.<\/p>\n<p>Kat\u0131l\u0131mc\u0131lara, Erzurum mutfa\u011f\u0131na \u00f6zg\u00fc lezzetler ikram edildi. \u0130mece usul\u00fcyle k\u00f6y evlerinde haz\u0131rlanan 1000 tepsi kaysefe, festival boyunca misafirlere ikram edildi. \u00d6zellikle kay\u0131s\u0131yla yap\u0131lan geleneksel kaysefe tatl\u0131s\u0131 ve me\u015fhur ca\u011f kebab\u0131, konuklardan tam not ald\u0131. Festivalin ilerleyen saatlerinde sahne alan yerel sanat\u00e7\u0131lar, sevilen halk m\u00fczi\u011fi eserlerini seslendirdi. Kat\u0131l\u0131mc\u0131lar \u00e7al\u0131nan t\u00fcrk\u00fcler e\u015fli\u011finde halay \u00e7ekti.<\/p>\n<p>Festivalin sonunda, b\u00f6lge halk\u0131 ve davetliler etkinli\u011fe kat\u0131lmaktan duyduklar\u0131 memnuniyeti dile getirerek, organizasyonun \u00f6n\u00fcm\u00fczdeki y\u0131llarda daha geni\u015f kat\u0131l\u0131mla devam etmesi temennisinde bulundu.<\/p>\n<\/div>\n<\/div>\n<\/div>\n","protected":false},"excerpt":{"rendered":"<p>ERZURUM&#8217;un Tortum il\u00e7esinde bu y\u0131l ilki d\u00fczenlenen Kaysefe Festivali, T\u00fcrkiye&#8217;nin d\u00f6rt bir yan\u0131ndan gelen misafirlerin kat\u0131l\u0131m\u0131yla kutland\u0131. &nbsp; &nbsp; ERZURUM&#8217;un\u00a0Tortum\u00a0il\u00e7esinde bu y\u0131l ilki d\u00fczenlenen Kaysefe Festivali,\u00a0T\u00fcrkiye&#8217;nin d\u00f6rt bir yan\u0131ndan gelen misafirlerin kat\u0131l\u0131m\u0131yla kutland\u0131. Y\u00f6resel lezzetlerin tan\u0131t\u0131ld\u0131\u011f\u0131, halk oyunlar\u0131 ve m\u00fczik dinletileriyle renklendirilen festivalde, kat\u0131l\u0131mc\u0131lar unutulmaz bir g\u00fcn ya\u015fad\u0131. Bu y\u0131l ilki d\u00fczenlenen Kaysefe Festivali,\u00a0\u015eenyurt\u00a0Mahallesi&#8217;ndeki okul [&hellip;]<\/p>\n","protected":false},"author":1,"featured_media":3298,"comment_status":"open","ping_status":"closed","sticky":false,"template":"","format":"standard","meta":{"footnotes":""},"categories":[8,2300],"tags":[2306,2482,2479,2554,1257,2555,2098,2210,2439],"class_list":["post-3297","post","type-post","status-publish","format-standard","has-post-thumbnail","hentry","category-gundem","category-haber","tag-erzurum","tag-etkinlikler","tag-festival","tag-gastronomi","tag-kultur","tag-tortum","tag-turkiye","tag-yasam","tag-yerel-haberler"],"_links":{"self":[{"href":"https:\/\/doguhabertv.com\/index.php?rest_route=\/wp\/v2\/posts\/3297","targetHints":{"allow":["GET"]}}],"collection":[{"href":"https:\/\/doguhabertv.com\/index.php?rest_route=\/wp\/v2\/posts"}],"about":[{"href":"https:\/\/doguhabertv.com\/index.php?rest_route=\/wp\/v2\/types\/post"}],"author":[{"embeddable":true,"href":"https:\/\/doguhabertv.com\/index.php?rest_route=\/wp\/v2\/users\/1"}],"replies":[{"embeddable":true,"href":"https:\/\/doguhabertv.com\/index.php?rest_route=%2Fwp%2Fv2%2Fcomments&post=3297"}],"version-history":[{"count":1,"href":"https:\/\/doguhabertv.com\/index.php?rest_route=\/wp\/v2\/posts\/3297\/revisions"}],"predecessor-version":[{"id":3299,"href":"https:\/\/doguhabertv.com\/index.php?rest_route=\/wp\/v2\/posts\/3297\/revisions\/3299"}],"wp:featuredmedia":[{"embeddable":true,"href":"https:\/\/doguhabertv.com\/index.php?rest_route=\/wp\/v2\/media\/3298"}],"wp:attachment":[{"href":"https:\/\/doguhabertv.com\/index.php?rest_route=%2Fwp%2Fv2%2Fmedia&parent=3297"}],"wp:term":[{"taxonomy":"category","embeddable":true,"href":"https:\/\/doguhabertv.com\/index.php?rest_route=%2Fwp%2Fv2%2Fcategories&post=3297"},{"taxonomy":"post_tag","embeddable":true,"href":"https:\/\/doguhabertv.com\/index.php?rest_route=%2Fwp%2Fv2%2Ftags&post=3297"}],"curies":[{"name":"wp","href":"https:\/\/api.w.org\/{rel}","templated":true}]}}