{"id":3294,"date":"2025-07-12T08:11:23","date_gmt":"2025-07-12T08:11:23","guid":{"rendered":"https:\/\/doguhabertv.com\/?p=3294"},"modified":"2025-07-12T08:11:23","modified_gmt":"2025-07-12T08:11:23","slug":"erzurumda-feyzullah-sarac-camii-ibadete-acildi","status":"publish","type":"post","link":"https:\/\/doguhabertv.com\/?p=3294","title":{"rendered":"Erzurum&#8217;da Feyzullah Sara\u00e7 Camii \u0130badete A\u00e7\u0131ld\u0131"},"content":{"rendered":"<h2 id=\"spot\" class=\"mt10 haber_ozet\">Erzurum&#8217;un \u015e\u00fckr\u00fc Pa\u015fa Mahallesi&#8217;nde yap\u0131m\u0131 tamamlanan Feyzullah Sara\u00e7 Camii, yap\u0131lan t\u00f6renle a\u00e7\u0131ld\u0131. A\u00e7\u0131l\u0131\u015fta yerel y\u00f6neticiler ve hay\u0131rsever ailelerin yan\u0131 s\u0131ra halk da kat\u0131ld\u0131.<\/h2>\n<div class=\"news-detail-container\">\n<div class=\"left-block\">\n<div class=\"wrapper detay-v3_3 haber_metni\">\n<p>Erzurum&#8217;da \u015e\u00fckr\u00fc Pa\u015fa Mahallesi&#8217;nde yap\u0131m\u0131 tamamlanan Feyzullah Sara\u00e7\u00a0Cami\u00a0ibadete a\u00e7\u0131ld\u0131.<\/p>\n<p>Cuma namaz\u0131 \u00f6ncesi d\u00fczenlenen a\u00e7\u0131l\u0131\u015f t\u00f6renine Erzurum Valisi\u00a0Mustafa \u00c7ift\u00e7i, B\u00fcy\u00fck\u015fehir Belediye Ba\u015fkan\u0131\u00a0Mehmet Sekmen,\u00a0AK Parti\u00a0\u0130l Ba\u015fkan\u0131 \u0130brahim K\u00fc\u00e7\u00fcko\u011flu,\u00a0Yakutiye\u00a0Belediye Ba\u015fkan\u0131\u00a0Mahmut U\u00e7ar,\u00a0A\u015fkale\u00a0Belediye Ba\u015fkan\u0131 \u015eenol Polat, B\u00fcy\u00fck\u015fehir Belediyesi Genel Sekreteri Zafer Aynal\u0131 ve hay\u0131rsever aile mensuplar\u0131 kat\u0131ld\u0131.<\/p>\n<p>Erzurum B\u00fcy\u00fck\u015fehir Belediye Ba\u015fkan\u0131 Mehmet Sekmen, &#8220;\u015eehrimizin semalar\u0131n\u0131 Ezan-\u0131 Muhammedi ile yank\u0131land\u0131ran camilerimizin say\u0131lar\u0131n\u0131 art\u0131rmaya devam ediyoruz. Camiler; \u0130slam&#8217;\u0131n \u00f6\u011fretilip ya\u015fat\u0131ld\u0131\u011f\u0131 Beytullah&#8217;\u0131n birer \u015fubeleridir. Camilerimiz mukaddes mekanlar\u0131m\u0131zd\u0131r. K\u0131ymetli hem\u015fehrilerimizle birlikte Feyzullah Sara\u00e7 Camii&#8217;mizin a\u00e7\u0131l\u0131\u015f\u0131n\u0131 ger\u00e7ekle\u015ftirdik. Rabbim burada yap\u0131lacak ibadetleri kabul etsin, mahallemize bereket ihsan etsin&#8221; dedi. &#8211; ERZURUM<\/p>\n<\/div>\n<\/div>\n<\/div>\n","protected":false},"excerpt":{"rendered":"<p>Erzurum&#8217;un \u015e\u00fckr\u00fc Pa\u015fa Mahallesi&#8217;nde yap\u0131m\u0131 tamamlanan Feyzullah Sara\u00e7 Camii, yap\u0131lan t\u00f6renle a\u00e7\u0131ld\u0131. A\u00e7\u0131l\u0131\u015fta yerel y\u00f6neticiler ve hay\u0131rsever ailelerin yan\u0131 s\u0131ra halk da kat\u0131ld\u0131. Erzurum&#8217;da \u015e\u00fckr\u00fc Pa\u015fa Mahallesi&#8217;nde yap\u0131m\u0131 tamamlanan Feyzullah Sara\u00e7\u00a0Cami\u00a0ibadete a\u00e7\u0131ld\u0131. Cuma namaz\u0131 \u00f6ncesi d\u00fczenlenen a\u00e7\u0131l\u0131\u015f t\u00f6renine Erzurum Valisi\u00a0Mustafa \u00c7ift\u00e7i, B\u00fcy\u00fck\u015fehir Belediye Ba\u015fkan\u0131\u00a0Mehmet Sekmen,\u00a0AK Parti\u00a0\u0130l Ba\u015fkan\u0131 \u0130brahim K\u00fc\u00e7\u00fcko\u011flu,\u00a0Yakutiye\u00a0Belediye Ba\u015fkan\u0131\u00a0Mahmut U\u00e7ar,\u00a0A\u015fkale\u00a0Belediye Ba\u015fkan\u0131 \u015eenol Polat, B\u00fcy\u00fck\u015fehir [&hellip;]<\/p>\n","protected":false},"author":1,"featured_media":3295,"comment_status":"open","ping_status":"closed","sticky":false,"template":"","format":"standard","meta":{"footnotes":""},"categories":[8,2300],"tags":[2306,2553,2552,2210,2448,2439],"class_list":["post-3294","post","type-post","status-publish","format-standard","has-post-thumbnail","hentry","category-gundem","category-haber","tag-erzurum","tag-cami","tag-emlak","tag-yasam","tag-yerel","tag-yerel-haberler"],"_links":{"self":[{"href":"https:\/\/doguhabertv.com\/index.php?rest_route=\/wp\/v2\/posts\/3294","targetHints":{"allow":["GET"]}}],"collection":[{"href":"https:\/\/doguhabertv.com\/index.php?rest_route=\/wp\/v2\/posts"}],"about":[{"href":"https:\/\/doguhabertv.com\/index.php?rest_route=\/wp\/v2\/types\/post"}],"author":[{"embeddable":true,"href":"https:\/\/doguhabertv.com\/index.php?rest_route=\/wp\/v2\/users\/1"}],"replies":[{"embeddable":true,"href":"https:\/\/doguhabertv.com\/index.php?rest_route=%2Fwp%2Fv2%2Fcomments&post=3294"}],"version-history":[{"count":1,"href":"https:\/\/doguhabertv.com\/index.php?rest_route=\/wp\/v2\/posts\/3294\/revisions"}],"predecessor-version":[{"id":3296,"href":"https:\/\/doguhabertv.com\/index.php?rest_route=\/wp\/v2\/posts\/3294\/revisions\/3296"}],"wp:featuredmedia":[{"embeddable":true,"href":"https:\/\/doguhabertv.com\/index.php?rest_route=\/wp\/v2\/media\/3295"}],"wp:attachment":[{"href":"https:\/\/doguhabertv.com\/index.php?rest_route=%2Fwp%2Fv2%2Fmedia&parent=3294"}],"wp:term":[{"taxonomy":"category","embeddable":true,"href":"https:\/\/doguhabertv.com\/index.php?rest_route=%2Fwp%2Fv2%2Fcategories&post=3294"},{"taxonomy":"post_tag","embeddable":true,"href":"https:\/\/doguhabertv.com\/index.php?rest_route=%2Fwp%2Fv2%2Ftags&post=3294"}],"curies":[{"name":"wp","href":"https:\/\/api.w.org\/{rel}","templated":true}]}}