{"id":3291,"date":"2025-07-12T08:10:43","date_gmt":"2025-07-12T08:10:43","guid":{"rendered":"https:\/\/doguhabertv.com\/?p=3291"},"modified":"2025-07-12T08:10:43","modified_gmt":"2025-07-12T08:10:43","slug":"ucuz-ve-ekonomik-alisverisin-adresi-halk-pazari-dorduncu-subesini-sanayide-acti","status":"publish","type":"post","link":"https:\/\/doguhabertv.com\/?p=3291","title":{"rendered":"Ucuz ve ekonomik al\u0131\u015fveri\u015fin adresi halk pazar\u0131 d\u00f6rd\u00fcnc\u00fc \u015fubesini sanayide a\u00e7t\u0131"},"content":{"rendered":"<h2 id=\"spot\" class=\"mt10 haber_ozet\">Erzurum B\u00fcy\u00fck\u015fehir Belediyesi&#8217;nin en \u00f6nemli yat\u0131r\u0131mlar\u0131ndan biri olan Halk Pazar\u0131&#8217;n\u0131n d\u00f6rd\u00fcnc\u00fc \u015fubesi Sanayi semtinde a\u00e7\u0131ld\u0131.<\/h2>\n<div class=\"news-detail-container\">\n<div class=\"left-block\">\n<div class=\"wrapper detay-v3_3 haber_metni\">\n<p>Erzurum B\u00fcy\u00fck\u015fehir Belediyesi&#8217;nin en \u00f6nemli yat\u0131r\u0131mlar\u0131ndan biri olan Halk Pazar\u0131&#8217;n\u0131n d\u00f6rd\u00fcnc\u00fc \u015fubesi Sanayi semtinde a\u00e7\u0131ld\u0131. Kurtulu\u015f Mahallesi Sanayi End\u00fcstri Caddesi&#8217;nde a\u00e7\u0131l\u0131\u015f\u0131 yap\u0131lan Halk Pazar\u0131&#8217;na vatanda\u015flar ak\u0131n etti.<\/p>\n<p>Burada ger\u00e7ekle\u015ftirilen a\u00e7\u0131l\u0131\u015f t\u00f6reninde konu\u015fan Erzurum B\u00fcy\u00fck\u015fehir Belediyesi Genel Sekreteri Zafer Aynal\u0131, &#8220;\u015euan d\u00f6rd\u00fcnc\u00fc marketimizde istihdam say\u0131m\u0131z 100&#8217;e ula\u015ft\u0131. \u0130n\u015fallah bu binlere ula\u015fm\u0131\u015f olacak \u00e7ok g\u00fczel bir depo lojisti\u011fi, sebze ve meyve lojisti\u011fi olu\u015fturduk. Sebze ve meyveyi direkt \u00fcreticiden al\u0131p sebze halinde kendimiz i\u015fleyerek vatanda\u015flar\u0131m\u0131za ula\u015ft\u0131r\u0131yoruz. Eti kendimiz kesiyoruz ve vatanda\u015flar\u0131m\u0131za ucuz bir \u015fekilde ula\u015ft\u0131r\u0131yoruz. Eti 380 liraya k\u0131yma olarak veriyoruz ve 6 liraya da ekmek veriyoruz. 4 bin \u00e7e\u015fitten a\u015fa\u011f\u0131ya \u00fcr\u00fcn\u00fcm\u00fcz yok&#8221; dedi.<\/p>\n<p>Yakutiye\u00a0Belediye Ba\u015fkan\u0131\u00a0Mahmut U\u00e7ar\u00a0da, &#8220;Bug\u00fcn yine B\u00fcy\u00fck\u015fehrimizin \u00e7ok g\u00fczel bir a\u00e7\u0131l\u0131\u015f\u0131yla kar\u015f\u0131n\u0131zday\u0131z. Halk pazarlar\u0131m\u0131z ger\u00e7ekten taze, ucuz ve g\u00fcvenilir bir al\u0131\u015fveri\u015f merkezi zinciri Bu anlamda Say\u0131n B\u00fcy\u00fck\u015fehir Belediye Ba\u015fkan\u0131m\u0131z\u00a0Mehmet Sekmen\u00a0Bey ve ekibine \u00e7ok te\u015fekk\u00fcr ediyorum. B\u00f6yle yat\u0131r\u0131mlar sosyal ve ekonomik a\u00e7\u0131dan y\u00fcreklere dokunuyor&#8221; diye konu\u015ftu.<\/p>\n<p>AK Parti\u00a0Erzurum \u0130l Ba\u015fkan\u0131 \u0130brahim K\u00fc\u00e7\u00fcko\u011flu da, &#8220;AK Belediyecilik Cumhur \u0130ttifak\u0131 ile birlikte daha da g\u00fc\u00e7lenerek hizmet kalitesini art\u0131r\u0131yor. Erzurum B\u00fcy\u00fck\u015fehir Belediye Ba\u015fkan\u0131m\u0131z ve ekibini can\u0131 g\u00f6n\u00fclden tebrik ediyorum. \u0130n\u015fallah y\u0131lsonuna kadar 9 tane yeni marketi in\u015fallah sizlerin hizmetine sunaca\u011f\u0131z. Biz vatanda\u015flar\u0131m\u0131za \u015funu s\u00f6yledik &#8216;Biz her zaman sizlerin emrinde olaca\u011f\u0131z&#8217; Biz durmadan, yorulmadan \u00e7al\u0131\u015fmaya devam edece\u011fiz&#8221; \u015feklinde konu\u015ftu.<\/p>\n<p>&#8220;Kalk\u0131nmayla birlikte Erzurum&#8217;un ekonomik g\u00fcc\u00fc de geli\u015fti&#8221;<\/p>\n<p>Erzurum B\u00fcy\u00fck\u015fehir Belediye Ba\u015fkan\u0131 Mehmet Sekmen de, &#8220;Bizler Erzurum B\u00fcy\u00fck\u015fehir Belediyesi olarak, halk\u0131m\u0131z\u0131n ekonomik g\u00fcc\u00fcn\u00fc koruyacak, vatanda\u015f\u0131m\u0131z\u0131n temel ihtiya\u00e7lar\u0131n\u0131 en uygun ko\u015fullarda kar\u015f\u0131layabilece\u011fi projeleri hayata ge\u00e7irmeye devam ediyoruz. Bug\u00fcn burada a\u00e7\u0131l\u0131\u015f\u0131n\u0131 ger\u00e7ekle\u015ftirdi\u011fimiz Halk Pazar\u0131, i\u015fte tam da bu d\u00fcsturla, halk\u0131m\u0131z\u0131n faydas\u0131na sunulmu\u015f b\u00fcy\u00fck bir hizmettir. Biz Erzurum&#8217;u b\u00fcy\u00fct\u00fcrken sadece altyap\u0131yla, sadece imarla de\u011fil; insan\u0131 \u00f6nceleyen, ihtiya\u00e7lara do\u011frudan cevap veren, vatanda\u015f\u0131m\u0131z\u0131n hayat\u0131n\u0131 kolayla\u015ft\u0131ran sosyal projelere de \u00f6ncelik veriyoruz. Halk pazarlar\u0131 da i\u015fte bu vizyonun bir par\u00e7as\u0131d\u0131r&#8221; kayd\u0131n\u0131 d\u00fc\u015ft\u00fc. &#8220;Mahalle mahalle kurdu\u011fumuz halk pazarlar\u0131yla hem \u00fcreticimizi destekliyor hem de k\u0131ymetli karde\u015flerimizin sofras\u0131na daha kolay, daha ucuz, daha kaliteli \u00fcr\u00fcnler ula\u015ft\u0131r\u0131yoruz&#8221; diyen Ba\u015fkan Sekmen, \u015f\u00f6yle devam etti: &#8220;Her zaman s\u00f6yl\u00fcyoruz: Biz bu \u015fehri beraber in\u015fa ediyoruz. Her tu\u011flas\u0131nda hem\u015fehrilerimizin sesi, her ad\u0131m\u0131nda aziz milletimizin duas\u0131 var. Bizim belediyecili\u011fimizde sadece yol yapmak yok, sadece bina dikmek yok. Biz g\u00f6n\u00fcl kazanmak, r\u0131zay\u0131 Allah&#8217;tan, duay\u0131 milletten almak derdindeyiz. O y\u00fczden att\u0131\u011f\u0131m\u0131z her ad\u0131mda milletimizin hayr\u0131n\u0131 g\u00f6zetiyoruz. Bug\u00fcn burada a\u00e7t\u0131\u011f\u0131m\u0131z Halk Pazar\u0131 Sanayi \u015eubesi, bu anlay\u0131\u015f\u0131n, bu g\u00f6n\u00fcl belediyecili\u011finin bir tezah\u00fcr\u00fcd\u00fcr. Erzurum b\u00fcy\u00fcyor, Erzurum geli\u015fiyor. Hamdolsun altyap\u0131da, \u00fcstyap\u0131da, ula\u015f\u0131mdan ye\u015fil alana, sosyal belediyecilikten k\u00fclt\u00fcrel projelere kadar her alanda \u00fclkemize \u00f6rnek i\u015fler yap\u0131yoruz. G\u00f6reve geldi\u011fimiz g\u00fcnden bu yana, Erzurum&#8217;da bir\u00e7ok projeyi hayata ge\u00e7irdik. Sosyal yard\u0131mlardan altyap\u0131 projelerine, kentsel d\u00f6n\u00fc\u015f\u00fcm \u00e7al\u0131\u015fmalar\u0131ndan tar\u0131m ve hayvanc\u0131l\u0131\u011f\u0131n desteklenmesine kadar her alanda \u00f6nemli yat\u0131r\u0131mlar yapt\u0131k. \u00c7ok \u015f\u00fck\u00fcr, Erzurum&#8217;umuzu her ge\u00e7en g\u00fcn daha ya\u015fanabilir, daha modern ve daha g\u00fc\u00e7l\u00fc bir \u015fehir haline getiriyoruz. Biz bu hizmetleri yaparken g\u00fc\u00e7 ve ilham kayna\u011f\u0131m\u0131z, sizlerin duas\u0131 ve deste\u011fidir. Her zaman yan\u0131m\u0131zda olan, sab\u0131rla, anlay\u0131\u015fla bizlere g\u00fcvenen t\u00fcm hem\u015fehrilerime bir kez daha te\u015fekk\u00fcr ediyorum. A\u00e7\u0131l\u0131\u015f\u0131n\u0131 ger\u00e7ekle\u015ftirdi\u011fimiz bu halk pazar\u0131 \u015fubemizin esnaf\u0131m\u0131za, vatanda\u015flar\u0131m\u0131za ve \u015fehrimize hay\u0131rl\u0131, bereketli olmas\u0131n\u0131 diliyorum.&#8221;<\/p>\n<p>Vali \u00c7ift\u00e7i: &#8220;Ba\u015fkan\u0131m\u0131z\u0131 g\u00f6n\u00fclden tebrik ediyorum&#8221;<\/p>\n<p>Erzurum Valisi\u00a0Mustafa \u00c7ift\u00e7i\u00a0de, s\u00f6z konusu yat\u0131r\u0131mdan \u00f6t\u00fcr\u00fc Ba\u015fkan Mehmet Sekmen&#8217;i tebrik etti. Vali \u00c7ift\u00e7i, konu\u015fmas\u0131nda \u015fu g\u00f6r\u00fc\u015flere yer verdi: &#8220;Sanayi Mahallemizde, B\u00fcy\u00fck\u015fehir Belediyemiz taraf\u0131ndan yap\u0131m\u0131 tamamlanan 4 halk pazar\u0131n\u0131n a\u00e7\u0131l\u0131\u015f\u0131n\u0131 ger\u00e7ekle\u015ftiriyoruz. Bu \u00f6nemli yat\u0131r\u0131m\u0131n mahallemize, il\u00e7emize ve ilimize hay\u0131rl\u0131 ve u\u011furlu olmas\u0131n\u0131 temenni ediyorum. Huzurlar\u0131n\u0131zda, b\u00fct\u00e7esinden yat\u0131r\u0131ma en fazla pay\u0131 ay\u0131ran, sosyal ve dini belediyecilik alan\u0131nda \u00f6nemli hizmetler ortaya koyan, eser ve hizmet siyasetiyle \u015fehrimize b\u00fcy\u00fck katk\u0131lar sunan k\u0131ymetli B\u00fcy\u00fck\u015fehir Belediye Ba\u015fkan\u0131m\u0131z\u0131 g\u00f6n\u00fclden tebrik ediyorum. Bu g\u00fczel ve anlaml\u0131 hizmetlerinden dolay\u0131 kendisine te\u015fekk\u00fcr ediyor, bundan sonraki \u00e7al\u0131\u015fmalar\u0131nda da ba\u015far\u0131lar\u0131n\u0131n devam\u0131n\u0131 diliyorum. Rabbim kendisine sa\u011fl\u0131k ve afiyet versin ki, bu ve benzeri hay\u0131rl\u0131 hizmetleri artarak devam etsin. Ayn\u0131 zamanda de\u011ferli bir ekip ile \u00e7al\u0131\u015fan B\u00fcy\u00fck\u015fehir Belediye Ba\u015fkan\u0131m\u0131z\u0131n t\u00fcm mesai arkada\u015flar\u0131na da ayr\u0131ca te\u015fekk\u00fcr ediyorum. Hafta i\u00e7i, hafta sonu demeden gece g\u00fcnd\u00fcz \u015fehrimiz i\u00e7in \u00f6zveriyle \u00e7al\u0131\u015f\u0131yorlar. Bu gayretlerinin daim olmas\u0131n\u0131 diliyorum. Kat\u0131l\u0131mlar\u0131n\u0131z ve destekleriniz i\u00e7in hepinize ayr\u0131 ayr\u0131 te\u015fekk\u00fcr ediyorum.&#8221; Konu\u015fmalar\u0131n ard\u0131ndan dualar e\u015fli\u011finde Sanayi Halk Pazar\u0131&#8217;n\u0131n a\u00e7\u0131l\u0131\u015f\u0131 yap\u0131ld\u0131. &#8211; ERZURUM<\/p>\n<\/div>\n<\/div>\n<\/div>\n","protected":false},"excerpt":{"rendered":"<p>Erzurum B\u00fcy\u00fck\u015fehir Belediyesi&#8217;nin en \u00f6nemli yat\u0131r\u0131mlar\u0131ndan biri olan Halk Pazar\u0131&#8217;n\u0131n d\u00f6rd\u00fcnc\u00fc \u015fubesi Sanayi semtinde a\u00e7\u0131ld\u0131. Erzurum B\u00fcy\u00fck\u015fehir Belediyesi&#8217;nin en \u00f6nemli yat\u0131r\u0131mlar\u0131ndan biri olan Halk Pazar\u0131&#8217;n\u0131n d\u00f6rd\u00fcnc\u00fc \u015fubesi Sanayi semtinde a\u00e7\u0131ld\u0131. Kurtulu\u015f Mahallesi Sanayi End\u00fcstri Caddesi&#8217;nde a\u00e7\u0131l\u0131\u015f\u0131 yap\u0131lan Halk Pazar\u0131&#8217;na vatanda\u015flar ak\u0131n etti. Burada ger\u00e7ekle\u015ftirilen a\u00e7\u0131l\u0131\u015f t\u00f6reninde konu\u015fan Erzurum B\u00fcy\u00fck\u015fehir Belediyesi Genel Sekreteri Zafer Aynal\u0131, &#8220;\u015euan [&hellip;]<\/p>\n","protected":false},"author":1,"featured_media":3292,"comment_status":"open","ping_status":"closed","sticky":false,"template":"","format":"standard","meta":{"footnotes":""},"categories":[8,2300],"tags":[2306,2551],"class_list":["post-3291","post","type-post","status-publish","format-standard","has-post-thumbnail","hentry","category-gundem","category-haber","tag-erzurum","tag-erzurum-buyuksehir-belediyesi"],"_links":{"self":[{"href":"https:\/\/doguhabertv.com\/index.php?rest_route=\/wp\/v2\/posts\/3291","targetHints":{"allow":["GET"]}}],"collection":[{"href":"https:\/\/doguhabertv.com\/index.php?rest_route=\/wp\/v2\/posts"}],"about":[{"href":"https:\/\/doguhabertv.com\/index.php?rest_route=\/wp\/v2\/types\/post"}],"author":[{"embeddable":true,"href":"https:\/\/doguhabertv.com\/index.php?rest_route=\/wp\/v2\/users\/1"}],"replies":[{"embeddable":true,"href":"https:\/\/doguhabertv.com\/index.php?rest_route=%2Fwp%2Fv2%2Fcomments&post=3291"}],"version-history":[{"count":1,"href":"https:\/\/doguhabertv.com\/index.php?rest_route=\/wp\/v2\/posts\/3291\/revisions"}],"predecessor-version":[{"id":3293,"href":"https:\/\/doguhabertv.com\/index.php?rest_route=\/wp\/v2\/posts\/3291\/revisions\/3293"}],"wp:featuredmedia":[{"embeddable":true,"href":"https:\/\/doguhabertv.com\/index.php?rest_route=\/wp\/v2\/media\/3292"}],"wp:attachment":[{"href":"https:\/\/doguhabertv.com\/index.php?rest_route=%2Fwp%2Fv2%2Fmedia&parent=3291"}],"wp:term":[{"taxonomy":"category","embeddable":true,"href":"https:\/\/doguhabertv.com\/index.php?rest_route=%2Fwp%2Fv2%2Fcategories&post=3291"},{"taxonomy":"post_tag","embeddable":true,"href":"https:\/\/doguhabertv.com\/index.php?rest_route=%2Fwp%2Fv2%2Ftags&post=3291"}],"curies":[{"name":"wp","href":"https:\/\/api.w.org\/{rel}","templated":true}]}}