{"id":3285,"date":"2025-07-12T08:08:49","date_gmt":"2025-07-12T08:08:49","guid":{"rendered":"https:\/\/doguhabertv.com\/?p=3285"},"modified":"2025-07-12T08:08:49","modified_gmt":"2025-07-12T08:08:49","slug":"erzurumda-park-halindeki-arac-alev-aldi","status":"publish","type":"post","link":"https:\/\/doguhabertv.com\/?p=3285","title":{"rendered":"Erzurum&#8217;da Park Halindeki Ara\u00e7 Alev Ald\u0131"},"content":{"rendered":"<h2 id=\"spot\" class=\"mt10 haber_ozet\">Erzurum&#8217;un Paland\u00f6ken il\u00e7esinde park halindeki bir ara\u00e7 bir anda alev topuna d\u00f6n\u00fc\u015ft\u00fc. \u0130tfaiye ekiplerinin b\u00fcy\u00fck u\u011fra\u015flar\u0131 sonucunda yang\u0131n s\u00f6nd\u00fcr\u00fcld\u00fc. Polis, yang\u0131nla ilgili soru\u015fturma ba\u015flatt\u0131.<\/h2>\n<div class=\"news-detail-container\">\n<div class=\"left-block\">\n<div class=\"wrapper detay-v3_3 haber_metni\">\n<p>Erzurum&#8217;da park halindeki ara\u00e7 bir anda alev topuna d\u00f6n\u00fc\u015ft\u00fc. \u0130hbar \u00fczerine olay yerine gelen itfaiye uzun bir u\u011fra\u015f sonunda yang\u0131n\u0131 s\u00f6nd\u00fcrd\u00fc.<\/p>\n<p>Erzurum&#8217;un\u00a0Paland\u00f6ken\u00a0il\u00e7esi H\u00fcseyin Avni Ula\u015f Mahallesi 214. Sokak&#8217;ta park halindeki ara\u00e7 bir anda alev ald\u0131. Vatanda\u015flar\u0131n ihbar\u0131 \u00fczerine olay yerine itfaiye, polis ve sa\u011fl\u0131k ekipleri sevk edildi. Adeta alev topuna d\u00f6nen ara\u00e7 yang\u0131n\u0131 \u00e7evredeki vatanda\u015flar\u0131 da korkuttu.\u00a0Erzurum B\u00fcy\u00fck\u015fehir Belediyesi\u00a0\u0130tfaiye\u00a0Daire Ba\u015fkanl\u0131\u011f\u0131 ekipleri taraf\u0131ndan yap\u0131lan a\u00e7\u0131klamada, &#8220;Yanan \u00f6zel halk otob\u00fcs\u00fc merkez itfaiye ekiplerimiz taraf\u0131ndan s\u00f6nd\u00fcr\u00fcld\u00fc&#8221; denildi.<\/p>\n<p>Polis\u00a0yang\u0131nla ilgili inceleme ve soru\u015fturma ba\u015flatt\u0131. &#8211; ERZURUM<\/p>\n<\/div>\n<\/div>\n<\/div>\n","protected":false},"excerpt":{"rendered":"<p>Erzurum&#8217;un Paland\u00f6ken il\u00e7esinde park halindeki bir ara\u00e7 bir anda alev topuna d\u00f6n\u00fc\u015ft\u00fc. \u0130tfaiye ekiplerinin b\u00fcy\u00fck u\u011fra\u015flar\u0131 sonucunda yang\u0131n s\u00f6nd\u00fcr\u00fcld\u00fc. Polis, yang\u0131nla ilgili soru\u015fturma ba\u015flatt\u0131. Erzurum&#8217;da park halindeki ara\u00e7 bir anda alev topuna d\u00f6n\u00fc\u015ft\u00fc. \u0130hbar \u00fczerine olay yerine gelen itfaiye uzun bir u\u011fra\u015f sonunda yang\u0131n\u0131 s\u00f6nd\u00fcrd\u00fc. Erzurum&#8217;un\u00a0Paland\u00f6ken\u00a0il\u00e7esi H\u00fcseyin Avni Ula\u015f Mahallesi 214. Sokak&#8217;ta park halindeki ara\u00e7 [&hellip;]<\/p>\n","protected":false},"author":1,"featured_media":3286,"comment_status":"open","ping_status":"closed","sticky":false,"template":"","format":"standard","meta":{"footnotes":""},"categories":[8,2300],"tags":[2306,2359,829,2475,1597,1661,2210,2439],"class_list":["post-3285","post","type-post","status-publish","format-standard","has-post-thumbnail","hentry","category-gundem","category-haber","tag-erzurum","tag-itfaiye","tag-guvenlik","tag-olaylar","tag-palandoken","tag-polis","tag-yasam","tag-yerel-haberler"],"_links":{"self":[{"href":"https:\/\/doguhabertv.com\/index.php?rest_route=\/wp\/v2\/posts\/3285","targetHints":{"allow":["GET"]}}],"collection":[{"href":"https:\/\/doguhabertv.com\/index.php?rest_route=\/wp\/v2\/posts"}],"about":[{"href":"https:\/\/doguhabertv.com\/index.php?rest_route=\/wp\/v2\/types\/post"}],"author":[{"embeddable":true,"href":"https:\/\/doguhabertv.com\/index.php?rest_route=\/wp\/v2\/users\/1"}],"replies":[{"embeddable":true,"href":"https:\/\/doguhabertv.com\/index.php?rest_route=%2Fwp%2Fv2%2Fcomments&post=3285"}],"version-history":[{"count":1,"href":"https:\/\/doguhabertv.com\/index.php?rest_route=\/wp\/v2\/posts\/3285\/revisions"}],"predecessor-version":[{"id":3287,"href":"https:\/\/doguhabertv.com\/index.php?rest_route=\/wp\/v2\/posts\/3285\/revisions\/3287"}],"wp:featuredmedia":[{"embeddable":true,"href":"https:\/\/doguhabertv.com\/index.php?rest_route=\/wp\/v2\/media\/3286"}],"wp:attachment":[{"href":"https:\/\/doguhabertv.com\/index.php?rest_route=%2Fwp%2Fv2%2Fmedia&parent=3285"}],"wp:term":[{"taxonomy":"category","embeddable":true,"href":"https:\/\/doguhabertv.com\/index.php?rest_route=%2Fwp%2Fv2%2Fcategories&post=3285"},{"taxonomy":"post_tag","embeddable":true,"href":"https:\/\/doguhabertv.com\/index.php?rest_route=%2Fwp%2Fv2%2Ftags&post=3285"}],"curies":[{"name":"wp","href":"https:\/\/api.w.org\/{rel}","templated":true}]}}