{"id":3279,"date":"2025-07-11T08:09:05","date_gmt":"2025-07-11T08:09:05","guid":{"rendered":"https:\/\/doguhabertv.com\/?p=3279"},"modified":"2025-07-11T08:09:05","modified_gmt":"2025-07-11T08:09:05","slug":"vanda-7-katli-binada-yangin","status":"publish","type":"post","link":"https:\/\/doguhabertv.com\/?p=3279","title":{"rendered":"Van&#8217;da 7 Katl\u0131 Binada Yang\u0131n"},"content":{"rendered":"<h2 id=\"spot\" class=\"mt10 haber_ozet\">\u0130pekyolu&#8217;nda bir evde \u00e7\u0131kan yang\u0131n, itfaiye ekiplerince kontrol alt\u0131na al\u0131nd\u0131.<\/h2>\n<div class=\"news-detail-container\">\n<div class=\"left-block\">\n<div class=\"wrapper detay-v3_3 haber_metni\">\n<p>Van&#8217;\u0131n\u00a0\u0130pekyolu\u00a0il\u00e7esinde 7 katl\u0131 bir binan\u0131n 5. kat\u0131nda meydana gelen yang\u0131n, itfaiye ekipleri taraf\u0131ndan s\u00f6nd\u00fcr\u00fcld\u00fc.<\/p>\n<p>Edinilen bilgilere g\u00f6re yang\u0131n, d\u00fcn gece \u0130kinisan Caddesi \u00fczerinde ikamet eden G.T. isimli vatanda\u015f\u0131n evinde meydana geldi. \u0130hbar \u00fczerinde olay yerine \u0130pekyolu\u00a0\u0130tfaiye\u00a0Grup Amirli\u011fi ekipleri sevk edildi. \u00c7\u0131k\u0131\u015f nedeni hen\u00fcz tespit edilemeyen yang\u0131n, 2 itfaiye arac\u0131, 5 personelle yakla\u015f\u0131k 1 saatlik m\u00fcdahalesi sonucu s\u00f6nd\u00fcr\u00fcld\u00fc. Yang\u0131nda evde bir\u00e7ok malzeme yanarak kullan\u0131lmaz hale gelirken, evde b\u00fcy\u00fck \u00e7apta maddi zarar meydana geldi. &#8211; VAN<\/p>\n<\/div>\n<\/div>\n<\/div>\n","protected":false},"excerpt":{"rendered":"<p>\u0130pekyolu&#8217;nda bir evde \u00e7\u0131kan yang\u0131n, itfaiye ekiplerince kontrol alt\u0131na al\u0131nd\u0131. Van&#8217;\u0131n\u00a0\u0130pekyolu\u00a0il\u00e7esinde 7 katl\u0131 bir binan\u0131n 5. kat\u0131nda meydana gelen yang\u0131n, itfaiye ekipleri taraf\u0131ndan s\u00f6nd\u00fcr\u00fcld\u00fc. Edinilen bilgilere g\u00f6re yang\u0131n, d\u00fcn gece \u0130kinisan Caddesi \u00fczerinde ikamet eden G.T. isimli vatanda\u015f\u0131n evinde meydana geldi. \u0130hbar \u00fczerinde olay yerine \u0130pekyolu\u00a0\u0130tfaiye\u00a0Grup Amirli\u011fi ekipleri sevk edildi. \u00c7\u0131k\u0131\u015f nedeni hen\u00fcz tespit edilemeyen [&hellip;]<\/p>\n","protected":false},"author":1,"featured_media":3280,"comment_status":"open","ping_status":"closed","sticky":false,"template":"","format":"standard","meta":{"footnotes":""},"categories":[8,2300],"tags":[2359,2347,829,2536,1135,2210,2439],"class_list":["post-3279","post","type-post","status-publish","format-standard","has-post-thumbnail","hentry","category-gundem","category-haber","tag-itfaiye","tag-van","tag-guvenlik","tag-ipekyolu","tag-kaza","tag-yasam","tag-yerel-haberler"],"_links":{"self":[{"href":"https:\/\/doguhabertv.com\/index.php?rest_route=\/wp\/v2\/posts\/3279","targetHints":{"allow":["GET"]}}],"collection":[{"href":"https:\/\/doguhabertv.com\/index.php?rest_route=\/wp\/v2\/posts"}],"about":[{"href":"https:\/\/doguhabertv.com\/index.php?rest_route=\/wp\/v2\/types\/post"}],"author":[{"embeddable":true,"href":"https:\/\/doguhabertv.com\/index.php?rest_route=\/wp\/v2\/users\/1"}],"replies":[{"embeddable":true,"href":"https:\/\/doguhabertv.com\/index.php?rest_route=%2Fwp%2Fv2%2Fcomments&post=3279"}],"version-history":[{"count":1,"href":"https:\/\/doguhabertv.com\/index.php?rest_route=\/wp\/v2\/posts\/3279\/revisions"}],"predecessor-version":[{"id":3281,"href":"https:\/\/doguhabertv.com\/index.php?rest_route=\/wp\/v2\/posts\/3279\/revisions\/3281"}],"wp:featuredmedia":[{"embeddable":true,"href":"https:\/\/doguhabertv.com\/index.php?rest_route=\/wp\/v2\/media\/3280"}],"wp:attachment":[{"href":"https:\/\/doguhabertv.com\/index.php?rest_route=%2Fwp%2Fv2%2Fmedia&parent=3279"}],"wp:term":[{"taxonomy":"category","embeddable":true,"href":"https:\/\/doguhabertv.com\/index.php?rest_route=%2Fwp%2Fv2%2Fcategories&post=3279"},{"taxonomy":"post_tag","embeddable":true,"href":"https:\/\/doguhabertv.com\/index.php?rest_route=%2Fwp%2Fv2%2Ftags&post=3279"}],"curies":[{"name":"wp","href":"https:\/\/api.w.org\/{rel}","templated":true}]}}