{"id":3276,"date":"2025-07-11T08:08:23","date_gmt":"2025-07-11T08:08:23","guid":{"rendered":"https:\/\/doguhabertv.com\/?p=3276"},"modified":"2025-07-11T08:08:23","modified_gmt":"2025-07-11T08:08:23","slug":"vanli-aileler-dem-parti-binasi-onundeki-evlat-nobetini-surdurdu","status":"publish","type":"post","link":"https:\/\/doguhabertv.com\/?p=3276","title":{"rendered":"Vanl\u0131 aileler DEM Parti binas\u0131 \u00f6n\u00fcndeki &#8220;evlat n\u00f6beti&#8221;ni s\u00fcrd\u00fcrd\u00fc"},"content":{"rendered":"<h2 id=\"spot\" class=\"mt10 haber_ozet\">Van&#8217;da \u00e7ocuklar\u0131 da\u011fa ka\u00e7\u0131r\u0131lan aileler, DEM Parti \u0130l Ba\u015fkanl\u0131\u011f\u0131 \u00f6n\u00fcndeki eylemlerine bu hafta da devam etti.<\/h2>\n<div class=\"news-detail-container\">\n<div class=\"left-block\">\n<div class=\"wrapper detay-v3_3 haber_metni\">\n<p>Van&#8217;da \u00e7ocuklar\u0131 da\u011fa ka\u00e7\u0131r\u0131lan aileler,\u00a0DEM Parti\u00a0\u0130l Ba\u015fkanl\u0131\u011f\u0131 \u00f6n\u00fcndeki eylemlerine bu hafta da devam etti.<\/p>\n<p>Menek\u015fe Sokak&#8217;ta bir araya gelen aileler, T\u00fcrk bayraklar\u0131 ve evlatlar\u0131n\u0131n foto\u011fraflar\u0131n\u0131 ta\u015f\u0131yarak, DEM Parti \u0130l Ba\u015fkanl\u0131\u011f\u0131 binas\u0131n\u0131n \u00f6n\u00fcne kadar y\u00fcr\u00fcd\u00fc.<\/p>\n<p>Sessiz y\u00fcr\u00fcy\u00fc\u015f yapan anne ve babalar, \u00e7ocuklar\u0131na teslim olmalar\u0131 i\u00e7in \u00e7a\u011fr\u0131da bulundu.<\/p>\n<p>K\u0131z\u0131 \u015eeyma i\u00e7in eyleme kat\u0131lan Nazl\u0131 Sancar, gazetecilere, y\u0131llard\u0131r \u00e7ocuklar\u0131na kavu\u015fmak i\u00e7in m\u00fccadele ettiklerini s\u00f6yledi.<\/p>\n<p>&#8220;Ter\u00f6rs\u00fcz\u00a0T\u00fcrkiye&#8221; s\u00fcrecini desteklediklerini belirten Sancar, \u015funlar\u0131 kaydetti:<\/p>\n<p>&#8220;Bu s\u00fcre\u00e7 sayesinde evlatlar\u0131m\u0131za kavu\u015faca\u011f\u0131z. Anne ve babalar art\u0131k a\u011flamayacak. Y\u0131llard\u0131r eylemlerimizi hakk\u0131m\u0131z olan \u00e7ocuklar\u0131m\u0131z i\u00e7in s\u00fcrd\u00fcr\u00fcyoruz. Cumhurba\u015fkan\u0131\u00a0Recep Tayyip Erdo\u011fan\u00a0ve\u00a0Milliyet\u00e7i Hareket Partisi\u00a0Genel Ba\u015fkan\u0131\u00a0Devlet Bah\u00e7eli&#8217;ye s\u00fcre\u00e7 i\u00e7in te\u015fekk\u00fcr ederiz. Onlar\u0131n da hep yan\u0131nday\u0131z. D\u00f6rt g\u00f6zle evlatlar\u0131m\u0131z\u0131 bekliyoruz. \u00c7ok sevin\u00e7liyiz.&#8221;<\/p>\n<p>O\u011flu i\u00e7in eyleme kat\u0131lan Saliha Mert ise &#8220;7 y\u0131ld\u0131r \u00e7ocuklar\u0131m\u0131z i\u00e7in eylemlerimizi s\u00fcrd\u00fcr\u00fcyoruz. Ter\u00f6rs\u00fcz T\u00fcrkiye s\u00fcreciyle \u00fclkemiz daha da g\u00fczel olacak. Evlatlar\u0131m\u0131z\u0131 bekliyoruz, en k\u0131sa s\u00fcrede in\u015fallah onlarla kucakla\u015f\u0131r\u0131z.&#8221; diye konu\u015ftu.<\/p>\n<\/div>\n<\/div>\n<\/div>\n","protected":false},"excerpt":{"rendered":"<p>Van&#8217;da \u00e7ocuklar\u0131 da\u011fa ka\u00e7\u0131r\u0131lan aileler, DEM Parti \u0130l Ba\u015fkanl\u0131\u011f\u0131 \u00f6n\u00fcndeki eylemlerine bu hafta da devam etti. Van&#8217;da \u00e7ocuklar\u0131 da\u011fa ka\u00e7\u0131r\u0131lan aileler,\u00a0DEM Parti\u00a0\u0130l Ba\u015fkanl\u0131\u011f\u0131 \u00f6n\u00fcndeki eylemlerine bu hafta da devam etti. Menek\u015fe Sokak&#8217;ta bir araya gelen aileler, T\u00fcrk bayraklar\u0131 ve evlatlar\u0131n\u0131n foto\u011fraflar\u0131n\u0131 ta\u015f\u0131yarak, DEM Parti \u0130l Ba\u015fkanl\u0131\u011f\u0131 binas\u0131n\u0131n \u00f6n\u00fcne kadar y\u00fcr\u00fcd\u00fc. Sessiz y\u00fcr\u00fcy\u00fc\u015f yapan anne ve [&hellip;]<\/p>\n","protected":false},"author":1,"featured_media":3277,"comment_status":"open","ping_status":"closed","sticky":false,"template":"","format":"standard","meta":{"footnotes":""},"categories":[8,2300],"tags":[2347,2549,2438,1662,2037],"class_list":["post-3276","post","type-post","status-publish","format-standard","has-post-thumbnail","hentry","category-gundem","category-haber","tag-van","tag-dem-parti","tag-guncel","tag-politika","tag-teror"],"_links":{"self":[{"href":"https:\/\/doguhabertv.com\/index.php?rest_route=\/wp\/v2\/posts\/3276","targetHints":{"allow":["GET"]}}],"collection":[{"href":"https:\/\/doguhabertv.com\/index.php?rest_route=\/wp\/v2\/posts"}],"about":[{"href":"https:\/\/doguhabertv.com\/index.php?rest_route=\/wp\/v2\/types\/post"}],"author":[{"embeddable":true,"href":"https:\/\/doguhabertv.com\/index.php?rest_route=\/wp\/v2\/users\/1"}],"replies":[{"embeddable":true,"href":"https:\/\/doguhabertv.com\/index.php?rest_route=%2Fwp%2Fv2%2Fcomments&post=3276"}],"version-history":[{"count":1,"href":"https:\/\/doguhabertv.com\/index.php?rest_route=\/wp\/v2\/posts\/3276\/revisions"}],"predecessor-version":[{"id":3278,"href":"https:\/\/doguhabertv.com\/index.php?rest_route=\/wp\/v2\/posts\/3276\/revisions\/3278"}],"wp:featuredmedia":[{"embeddable":true,"href":"https:\/\/doguhabertv.com\/index.php?rest_route=\/wp\/v2\/media\/3277"}],"wp:attachment":[{"href":"https:\/\/doguhabertv.com\/index.php?rest_route=%2Fwp%2Fv2%2Fmedia&parent=3276"}],"wp:term":[{"taxonomy":"category","embeddable":true,"href":"https:\/\/doguhabertv.com\/index.php?rest_route=%2Fwp%2Fv2%2Fcategories&post=3276"},{"taxonomy":"post_tag","embeddable":true,"href":"https:\/\/doguhabertv.com\/index.php?rest_route=%2Fwp%2Fv2%2Ftags&post=3276"}],"curies":[{"name":"wp","href":"https:\/\/api.w.org\/{rel}","templated":true}]}}