{"id":3273,"date":"2025-07-11T08:06:55","date_gmt":"2025-07-11T08:06:55","guid":{"rendered":"https:\/\/doguhabertv.com\/?p=3273"},"modified":"2025-07-11T08:06:55","modified_gmt":"2025-07-11T08:06:55","slug":"umkeden-dusme-tatbikati","status":"publish","type":"post","link":"https:\/\/doguhabertv.com\/?p=3273","title":{"rendered":"UMKE&#8217;den D\u00fc\u015fme Tatbikat\u0131"},"content":{"rendered":"<h2 id=\"spot\" class=\"mt10 haber_ozet\">Van&#8217;da 4 ilden 125 UMKE personeliyle d\u00fc\u015fme tatbikat\u0131 yap\u0131ld\u0131. Yaral\u0131lar kurtar\u0131ld\u0131.<\/h2>\n<div class=\"news-detail-container\">\n<div class=\"left-block\">\n<div class=\"wrapper detay-v3_3 haber_metni\">\n<p>Van&#8217;\u0131n\u00a0Muradiye\u00a0il\u00e7esinde\u00a0Ulusal Medikal Kurtarma Ekibi\u00a0(UMKE) koordinasyonunda 4 ilden 125 personelin kat\u0131l\u0131m\u0131yla d\u00fczenlenen e\u011fitim kamp\u0131 kapsam\u0131nda d\u00fc\u015fmeye ba\u011fl\u0131 yaralanan vatanda\u015flar i\u00e7in kurtarma tatbikat\u0131 ger\u00e7ekle\u015ftirildi.<\/p>\n<p>Van \u0130l Sa\u011fl\u0131k M\u00fcd\u00fcrl\u00fc\u011f\u00fc\u00a0taraf\u0131ndan d\u00fczenlenen e\u011fitim kamp\u0131 \u00e7er\u00e7evesinde &#8220;\u015eeytan K\u00f6pr\u00fcs\u00fc Do\u011fada Arama Kurtarma Vakas\u0131&#8221; tatbikat\u0131 yap\u0131ld\u0131. Van,\u00a0Bitlis,\u00a0A\u011fr\u0131\u00a0ve\u00a0Hakkari&#8217;den gelen toplam 125 UMKE personelinin kat\u0131ld\u0131\u011f\u0131 tatbikatta, senaryo gere\u011fi il\u00e7ede y\u00fcr\u00fcy\u00fc\u015f yapmak isteyen bir grup vatanda\u015f kayal\u0131klardan d\u00fc\u015ferek mahsur kald\u0131. Tatbikat senaryosu sonras\u0131 olay yerine intikal eden UMKE ekipleri, kayal\u0131klardan d\u00fc\u015fen yaral\u0131lar\u0131 kurtararak acil m\u00fcdahale \u00e7ad\u0131r\u0131na ula\u015ft\u0131rd\u0131. Burada ilk m\u00fcdahaleleri yap\u0131lan yaral\u0131lar, ambulanslarla hastanelere sevk edildi.<\/p>\n<p>Van \u0130l Sa\u011fl\u0131k M\u00fcd\u00fcrl\u00fc\u011f\u00fc Afetlerde Sa\u011fl\u0131k Hizmetleri Sorumlusu Paramedik Levent Bayram, Muradiye il\u00e7esine ba\u011fl\u0131\u00a0Kandahar\u00a0Mahallesi&#8217;nde bulunan tarihi \u015eeytan K\u00f6pr\u00fcs\u00fc mevkiinde ger\u00e7ekle\u015ftirilen tatbikatta 5 vatanda\u015f\u0131n d\u00fc\u015ferek yaraland\u0131\u011f\u0131 senaryonun ba\u015far\u0131yla uyguland\u0131\u011f\u0131n\u0131 belirtti. Bayram, &#8220;Tatbikat kapsam\u0131nda UMKE ekipleriyle birlikte olay yerine h\u0131zla intikal eden sa\u011fl\u0131k g\u00f6revlileri, yaral\u0131lara olay yerinde gerekli m\u00fcdahaleleri yapt\u0131ktan sonra acil m\u00fcdahale \u00e7ad\u0131rlar\u0131na ta\u015f\u0131yarak ilk tedavilerini burada tamamlad\u0131. Ard\u0131ndan yaral\u0131lar ambulanslarla hastanelere sevk edildi. Tatbikat\u0131n amac\u0131; halk\u0131 afet ve acil durumlara kar\u015f\u0131 bilin\u00e7lendirmek ve UMKE g\u00f6n\u00fcll\u00fclerini daha profesyonel hale getirmekti. Van, A\u011fr\u0131, Bitlis ve Hakkari illerinden toplamda 125 sa\u011fl\u0131k personeli kat\u0131ld\u0131. Ger\u00e7ek bir olay senaryosu \u00fczerinden yap\u0131lan tatbikat ba\u015far\u0131yla tamamland\u0131&#8221; dedi.<\/p>\n<p>Tatbikat kapsam\u0131nda &#8220;Helikopter Kazas\u0131, KBRN ve Karayolunda Trafik Kazas\u0131&#8221; tatbikat\u0131 ger\u00e7ekle\u015ftirilece\u011fi bildirildi. &#8211; VAN<\/p>\n<\/div>\n<\/div>\n<\/div>\n","protected":false},"excerpt":{"rendered":"<p>Van&#8217;da 4 ilden 125 UMKE personeliyle d\u00fc\u015fme tatbikat\u0131 yap\u0131ld\u0131. Yaral\u0131lar kurtar\u0131ld\u0131. Van&#8217;\u0131n\u00a0Muradiye\u00a0il\u00e7esinde\u00a0Ulusal Medikal Kurtarma Ekibi\u00a0(UMKE) koordinasyonunda 4 ilden 125 personelin kat\u0131l\u0131m\u0131yla d\u00fczenlenen e\u011fitim kamp\u0131 kapsam\u0131nda d\u00fc\u015fmeye ba\u011fl\u0131 yaralanan vatanda\u015flar i\u00e7in kurtarma tatbikat\u0131 ger\u00e7ekle\u015ftirildi. Van \u0130l Sa\u011fl\u0131k M\u00fcd\u00fcrl\u00fc\u011f\u00fc\u00a0taraf\u0131ndan d\u00fczenlenen e\u011fitim kamp\u0131 \u00e7er\u00e7evesinde &#8220;\u015eeytan K\u00f6pr\u00fcs\u00fc Do\u011fada Arama Kurtarma Vakas\u0131&#8221; tatbikat\u0131 yap\u0131ld\u0131. Van,\u00a0Bitlis,\u00a0A\u011fr\u0131\u00a0ve\u00a0Hakkari&#8217;den gelen toplam 125 UMKE personelinin [&hellip;]<\/p>\n","protected":false},"author":1,"featured_media":3274,"comment_status":"open","ping_status":"closed","sticky":false,"template":"","format":"standard","meta":{"footnotes":""},"categories":[8,2300],"tags":[2347,584,2452,1737,2448,2439],"class_list":["post-3273","post","type-post","status-publish","format-standard","has-post-thumbnail","hentry","category-gundem","category-haber","tag-van","tag-egitim","tag-muradiye","tag-saglik","tag-yerel","tag-yerel-haberler"],"_links":{"self":[{"href":"https:\/\/doguhabertv.com\/index.php?rest_route=\/wp\/v2\/posts\/3273","targetHints":{"allow":["GET"]}}],"collection":[{"href":"https:\/\/doguhabertv.com\/index.php?rest_route=\/wp\/v2\/posts"}],"about":[{"href":"https:\/\/doguhabertv.com\/index.php?rest_route=\/wp\/v2\/types\/post"}],"author":[{"embeddable":true,"href":"https:\/\/doguhabertv.com\/index.php?rest_route=\/wp\/v2\/users\/1"}],"replies":[{"embeddable":true,"href":"https:\/\/doguhabertv.com\/index.php?rest_route=%2Fwp%2Fv2%2Fcomments&post=3273"}],"version-history":[{"count":1,"href":"https:\/\/doguhabertv.com\/index.php?rest_route=\/wp\/v2\/posts\/3273\/revisions"}],"predecessor-version":[{"id":3275,"href":"https:\/\/doguhabertv.com\/index.php?rest_route=\/wp\/v2\/posts\/3273\/revisions\/3275"}],"wp:featuredmedia":[{"embeddable":true,"href":"https:\/\/doguhabertv.com\/index.php?rest_route=\/wp\/v2\/media\/3274"}],"wp:attachment":[{"href":"https:\/\/doguhabertv.com\/index.php?rest_route=%2Fwp%2Fv2%2Fmedia&parent=3273"}],"wp:term":[{"taxonomy":"category","embeddable":true,"href":"https:\/\/doguhabertv.com\/index.php?rest_route=%2Fwp%2Fv2%2Fcategories&post=3273"},{"taxonomy":"post_tag","embeddable":true,"href":"https:\/\/doguhabertv.com\/index.php?rest_route=%2Fwp%2Fv2%2Ftags&post=3273"}],"curies":[{"name":"wp","href":"https:\/\/api.w.org\/{rel}","templated":true}]}}