{"id":3270,"date":"2025-07-11T08:05:21","date_gmt":"2025-07-11T08:05:21","guid":{"rendered":"https:\/\/doguhabertv.com\/?p=3270"},"modified":"2025-07-11T08:05:21","modified_gmt":"2025-07-11T08:05:21","slug":"van-golunde-mesafe-1-kilometreye-dustu","status":"publish","type":"post","link":"https:\/\/doguhabertv.com\/?p=3270","title":{"rendered":"Van G\u00f6l\u00fc&#8217;nde Mesafe 1 Kilometreye D\u00fc\u015ft\u00fc"},"content":{"rendered":"<h2 id=\"spot\" class=\"mt10 haber_ozet\">Erci\u015f&#8217;teki iki mahalle aras\u0131nda mesafe 1 km&#8217;ye d\u00fc\u015ft\u00fc, halk y\u00fcr\u00fcyerek gidip gelmeye ba\u015flad\u0131.<\/h2>\n<div class=\"news-detail-container\">\n<div class=\"left-block\">\n<div class=\"wrapper detay-v3_3 haber_metni\">\n<p>&nbsp;<\/p>\n<p>&nbsp;<\/p>\n<p>VAN G\u00f6l\u00fc&#8217;ndeki \u00e7ekilme sonucu\u00a0Erci\u015f\u00a0il\u00e7esine ba\u011fl\u0131 2 mahalle aras\u0131ndaki mesafe karadan 1 kilometreye d\u00fc\u015ft\u00fc. Daha \u00f6nce kara yoluyla ya da g\u00f6l \u00fczerinden tekne ile birbirini ziyaret eden b\u00f6lge halk\u0131, art\u0131k yaya olarak gidip gelmeye ba\u015flad\u0131.<\/p>\n<p>\u0130klim de\u011fi\u015fikli\u011fine ba\u011fl\u0131 kurakl\u0131k nedeniyle 3 bin 712 kilometrekarelik alan\u0131yla d\u00fcnyan\u0131n en b\u00fcy\u00fck sodal\u0131 g\u00f6l\u00fc,\u00a0T\u00fcrkiye&#8217;nin ise en b\u00fcy\u00fck g\u00f6l\u00fc olma \u00f6zelli\u011fine sahip\u00a0Van G\u00f6l\u00fc, alan kaybetmeye devam ediyor. Dal\u0131\u015f turizmi i\u00e7in de b\u00fcy\u00fck \u00f6nem ta\u015f\u0131yan g\u00f6lde ya\u015fanan \u00e7ekilme, Erci\u015f il\u00e7esine ba\u011fl\u0131 yakla\u015f\u0131k 3 bin n\u00fcfuslu G\u00f6la\u011fz\u0131 ile 2 bin n\u00fcfuslu Kas\u0131mba\u011f\u0131 mahalleleri aras\u0131ndaki mesafe karadan 1 kilometreye d\u00fc\u015ft\u00fc. Daha \u00f6nce suyun \u00e7evresindeki 4 kilometrelik kara yoluyla ara\u00e7larla ya da g\u00f6l \u00fczerinden tekneyle birbirlerini ziyarete giden b\u00f6lge halk\u0131, aradaki mesafenin 1 kilometreye d\u00fc\u015fmesiyle yaya olarak gidip gelmeye ba\u015flad\u0131. G\u00f6ldeki \u00e7ekilmenin boyutu ayr\u0131ca havadan dron ile g\u00f6r\u00fcnt\u00fclendi.<\/p>\n<p>&#8216;G\u00d6LDEK\u0130 GER\u0130 \u00c7EK\u0130LME B\u0130Z\u0130 END\u0130\u015eELEND\u0130R\u0130YOR&#8217;<\/p>\n<p>G\u00f6la\u011fz\u0131 Mahallesi Muhtar\u0131 Y\u00fccel \u00c7al\u0131\u015f\u0131r, \u00e7ekilmenin ya\u015fand\u0131\u011f\u0131 alanda 30 y\u0131l \u00f6nce bal\u0131k\u00e7\u0131l\u0131k yapt\u0131\u011f\u0131n\u0131, ayn\u0131 alan\u0131n 5 y\u0131l \u00f6ncesine kadar flamingolar\u0131n konaklama alan\u0131 oldu\u011funu s\u00f6yledi. \u00c7al\u0131\u015f\u0131r, &#8220;Van G\u00f6l\u00fc&#8217;nde ya\u015fanan 5 kilometrelik \u00e7ekilme sonras\u0131 bize kom\u015fu olan Kas\u0131mba\u011f\u0131 Mahallesi ile s\u0131n\u0131rlar\u0131m\u0131z birle\u015fti. \u0130ki mahalle sakinleri daha \u00f6nce tekne ya da karayoluyla ara\u00e7la birbirlerinin ziyaretine gidip gelebiliyorlard\u0131. G\u00f6l \u00e7ekilince mesafe de k\u0131s\u0131ld\u0131. Art\u0131k y\u00fcr\u00fcyerek gidip gelebiliyoruz. G\u00f6ldeki geri \u00e7ekilme bizi endi\u015felendiriyor&#8221; dedi.<\/p>\n<\/div>\n<\/div>\n<\/div>\n","protected":false},"excerpt":{"rendered":"<p>Erci\u015f&#8217;teki iki mahalle aras\u0131nda mesafe 1 km&#8217;ye d\u00fc\u015ft\u00fc, halk y\u00fcr\u00fcyerek gidip gelmeye ba\u015flad\u0131. &nbsp; &nbsp; VAN G\u00f6l\u00fc&#8217;ndeki \u00e7ekilme sonucu\u00a0Erci\u015f\u00a0il\u00e7esine ba\u011fl\u0131 2 mahalle aras\u0131ndaki mesafe karadan 1 kilometreye d\u00fc\u015ft\u00fc. Daha \u00f6nce kara yoluyla ya da g\u00f6l \u00fczerinden tekne ile birbirini ziyaret eden b\u00f6lge halk\u0131, art\u0131k yaya olarak gidip gelmeye ba\u015flad\u0131. \u0130klim de\u011fi\u015fikli\u011fine ba\u011fl\u0131 kurakl\u0131k nedeniyle 3 [&hellip;]<\/p>\n","protected":false},"author":1,"featured_media":3271,"comment_status":"open","ping_status":"closed","sticky":false,"template":"","format":"standard","meta":{"footnotes":""},"categories":[8,2300],"tags":[2347,389,563,2465,2495,2210,2439],"class_list":["post-3270","post","type-post","status-publish","format-standard","has-post-thumbnail","hentry","category-gundem","category-haber","tag-van","tag-cevre","tag-dunya","tag-ercis","tag-van-golu","tag-yasam","tag-yerel-haberler"],"_links":{"self":[{"href":"https:\/\/doguhabertv.com\/index.php?rest_route=\/wp\/v2\/posts\/3270","targetHints":{"allow":["GET"]}}],"collection":[{"href":"https:\/\/doguhabertv.com\/index.php?rest_route=\/wp\/v2\/posts"}],"about":[{"href":"https:\/\/doguhabertv.com\/index.php?rest_route=\/wp\/v2\/types\/post"}],"author":[{"embeddable":true,"href":"https:\/\/doguhabertv.com\/index.php?rest_route=\/wp\/v2\/users\/1"}],"replies":[{"embeddable":true,"href":"https:\/\/doguhabertv.com\/index.php?rest_route=%2Fwp%2Fv2%2Fcomments&post=3270"}],"version-history":[{"count":1,"href":"https:\/\/doguhabertv.com\/index.php?rest_route=\/wp\/v2\/posts\/3270\/revisions"}],"predecessor-version":[{"id":3272,"href":"https:\/\/doguhabertv.com\/index.php?rest_route=\/wp\/v2\/posts\/3270\/revisions\/3272"}],"wp:featuredmedia":[{"embeddable":true,"href":"https:\/\/doguhabertv.com\/index.php?rest_route=\/wp\/v2\/media\/3271"}],"wp:attachment":[{"href":"https:\/\/doguhabertv.com\/index.php?rest_route=%2Fwp%2Fv2%2Fmedia&parent=3270"}],"wp:term":[{"taxonomy":"category","embeddable":true,"href":"https:\/\/doguhabertv.com\/index.php?rest_route=%2Fwp%2Fv2%2Fcategories&post=3270"},{"taxonomy":"post_tag","embeddable":true,"href":"https:\/\/doguhabertv.com\/index.php?rest_route=%2Fwp%2Fv2%2Ftags&post=3270"}],"curies":[{"name":"wp","href":"https:\/\/api.w.org\/{rel}","templated":true}]}}