{"id":3267,"date":"2025-07-10T08:20:07","date_gmt":"2025-07-10T08:20:07","guid":{"rendered":"https:\/\/doguhabertv.com\/?p=3267"},"modified":"2025-07-10T08:20:07","modified_gmt":"2025-07-10T08:20:07","slug":"sanliurfada-mit-kiligindaki-dolandiricilar-tutuklandi","status":"publish","type":"post","link":"https:\/\/doguhabertv.com\/?p=3267","title":{"rendered":"\u015eanl\u0131urfa&#8217;da M\u0130T K\u0131l\u0131\u011f\u0131ndaki Doland\u0131r\u0131c\u0131lar Tutukland\u0131"},"content":{"rendered":"<h2 id=\"spot\" class=\"mt10 haber_ozet\">\u015eanl\u0131urfa&#8217;da M\u0130T ve Emniyet mensubu gibi tan\u0131tarak doland\u0131r\u0131c\u0131l\u0131k yapan 2 zanl\u0131 tutukland\u0131.<\/h2>\n<div class=\"news-detail-container\">\n<div class=\"left-block\">\n<div class=\"wrapper detay-v3_3 haber_metni\">\n<p>\u015eanl\u0131urfa&#8217;da, kendilerini Milli \u0130stihbarat Te\u015fkilat\u0131 (M\u0130T) ve\u00a0Emniyet M\u00fcd\u00fcrl\u00fc\u011f\u00fc\u00a0mensubu olarak tan\u0131tarak doland\u0131r\u0131c\u0131l\u0131k yapt\u0131\u011f\u0131 belirlenen 2 zanl\u0131 tutukland\u0131.<\/p>\n<p>Viran\u015fehir\u00a0Cumhuriyet Ba\u015fsavc\u0131l\u0131\u011f\u0131, M\u0130T Ba\u015fkanl\u0131\u011f\u0131 ve \u015eanl\u0131urfa Emniyet M\u00fcd\u00fcrl\u00fc\u011f\u00fc KOM \u015eube M\u00fcd\u00fcrl\u00fc\u011f\u00fc taraf\u0131ndan y\u00fcr\u00fct\u00fclen ortak operasyonda, kendilerini M\u0130T mensubu ve komiser olarak tan\u0131tan 2 \u015f\u00fcpheli belirlendi.<\/p>\n<p>\u0130rtibata ge\u00e7tikleri ki\u015filerden \u015fantaj-bask\u0131 kurarak maddi menfaat temin ettikleri tespit edilen M.F.K. ve Y.\u00d6, kent merkezi ile Viran\u015fehir il\u00e7esinde d\u00fczenlenen operasyonla g\u00f6zalt\u0131na al\u0131nd\u0131.<\/p>\n<p>\u015e\u00fcphelilerin adreslerinde yap\u0131lan aramalarda \u00e7ok say\u0131da m\u00fchimmat ve sahte belgeler ile kurus\u0131k\u0131 tabanca ele ge\u00e7irildi.<\/p>\n<p>\u0130\u015flemlerinin ard\u0131ndan adliyeye sevk edilen zanl\u0131lar, doland\u0131r\u0131c\u0131l\u0131k su\u00e7undan \u00e7\u0131kar\u0131ld\u0131klar\u0131 hakimlik\u00e7e tutukland\u0131.<\/p>\n<\/div>\n<\/div>\n<\/div>\n","protected":false},"excerpt":{"rendered":"<p>\u015eanl\u0131urfa&#8217;da M\u0130T ve Emniyet mensubu gibi tan\u0131tarak doland\u0131r\u0131c\u0131l\u0131k yapan 2 zanl\u0131 tutukland\u0131. \u015eanl\u0131urfa&#8217;da, kendilerini Milli \u0130stihbarat Te\u015fkilat\u0131 (M\u0130T) ve\u00a0Emniyet M\u00fcd\u00fcrl\u00fc\u011f\u00fc\u00a0mensubu olarak tan\u0131tarak doland\u0131r\u0131c\u0131l\u0131k yapt\u0131\u011f\u0131 belirlenen 2 zanl\u0131 tutukland\u0131. Viran\u015fehir\u00a0Cumhuriyet Ba\u015fsavc\u0131l\u0131\u011f\u0131, M\u0130T Ba\u015fkanl\u0131\u011f\u0131 ve \u015eanl\u0131urfa Emniyet M\u00fcd\u00fcrl\u00fc\u011f\u00fc KOM \u015eube M\u00fcd\u00fcrl\u00fc\u011f\u00fc taraf\u0131ndan y\u00fcr\u00fct\u00fclen ortak operasyonda, kendilerini M\u0130T mensubu ve komiser olarak tan\u0131tan 2 \u015f\u00fcpheli belirlendi. \u0130rtibata ge\u00e7tikleri [&hellip;]<\/p>\n","protected":false},"author":1,"featured_media":3268,"comment_status":"open","ping_status":"closed","sticky":false,"template":"","format":"standard","meta":{"footnotes":""},"categories":[8,2300],"tags":[2548,2547,2546,2438,829,916,1662],"class_list":["post-3267","post","type-post","status-publish","format-standard","has-post-thumbnail","hentry","category-gundem","category-haber","tag-dolandirici","tag-dolandiricilik","tag-emniyet-mudurlugu","tag-guncel","tag-guvenlik","tag-hukuk","tag-politika"],"_links":{"self":[{"href":"https:\/\/doguhabertv.com\/index.php?rest_route=\/wp\/v2\/posts\/3267","targetHints":{"allow":["GET"]}}],"collection":[{"href":"https:\/\/doguhabertv.com\/index.php?rest_route=\/wp\/v2\/posts"}],"about":[{"href":"https:\/\/doguhabertv.com\/index.php?rest_route=\/wp\/v2\/types\/post"}],"author":[{"embeddable":true,"href":"https:\/\/doguhabertv.com\/index.php?rest_route=\/wp\/v2\/users\/1"}],"replies":[{"embeddable":true,"href":"https:\/\/doguhabertv.com\/index.php?rest_route=%2Fwp%2Fv2%2Fcomments&post=3267"}],"version-history":[{"count":1,"href":"https:\/\/doguhabertv.com\/index.php?rest_route=\/wp\/v2\/posts\/3267\/revisions"}],"predecessor-version":[{"id":3269,"href":"https:\/\/doguhabertv.com\/index.php?rest_route=\/wp\/v2\/posts\/3267\/revisions\/3269"}],"wp:featuredmedia":[{"embeddable":true,"href":"https:\/\/doguhabertv.com\/index.php?rest_route=\/wp\/v2\/media\/3268"}],"wp:attachment":[{"href":"https:\/\/doguhabertv.com\/index.php?rest_route=%2Fwp%2Fv2%2Fmedia&parent=3267"}],"wp:term":[{"taxonomy":"category","embeddable":true,"href":"https:\/\/doguhabertv.com\/index.php?rest_route=%2Fwp%2Fv2%2Fcategories&post=3267"},{"taxonomy":"post_tag","embeddable":true,"href":"https:\/\/doguhabertv.com\/index.php?rest_route=%2Fwp%2Fv2%2Ftags&post=3267"}],"curies":[{"name":"wp","href":"https:\/\/api.w.org\/{rel}","templated":true}]}}