{"id":3255,"date":"2025-07-10T08:16:43","date_gmt":"2025-07-10T08:16:43","guid":{"rendered":"https:\/\/doguhabertv.com\/?p=3255"},"modified":"2025-07-10T08:16:43","modified_gmt":"2025-07-10T08:16:43","slug":"yilan-korkusu-aileyi-bir-ev-yapmaya-zorladi","status":"publish","type":"post","link":"https:\/\/doguhabertv.com\/?p=3255","title":{"rendered":"Y\u0131lan Korkusu Aileyi Bir Ev Yapmaya Zorlad\u0131"},"content":{"rendered":"<h2 id=\"spot\" class=\"mt10 haber_ozet\">Hakkari&#8217;deki Erci ailesi, evlerine giren y\u0131lanlar nedeniyle 15 y\u0131ld\u0131r korku i\u00e7inde ya\u015f\u0131yor.<\/h2>\n<div class=\"news-detail-container\">\n<div class=\"left-block\">\n<div class=\"wrapper detay-v3_3 haber_metni\">\n<p>Y\u00fcksekova\u00a0il\u00e7esine 15 kilometre uzakl\u0131ktaki Batakl\u0131 k\u00f6y\u00fcnde tek katl\u0131 kerpi\u00e7 evde ya\u015fayan 4 ki\u015filik Erci ailesi, her y\u0131l oldu\u011fu gibi bu y\u0131l da havalar\u0131n \u0131s\u0131nmas\u0131 ile ortaya \u00e7\u0131kan y\u0131lanlar nedeniyle kabus dolu g\u00fcnler ge\u00e7iriyor. Latife ve Tahir Erci, y\u0131lanlardan dolay\u0131 \u00e7ocuklar\u0131n\u0131n psikolojileri bozuldu\u011funu dile getirdi.<\/p>\n<p>Ev sahibi Tahir Erci, &#8220;Evimizde \u015fu ana kadar bir\u00e7ok y\u0131lan \u00e7\u0131kartt\u0131k. Geceleri damdan giren y\u0131lanlar bazen \u00e7ocuklar\u0131m\u0131z\u0131n r\u00fcyas\u0131na giriyor. 15 y\u0131ld\u0131r bu korkuyu ya\u015f\u0131yoruz. \u00c7ocuklar\u0131m g\u00fcnd\u00fczleri y\u0131lan korkusundan eve giremiyor. Bu kabustan kurtulmak i\u00e7in evimin yan\u0131nda yeni bir evin temelini att\u0131m. Y\u0131lanlar nedeniyle uyuyam\u0131yoruz ve her g\u00fcn korku i\u00e7inde ya\u015f\u0131yoruz. Y\u0131lanlar bazen \u00e7ocuklar\u0131m\u0131n r\u00fcyas\u0131na bile giriyor. Bu nedenle evimin salon k\u0131sm\u0131 ile mutfak aras\u0131ndaki duvar\u0131 k\u0131smen y\u0131kmak zorunda kald\u0131m. E\u015fim korkudan dolay\u0131 3 kez d\u00fc\u015f\u00fck yapt\u0131. Bu konuda yetkililerden yard\u0131m bekliyoruz&#8221; dedi.<\/p>\n<p><img decoding=\"async\" src=\"https:\/\/foto.sondakika.com\/haber\/2025\/07\/10\/yuksekova-da-tek-katli-evde-yilan-kabusu-7-18834199_o.jpg\" alt=\"Y\u0131lan Korkusu Batakl\u0131 K\u00f6y\u00fc Ailesini Zorluyor\" \/><\/p>\n<\/div>\n<h3>&#8220;YILAN KORKUSUNDAN DOLAYI 3 KEZ D\u00dc\u015e\u00dcK YAPTIM&#8221;<\/h3>\n<p>15 y\u0131ld\u0131r tek katl\u0131 kerpi\u00e7 evde ya\u015fad\u0131klar\u0131n\u0131 belirten 2 \u00e7ocuk annesi Latife Erci ise &#8220;Evimizin her yerinde y\u0131lanlar \u00e7\u0131k\u0131yor. Y\u0131lanlar art\u0131k bizim kabusumuz oldu. Y\u0131lan korkusundan dolay\u0131 3 kez d\u00fc\u015f\u00fck yapt\u0131m. Y\u0131lanlar genelde nisan, may\u0131s ve haziran aylar\u0131nda \u00e7\u0131k\u0131yor. \u00d6zellikle evimin salon k\u0131sm\u0131nda s\u00fcrekli y\u0131lan \u00e7\u0131k\u0131nca, salon ile mutfak aras\u0131ndaki duvar\u0131 k\u0131smen y\u0131kt\u0131k. Geceleri korkudan dolay\u0131 yatam\u0131yoruz. Kanepenin alt\u0131nda y\u0131lanlar yumurtalar\u0131n\u0131 b\u0131rakm\u0131\u015ft\u0131. Yetkililerden bize bu konuda yard\u0131mc\u0131 olmas\u0131n\u0131 istiyorum&#8221; dedi.<\/p>\n<\/div>\n<p><img decoding=\"async\" src=\"https:\/\/foto.sondakika.com\/haber\/2025\/07\/10\/yuksekova-da-tek-katli-evde-yilan-kabusu-2-18834199_o.jpg\" alt=\"Y\u0131lan Korkusu Batakl\u0131 K\u00f6y\u00fc Ailesini Zorluyor\" \/><\/p>\n<\/div>\n","protected":false},"excerpt":{"rendered":"<p>Hakkari&#8217;deki Erci ailesi, evlerine giren y\u0131lanlar nedeniyle 15 y\u0131ld\u0131r korku i\u00e7inde ya\u015f\u0131yor. Y\u00fcksekova\u00a0il\u00e7esine 15 kilometre uzakl\u0131ktaki Batakl\u0131 k\u00f6y\u00fcnde tek katl\u0131 kerpi\u00e7 evde ya\u015fayan 4 ki\u015filik Erci ailesi, her y\u0131l oldu\u011fu gibi bu y\u0131l da havalar\u0131n \u0131s\u0131nmas\u0131 ile ortaya \u00e7\u0131kan y\u0131lanlar nedeniyle kabus dolu g\u00fcnler ge\u00e7iriyor. Latife ve Tahir Erci, y\u0131lanlardan dolay\u0131 \u00e7ocuklar\u0131n\u0131n psikolojileri bozuldu\u011funu dile [&hellip;]<\/p>\n","protected":false},"author":1,"featured_media":3256,"comment_status":"open","ping_status":"closed","sticky":false,"template":"","format":"standard","meta":{"footnotes":""},"categories":[8,2300],"tags":[2312,2337,389,829,1737,2210,2439],"class_list":["post-3255","post","type-post","status-publish","format-standard","has-post-thumbnail","hentry","category-gundem","category-haber","tag-hakkari","tag-yuksekova","tag-cevre","tag-guvenlik","tag-saglik","tag-yasam","tag-yerel-haberler"],"_links":{"self":[{"href":"https:\/\/doguhabertv.com\/index.php?rest_route=\/wp\/v2\/posts\/3255","targetHints":{"allow":["GET"]}}],"collection":[{"href":"https:\/\/doguhabertv.com\/index.php?rest_route=\/wp\/v2\/posts"}],"about":[{"href":"https:\/\/doguhabertv.com\/index.php?rest_route=\/wp\/v2\/types\/post"}],"author":[{"embeddable":true,"href":"https:\/\/doguhabertv.com\/index.php?rest_route=\/wp\/v2\/users\/1"}],"replies":[{"embeddable":true,"href":"https:\/\/doguhabertv.com\/index.php?rest_route=%2Fwp%2Fv2%2Fcomments&post=3255"}],"version-history":[{"count":1,"href":"https:\/\/doguhabertv.com\/index.php?rest_route=\/wp\/v2\/posts\/3255\/revisions"}],"predecessor-version":[{"id":3257,"href":"https:\/\/doguhabertv.com\/index.php?rest_route=\/wp\/v2\/posts\/3255\/revisions\/3257"}],"wp:featuredmedia":[{"embeddable":true,"href":"https:\/\/doguhabertv.com\/index.php?rest_route=\/wp\/v2\/media\/3256"}],"wp:attachment":[{"href":"https:\/\/doguhabertv.com\/index.php?rest_route=%2Fwp%2Fv2%2Fmedia&parent=3255"}],"wp:term":[{"taxonomy":"category","embeddable":true,"href":"https:\/\/doguhabertv.com\/index.php?rest_route=%2Fwp%2Fv2%2Fcategories&post=3255"},{"taxonomy":"post_tag","embeddable":true,"href":"https:\/\/doguhabertv.com\/index.php?rest_route=%2Fwp%2Fv2%2Ftags&post=3255"}],"curies":[{"name":"wp","href":"https:\/\/api.w.org\/{rel}","templated":true}]}}