{"id":3231,"date":"2025-07-09T07:46:34","date_gmt":"2025-07-09T07:46:34","guid":{"rendered":"https:\/\/doguhabertv.com\/?p=3231"},"modified":"2025-07-09T07:46:34","modified_gmt":"2025-07-09T07:46:34","slug":"bitliste-karsiyaka-kavsagi-insaati-hizla-devam-ediyor","status":"publish","type":"post","link":"https:\/\/doguhabertv.com\/?p=3231","title":{"rendered":"Bitlis&#8217;te Kar\u015f\u0131yaka Kav\u015fa\u011f\u0131 \u0130n\u015faat\u0131 H\u0131zla Devam Ediyor"},"content":{"rendered":"<h2 id=\"spot\" class=\"mt10 haber_ozet\">Bitlis&#8217;in Tatvan il\u00e7esinde yap\u0131m\u0131 s\u00fcren Kar\u015f\u0131yaka Kav\u015fa\u011f\u0131&#8217;nda incelemelerde bulunan Vali Ahmet Karakaya ve Ula\u015ft\u0131rma Bakan\u0131 Abdulkadir Uralo\u011flu, \u00e7al\u0131\u015fmalar\u0131n b\u00f6lgedeki trafik ak\u0131\u015f\u0131n\u0131 rahatlataca\u011f\u0131n\u0131 belirtti. Kav\u015fa\u011f\u0131n A\u011fustos ay\u0131nda hizmete a\u00e7\u0131lmas\u0131 planlan\u0131yor.<\/h2>\n<div class=\"news-detail-container\">\n<div class=\"left-block\">\n<div class=\"wrapper detay-v3_3 haber_metni\">\n<p>Bitlis&#8217;in\u00a0Tatvan\u00a0il\u00e7esinde yap\u0131m\u0131 s\u00fcren\u00a0Kar\u015f\u0131yaka\u00a0Kav\u015fa\u011f\u0131&#8217;nda incelemelerde bulunuldu. Bitlis Valisi\u00a0Ahmet Karakaya,\u00a0Ula\u015ft\u0131rma ve Altyap\u0131 Bakan\u0131\u00a0Abdulkadir Uralo\u011flu ile Bitlis Milletvekili Turan Bedirhano\u011flu, devam eden \u00e7al\u0131\u015fmalar\u0131 yerinde inceledi.<\/p>\n<p>Yetkililerden \u00e7al\u0131\u015fmalar hakk\u0131nda bilgi alan Vali Karakaya ve Bakan Uralo\u011flu, alt ge\u00e7it ve yan yollar\u0131n da yer ald\u0131\u011f\u0131 kav\u015fak d\u00fczenlemesinin, b\u00f6lgedeki\u00a0trafik\u00a0ak\u0131\u015f\u0131n\u0131 \u00f6nemli \u00f6l\u00e7\u00fcde rahatlataca\u011f\u0131n\u0131 ifade etti. Kav\u015fa\u011f\u0131n A\u011fustos ay\u0131nda hizmete a\u00e7\u0131lmas\u0131 planlan\u0131yor.<\/p>\n<p>\u0130ncelemelere Tatvan Belediye Ba\u015fkan\u0131\u00a0Nesrullah Tan\u011flay,\u00a0AK Parti\u00a0\u0130l Ba\u015fkan\u0131 Kadir K\u00f6stek\u00e7i ve\u00a0Van\u00a0Karayollar\u0131 11. B\u00f6lge M\u00fcd\u00fcr\u00fc Demirhan Erol da kat\u0131ld\u0131. &#8211; B\u0130TL\u0130S<\/p>\n<\/div>\n<\/div>\n<\/div>\n","protected":false},"excerpt":{"rendered":"<p>Bitlis&#8217;in Tatvan il\u00e7esinde yap\u0131m\u0131 s\u00fcren Kar\u015f\u0131yaka Kav\u015fa\u011f\u0131&#8217;nda incelemelerde bulunan Vali Ahmet Karakaya ve Ula\u015ft\u0131rma Bakan\u0131 Abdulkadir Uralo\u011flu, \u00e7al\u0131\u015fmalar\u0131n b\u00f6lgedeki trafik ak\u0131\u015f\u0131n\u0131 rahatlataca\u011f\u0131n\u0131 belirtti. Kav\u015fa\u011f\u0131n A\u011fustos ay\u0131nda hizmete a\u00e7\u0131lmas\u0131 planlan\u0131yor. Bitlis&#8217;in\u00a0Tatvan\u00a0il\u00e7esinde yap\u0131m\u0131 s\u00fcren\u00a0Kar\u015f\u0131yaka\u00a0Kav\u015fa\u011f\u0131&#8217;nda incelemelerde bulunuldu. Bitlis Valisi\u00a0Ahmet Karakaya,\u00a0Ula\u015ft\u0131rma ve Altyap\u0131 Bakan\u0131\u00a0Abdulkadir Uralo\u011flu ile Bitlis Milletvekili Turan Bedirhano\u011flu, devam eden \u00e7al\u0131\u015fmalar\u0131 yerinde inceledi. Yetkililerden \u00e7al\u0131\u015fmalar hakk\u0131nda bilgi [&hellip;]<\/p>\n","protected":false},"author":1,"featured_media":3232,"comment_status":"open","ping_status":"closed","sticky":false,"template":"","format":"standard","meta":{"footnotes":""},"categories":[8,2300],"tags":[2321,2347,2539,2540,1662,2444,2076,2210,2448],"class_list":["post-3231","post","type-post","status-publish","format-standard","has-post-thumbnail","hentry","category-gundem","category-haber","tag-bitlis","tag-van","tag-ahmet-karakaya","tag-karsiyaka","tag-politika","tag-tatvan","tag-trafik","tag-yasam","tag-yerel"],"_links":{"self":[{"href":"https:\/\/doguhabertv.com\/index.php?rest_route=\/wp\/v2\/posts\/3231","targetHints":{"allow":["GET"]}}],"collection":[{"href":"https:\/\/doguhabertv.com\/index.php?rest_route=\/wp\/v2\/posts"}],"about":[{"href":"https:\/\/doguhabertv.com\/index.php?rest_route=\/wp\/v2\/types\/post"}],"author":[{"embeddable":true,"href":"https:\/\/doguhabertv.com\/index.php?rest_route=\/wp\/v2\/users\/1"}],"replies":[{"embeddable":true,"href":"https:\/\/doguhabertv.com\/index.php?rest_route=%2Fwp%2Fv2%2Fcomments&post=3231"}],"version-history":[{"count":1,"href":"https:\/\/doguhabertv.com\/index.php?rest_route=\/wp\/v2\/posts\/3231\/revisions"}],"predecessor-version":[{"id":3233,"href":"https:\/\/doguhabertv.com\/index.php?rest_route=\/wp\/v2\/posts\/3231\/revisions\/3233"}],"wp:featuredmedia":[{"embeddable":true,"href":"https:\/\/doguhabertv.com\/index.php?rest_route=\/wp\/v2\/media\/3232"}],"wp:attachment":[{"href":"https:\/\/doguhabertv.com\/index.php?rest_route=%2Fwp%2Fv2%2Fmedia&parent=3231"}],"wp:term":[{"taxonomy":"category","embeddable":true,"href":"https:\/\/doguhabertv.com\/index.php?rest_route=%2Fwp%2Fv2%2Fcategories&post=3231"},{"taxonomy":"post_tag","embeddable":true,"href":"https:\/\/doguhabertv.com\/index.php?rest_route=%2Fwp%2Fv2%2Ftags&post=3231"}],"curies":[{"name":"wp","href":"https:\/\/api.w.org\/{rel}","templated":true}]}}