{"id":3225,"date":"2025-07-09T07:44:55","date_gmt":"2025-07-09T07:44:55","guid":{"rendered":"https:\/\/doguhabertv.com\/?p=3225"},"modified":"2025-07-09T07:44:55","modified_gmt":"2025-07-09T07:44:55","slug":"muftu-tavlasoglu-yaz-kuran-kurslarini-ziyaret-etti","status":"publish","type":"post","link":"https:\/\/doguhabertv.com\/?p=3225","title":{"rendered":"M\u00fcft\u00fc Tavla\u015fo\u011flu Yaz Kur&#8217;an Kurslar\u0131n\u0131 Ziyaret Etti"},"content":{"rendered":"<h2 id=\"spot\" class=\"mt10 haber_ozet\">\u0130pekyolu \u0130l\u00e7e M\u00fcft\u00fcs\u00fc Tavla\u015fo\u011flu, yaz Kur&#8217;an kurslar\u0131n\u0131 ziyaret ederek \u00f6\u011frencilerle sohbet etti.<\/h2>\n<div class=\"news-detail-container\">\n<div class=\"left-block\">\n<div class=\"wrapper detay-v3_3 haber_metni\">\n<p>Van&#8217;\u0131n\u00a0\u0130pekyolu\u00a0\u0130l\u00e7e M\u00fcft\u00fcl\u00fcs\u00fc Fatih Tavla\u015fo\u011flu, il\u00e7ede faaliyet g\u00f6steren &#8216;Yaz Kur&#8217;an Kurslar\u0131&#8217;n\u0131 ziyaret etti.<\/p>\n<p>\u0130pekyolu \u0130l\u00e7e M\u00fcft\u00fcs\u00fc Fatih Tavla\u015fo\u011flu, il\u00e7ede devam eden &#8216;Yaz Kur&#8217;an Kurslar\u0131&#8217;na y\u00f6nelik ziyaretlerini s\u00fcrd\u00fcr\u00fcyor. Bu kapsamda \u015eeng\u00fcller,\u00a0Yeni\u015fehir, Kadem,\u00a0Kemal Akbulut, Tillo ve Fatih Camii b\u00fcnyesinde a\u00e7\u0131lan Kur&#8217;an kurslar\u0131n\u0131 ziyaret eden m\u00fcft\u00fc Tavla\u015fo\u011flu, \u00f6\u011frencilerle yak\u0131ndan ilgilenerek onlarla sohbet edip keyifli anlar ge\u00e7irdi. \u00d6\u011frencilerin Kur&#8217;an-\u0131 Kerim \u00f6\u011frenme s\u00fcre\u00e7lerine dair memnuniyetlerini dile getiren M\u00fcft\u00fc Tavla\u015fo\u011flu, kurslara olan ilginin her ge\u00e7en g\u00fcn artt\u0131\u011f\u0131n\u0131 belirtti. Ziyaretlerin devam edece\u011fi ve \u00f6\u011frencilerin hem dini bilgiler hem de de\u011ferler e\u011fitimi a\u00e7\u0131s\u0131ndan verimli bir yaz d\u00f6nemi ge\u00e7irmelerinin hedeflendi\u011fi bildirildi. &#8211; VAN<\/p>\n<\/div>\n<\/div>\n<\/div>\n","protected":false},"excerpt":{"rendered":"<p>\u0130pekyolu \u0130l\u00e7e M\u00fcft\u00fcs\u00fc Tavla\u015fo\u011flu, yaz Kur&#8217;an kurslar\u0131n\u0131 ziyaret ederek \u00f6\u011frencilerle sohbet etti. Van&#8217;\u0131n\u00a0\u0130pekyolu\u00a0\u0130l\u00e7e M\u00fcft\u00fcl\u00fcs\u00fc Fatih Tavla\u015fo\u011flu, il\u00e7ede faaliyet g\u00f6steren &#8216;Yaz Kur&#8217;an Kurslar\u0131&#8217;n\u0131 ziyaret etti. \u0130pekyolu \u0130l\u00e7e M\u00fcft\u00fcs\u00fc Fatih Tavla\u015fo\u011flu, il\u00e7ede devam eden &#8216;Yaz Kur&#8217;an Kurslar\u0131&#8217;na y\u00f6nelik ziyaretlerini s\u00fcrd\u00fcr\u00fcyor. Bu kapsamda \u015eeng\u00fcller,\u00a0Yeni\u015fehir, Kadem,\u00a0Kemal Akbulut, Tillo ve Fatih Camii b\u00fcnyesinde a\u00e7\u0131lan Kur&#8217;an kurslar\u0131n\u0131 ziyaret eden m\u00fcft\u00fc Tavla\u015fo\u011flu, [&hellip;]<\/p>\n","protected":false},"author":1,"featured_media":3226,"comment_status":"open","ping_status":"closed","sticky":false,"template":"","format":"standard","meta":{"footnotes":""},"categories":[1],"tags":[2347,584,2536,2537,2210,2448,2439],"class_list":["post-3225","post","type-post","status-publish","format-standard","has-post-thumbnail","hentry","category-uncategorized","tag-van","tag-egitim","tag-ipekyolu","tag-muftu","tag-yasam","tag-yerel","tag-yerel-haberler"],"_links":{"self":[{"href":"https:\/\/doguhabertv.com\/index.php?rest_route=\/wp\/v2\/posts\/3225","targetHints":{"allow":["GET"]}}],"collection":[{"href":"https:\/\/doguhabertv.com\/index.php?rest_route=\/wp\/v2\/posts"}],"about":[{"href":"https:\/\/doguhabertv.com\/index.php?rest_route=\/wp\/v2\/types\/post"}],"author":[{"embeddable":true,"href":"https:\/\/doguhabertv.com\/index.php?rest_route=\/wp\/v2\/users\/1"}],"replies":[{"embeddable":true,"href":"https:\/\/doguhabertv.com\/index.php?rest_route=%2Fwp%2Fv2%2Fcomments&post=3225"}],"version-history":[{"count":1,"href":"https:\/\/doguhabertv.com\/index.php?rest_route=\/wp\/v2\/posts\/3225\/revisions"}],"predecessor-version":[{"id":3227,"href":"https:\/\/doguhabertv.com\/index.php?rest_route=\/wp\/v2\/posts\/3225\/revisions\/3227"}],"wp:featuredmedia":[{"embeddable":true,"href":"https:\/\/doguhabertv.com\/index.php?rest_route=\/wp\/v2\/media\/3226"}],"wp:attachment":[{"href":"https:\/\/doguhabertv.com\/index.php?rest_route=%2Fwp%2Fv2%2Fmedia&parent=3225"}],"wp:term":[{"taxonomy":"category","embeddable":true,"href":"https:\/\/doguhabertv.com\/index.php?rest_route=%2Fwp%2Fv2%2Fcategories&post=3225"},{"taxonomy":"post_tag","embeddable":true,"href":"https:\/\/doguhabertv.com\/index.php?rest_route=%2Fwp%2Fv2%2Ftags&post=3225"}],"curies":[{"name":"wp","href":"https:\/\/api.w.org\/{rel}","templated":true}]}}