{"id":3222,"date":"2025-07-09T07:44:12","date_gmt":"2025-07-09T07:44:12","guid":{"rendered":"https:\/\/doguhabertv.com\/?p=3222"},"modified":"2025-07-09T07:44:12","modified_gmt":"2025-07-09T07:44:12","slug":"van-golunde-su-alti-temizligi","status":"publish","type":"post","link":"https:\/\/doguhabertv.com\/?p=3222","title":{"rendered":"Van G\u00f6l\u00fc&#8217;nde Su Alt\u0131 Temizli\u011fi"},"content":{"rendered":"<h2 id=\"spot\" class=\"mt10 haber_ozet\">Dalg\u0131\u00e7lar, Van G\u00f6l\u00fc&#8217;nde kirlili\u011fi \u00f6nlemek i\u00e7in temizlik yapt\u0131, bir\u00e7ok at\u0131k topland\u0131.<\/h2>\n<div class=\"news-detail-container\">\n<div class=\"left-block\">\n<div class=\"wrapper detay-v3_3 haber_metni\">\n<p>Van&#8217;da dalg\u0131\u00e7lar,\u00a0Van G\u00f6l\u00fc&#8217;ndeki kirlili\u011fin \u00f6nlenmesi ve gelecek nesillere daha temiz b\u0131rak\u0131lmas\u0131 amac\u0131yla y\u00fcr\u00fct\u00fclen \u00e7al\u0131\u015fmalar kapsam\u0131nda dip temizli\u011fi yapt\u0131, onlarca otomobil lasti\u011fi, po\u015fetlerce plastik ve metal at\u0131k \u00e7\u0131kard\u0131.<\/p>\n<p>Van B\u00fcy\u00fck\u015fehir Belediyesi, Van G\u00f6l\u00fc&#8217;n\u00fcn kirlilikten kurtar\u0131lmas\u0131 ve bu konuda fark\u0131ndal\u0131\u011f\u0131n art\u0131r\u0131lmas\u0131na y\u00f6nelik projelerini s\u00fcrd\u00fcr\u00fcyor.<\/p>\n<p>Kentteki at\u0131k sular\u0131n direkt olarak g\u00f6le de\u015farj edilmesini engellemek amac\u0131yla 4 y\u0131l \u00f6nce \u0130leri Biyolojik At\u0131k Su Ar\u0131tma Tesisi&#8217;ni devreye alan belediye, at\u0131k sular\u0131n ar\u0131t\u0131lmadan g\u00f6le de\u015farj edilmesi nedeniyle zeminde biriken dip \u00e7amurunu da temizliyor.<\/p>\n<p>\u015eu ana kadar 1 milyon 955 bin metrek\u00fcp dip \u00e7amuru ve bal\u00e7\u0131k \u00e7\u0131karan belediye, ayn\u0131 zamanda fark\u0131ndal\u0131k \u00e7al\u0131\u015fmalar\u0131yla g\u00f6l\u00fcn kat\u0131 at\u0131klarla kirletilmesinin \u00f6n\u00fcne ge\u00e7meyi hedefliyor.<\/p>\n<p>Bu kapsamda\u00a0\u0130tfaiye\u00a0Dairesi Ba\u015fkanl\u0131\u011f\u0131 b\u00fcnyesindeki Su Alt\u0131 Arama Kurtarma Birimi&#8217;ndeki dalg\u0131\u00e7lar, B\u00fcy\u00fck\u015fehir Belediyesi\u00a0\u0130klim De\u011fi\u015fikli\u011fi\u00a0ve S\u0131f\u0131r At\u0131k Dairesi Ba\u015fkanl\u0131\u011f\u0131 ve\u00a0T\u00fcrkiye\u00a0Su Alt\u0131 Sporlar\u0131 Federasyonu (TSSF)\u00a0\u00c7evre\u00a0Kurulunun deste\u011fiyle\u00a0Akdamar Adas\u0131\u00a0yak\u0131nlar\u0131nda dip temizli\u011fi yapt\u0131.<\/p>\n<p>7&#8217;si dalg\u0131\u00e7 26 personelin kat\u0131ld\u0131\u011f\u0131 etkinlikte Van G\u00f6l\u00fc&#8217;n\u00fcn derinliklerinde toplanan onlarca otomobil lasti\u011fi, plastik ve metal at\u0131klar k\u0131y\u0131ya \u00e7\u0131kar\u0131ld\u0131.<\/p>\n<p>Dalg\u0131\u00e7lar\u0131n yapt\u0131\u011f\u0131 temizlik \u00e7al\u0131\u015fmas\u0131, su alt\u0131 belgesel yap\u0131mc\u0131s\u0131 ve g\u00f6r\u00fcnt\u00fc y\u00f6netmeni\u00a0Tahsin Ceylan\u00a0taraf\u0131ndan kayda al\u0131nd\u0131.<\/p>\n<p>&#8220;Dile\u011fimiz plastiklerden, kirlilikten ar\u0131nm\u0131\u015f Van G\u00f6l\u00fc&#8217;n\u00fc gelecek ku\u015faklara b\u0131rakmakt\u0131r&#8221;<\/p>\n<p>Ceylan, biyolojik ve arkeolojik zenginli\u011fiyle g\u00f6z kama\u015ft\u0131ran ve her y\u0131l binlerce turistin ilgisini \u00e7eken Akdamar Adas\u0131 yak\u0131nlar\u0131nda temizlik \u00e7al\u0131\u015fmas\u0131n\u0131 ger\u00e7ekle\u015ftirdiklerini s\u00f6yledi.<\/p>\n<p>Van B\u00fcy\u00fck\u015fehir Belediyesinin organizasyonuyla anlaml\u0131 bir \u00e7al\u0131\u015fman\u0131n yap\u0131ld\u0131\u011f\u0131n\u0131 dile getiren Ceylan, \u015funlar\u0131 kaydetti:<\/p>\n<p>&#8220;Dalg\u0131\u00e7lar\u0131m\u0131z\u0131n toplad\u0131\u011f\u0131 \u00e7\u00f6pler, zemindeki at\u0131\u011f\u0131n sadece bir k\u0131sm\u0131.\u00a0Hani\u00a0derler ya &#8216;Van G\u00f6l\u00fc temiz kals\u0131n&#8217; ama temiz kalam\u0131yor. Bu g\u00f6r\u00fcnt\u00fcler de a\u00e7\u0131kl\u0131yor. Dile\u011fimiz plastiklerden, kirlilikten ar\u0131nm\u0131\u015f bir Van G\u00f6l\u00fc&#8217;n\u00fc gelecek ku\u015faklara b\u0131rakmakt\u0131r. Dilerim ki bu dile\u011fimizi ger\u00e7ekle\u015ftirmek i\u00e7in bu konuya hep birlikte hassasiyet g\u00f6steririz.<\/p>\n<p>Van B\u00fcy\u00fck\u015fehir Belediyesi, \u00fclkemizin bence en anlaml\u0131 ar\u0131tma sistemini Van&#8217;da kurdu. M\u00fckemmel \u00e7al\u0131\u015fan \u00f6rnek al\u0131nacak bir sistem ancak adaya gezmeye gelenlerin g\u00f6le \u00e7\u00f6p atmalar\u0131 bir k\u00fclt\u00fcr sorunu. \u0130nsan kaynakl\u0131 bask\u0131lar\u0131n \u00f6n\u00fcne ge\u00e7ilemiyor. Akdamar Adas\u0131 muhte\u015fem bir arkeolojik alan. Su \u00fcst\u00fc ayr\u0131 bir tarih. Medeniyetlerin su alt\u0131ndaki izleri hala gizemini koruyor. 20&#8217;li metrelerde bur\u00e7 benzeri yap\u0131lar g\u00f6r\u00fcyoruz. Demek oluyor ki g\u00f6l suyu 20 metreden daha fazla y\u00fckselmi\u015f zaman i\u00e7inde. Bu b\u00f6lgenin kirletilmemesi gerekir.&#8221;<\/p>\n<p>&#8220;G\u00f6lde bulunmamas\u0131 gereken her t\u00fcrl\u00fc materyal \u00e7\u0131kar\u0131ld\u0131&#8221;<\/p>\n<p>Temizlik \u00e7al\u0131\u015fmas\u0131na kat\u0131lan TSSF \u00c7evre Kurulu Ba\u015fkan\u0131 Mehtap Akba\u015f \u00c7iftci ise g\u00fczel \u00e7al\u0131\u015fmayla fark\u0131ndal\u0131k olu\u015fturmay\u0131 ama\u00e7lad\u0131klar\u0131n\u0131 belirtti.<\/p>\n<p>&#8220;G\u00f6l\u00fcn tabiat\u0131na ayk\u0131r\u0131 olan ve g\u00f6lde bulunmamas\u0131 gereken her t\u00fcrl\u00fc materyal dalg\u0131\u00e7lar taraf\u0131ndan \u00e7\u0131kar\u0131ld\u0131.&#8221; diyen \u00c7iftci, her y\u0131l ger\u00e7ekle\u015ftirdikleri su alt\u0131 temizli\u011fini bu y\u0131l da yapt\u0131klar\u0131n\u0131 ifade etti.<\/p>\n<p>Van G\u00f6l\u00fc&#8217;n\u00fcn \u00f6nemli de\u011fer oldu\u011funun alt\u0131n\u0131 \u00e7izen \u00c7iftci, &#8220;Ne yaz\u0131k ki bu do\u011fal g\u00fczelliklerimizin hi\u00e7 t\u00fckenmeyece\u011fini d\u00fc\u015f\u00fcnerek hareket ediyoruz. \u0130nsanlar olarak sular\u0131 kirletiyor, t\u00fcketiyoruz. Her y\u0131l ger\u00e7ekle\u015ftirdi\u011fimiz bu su alt\u0131 temizli\u011fi \u00e7al\u0131\u015fmas\u0131n\u0131 bu y\u0131l da Van B\u00fcy\u00fck\u015fehir Belediyesi \u0130tfaiye Dairesi Ba\u015fkanl\u0131\u011f\u0131 Su Alt\u0131 Arama Kurtarma Birimi ile ger\u00e7ekle\u015ftirdik. Ortaya \u00e7\u0131kan manzara bizi \u00fczd\u00fc. G\u00f6r\u00fcld\u00fc\u011f\u00fc gibi g\u00f6lde olmamas\u0131 gereken her t\u00fcrl\u00fc materyal var. Dilerim bundan sonraki y\u0131llarda b\u00f6yle \u00e7al\u0131\u015fmalara \u00e7ok fazla ihtiya\u00e7 olmaz, Van G\u00f6l\u00fc ve turizmin g\u00f6zdesi olan Akdamar Adas\u0131 temiz kal\u0131r.&#8221; diye konu\u015ftu.<\/p>\n<p>Akdamar Adas\u0131&#8217;n\u0131n Van G\u00f6l\u00fc&#8217;n\u00fcn incisi oldu\u011funu ifade eden TSSF \u0130l Temsilcisi Serkan \u00d6k de g\u00f6l zemininde kirlili\u011fin boyutlar\u0131n\u0131n \u00e7ok y\u00fcksek oldu\u011funu bildirerek, &#8220;Bug\u00fcn sahile \u00e7\u0131kard\u0131\u011f\u0131m\u0131z \u00e7\u00f6pler sadece bir noktada yo\u011funla\u015fm\u0131\u015f olanlar. G\u00f6l\u00fcn tamam\u0131ndaki kirlili\u011fin boyutunu siz d\u00fc\u015f\u00fcn\u00fcn. Amac\u0131m\u0131z, g\u00f6l\u00fcn kirlenmemesi i\u00e7in insanlarda bu duyarl\u0131l\u0131\u011f\u0131 sa\u011flamak ve hepimiz i\u00e7in umut verici gelece\u011fe haz\u0131r bir Van G\u00f6l\u00fc yaratmak.&#8221; ifadelerini kulland\u0131.<\/p>\n<\/div>\n<\/div>\n<\/div>\n","protected":false},"excerpt":{"rendered":"<p>Dalg\u0131\u00e7lar, Van G\u00f6l\u00fc&#8217;nde kirlili\u011fi \u00f6nlemek i\u00e7in temizlik yapt\u0131, bir\u00e7ok at\u0131k topland\u0131. Van&#8217;da dalg\u0131\u00e7lar,\u00a0Van G\u00f6l\u00fc&#8217;ndeki kirlili\u011fin \u00f6nlenmesi ve gelecek nesillere daha temiz b\u0131rak\u0131lmas\u0131 amac\u0131yla y\u00fcr\u00fct\u00fclen \u00e7al\u0131\u015fmalar kapsam\u0131nda dip temizli\u011fi yapt\u0131, onlarca otomobil lasti\u011fi, po\u015fetlerce plastik ve metal at\u0131k \u00e7\u0131kard\u0131. Van B\u00fcy\u00fck\u015fehir Belediyesi, Van G\u00f6l\u00fc&#8217;n\u00fcn kirlilikten kurtar\u0131lmas\u0131 ve bu konuda fark\u0131ndal\u0131\u011f\u0131n art\u0131r\u0131lmas\u0131na y\u00f6nelik projelerini s\u00fcrd\u00fcr\u00fcyor. Kentteki at\u0131k [&hellip;]<\/p>\n","protected":false},"author":1,"featured_media":3223,"comment_status":"open","ping_status":"closed","sticky":false,"template":"","format":"standard","meta":{"footnotes":""},"categories":[8,2300],"tags":[2347,389,529,2438,1570,2535,2495,2210,2534],"class_list":["post-3222","post","type-post","status-publish","format-standard","has-post-thumbnail","hentry","category-gundem","category-haber","tag-van","tag-cevre","tag-doga","tag-guncel","tag-otomobil","tag-plastik","tag-van-golu","tag-yasam","tag-yerel-yonetim"],"_links":{"self":[{"href":"https:\/\/doguhabertv.com\/index.php?rest_route=\/wp\/v2\/posts\/3222","targetHints":{"allow":["GET"]}}],"collection":[{"href":"https:\/\/doguhabertv.com\/index.php?rest_route=\/wp\/v2\/posts"}],"about":[{"href":"https:\/\/doguhabertv.com\/index.php?rest_route=\/wp\/v2\/types\/post"}],"author":[{"embeddable":true,"href":"https:\/\/doguhabertv.com\/index.php?rest_route=\/wp\/v2\/users\/1"}],"replies":[{"embeddable":true,"href":"https:\/\/doguhabertv.com\/index.php?rest_route=%2Fwp%2Fv2%2Fcomments&post=3222"}],"version-history":[{"count":1,"href":"https:\/\/doguhabertv.com\/index.php?rest_route=\/wp\/v2\/posts\/3222\/revisions"}],"predecessor-version":[{"id":3224,"href":"https:\/\/doguhabertv.com\/index.php?rest_route=\/wp\/v2\/posts\/3222\/revisions\/3224"}],"wp:featuredmedia":[{"embeddable":true,"href":"https:\/\/doguhabertv.com\/index.php?rest_route=\/wp\/v2\/media\/3223"}],"wp:attachment":[{"href":"https:\/\/doguhabertv.com\/index.php?rest_route=%2Fwp%2Fv2%2Fmedia&parent=3222"}],"wp:term":[{"taxonomy":"category","embeddable":true,"href":"https:\/\/doguhabertv.com\/index.php?rest_route=%2Fwp%2Fv2%2Fcategories&post=3222"},{"taxonomy":"post_tag","embeddable":true,"href":"https:\/\/doguhabertv.com\/index.php?rest_route=%2Fwp%2Fv2%2Ftags&post=3222"}],"curies":[{"name":"wp","href":"https:\/\/api.w.org\/{rel}","templated":true}]}}