{"id":3219,"date":"2025-07-08T08:02:47","date_gmt":"2025-07-08T08:02:47","guid":{"rendered":"https:\/\/doguhabertv.com\/?p=3219"},"modified":"2025-07-08T08:02:47","modified_gmt":"2025-07-08T08:02:47","slug":"yavru-leylek-yuvasina-kavusturuldu","status":"publish","type":"post","link":"https:\/\/doguhabertv.com\/?p=3219","title":{"rendered":"Yavru Leylek Yuvas\u0131na Kavu\u015fturuldu"},"content":{"rendered":"<h2 id=\"spot\" class=\"mt10 haber_ozet\">Kars&#8217;ta d\u00fc\u015fen yavru leylek, itfaiye ekipleri taraf\u0131ndan yuvas\u0131na yerle\u015ftirildi.<\/h2>\n<div class=\"news-detail-container\">\n<div class=\"left-block\">\n<div class=\"wrapper detay-v3_3 haber_metni\">\n<p>&nbsp;<\/p>\n<p>&nbsp;<\/p>\n<p>KARS&#8217;ta d\u00fc\u015fen yavru leylek, itfaiye ekipleri taraf\u0131ndan yuvas\u0131na konuldu.<\/p>\n<p>Arpa\u00e7ay\u00a0il\u00e7esine ba\u011fl\u0131\u00a0Tepek\u00f6y&#8217;de elektrik dire\u011findeki yuvas\u0131ndan d\u00fc\u015fen yavru leyle\u011fi g\u00f6renler, Arpa\u00e7ay Belediyesi\u00a0\u0130tfaiye\u00a0M\u00fcd\u00fcrl\u00fc\u011f\u00fc&#8217;nden yard\u0131m istedi. \u0130l\u00e7eye yakla\u015f\u0131k 5 kilometre uzakl\u0131ktaki k\u00f6ye ula\u015fan itfaiye ekibi, yavru leyle\u011fi kuca\u011f\u0131na alarak itfaiye merdiveni ile dire\u011fin \u00fczerine \u00e7\u0131kt\u0131. Yavru leylek, itfaiyecinin \u00f6zeni ile yuvas\u0131na konuldu.<\/p>\n<\/div>\n<\/div>\n<\/div>\n","protected":false},"excerpt":{"rendered":"<p>Kars&#8217;ta d\u00fc\u015fen yavru leylek, itfaiye ekipleri taraf\u0131ndan yuvas\u0131na yerle\u015ftirildi. &nbsp; &nbsp; KARS&#8217;ta d\u00fc\u015fen yavru leylek, itfaiye ekipleri taraf\u0131ndan yuvas\u0131na konuldu. Arpa\u00e7ay\u00a0il\u00e7esine ba\u011fl\u0131\u00a0Tepek\u00f6y&#8217;de elektrik dire\u011findeki yuvas\u0131ndan d\u00fc\u015fen yavru leyle\u011fi g\u00f6renler, Arpa\u00e7ay Belediyesi\u00a0\u0130tfaiye\u00a0M\u00fcd\u00fcrl\u00fc\u011f\u00fc&#8217;nden yard\u0131m istedi. \u0130l\u00e7eye yakla\u015f\u0131k 5 kilometre uzakl\u0131ktaki k\u00f6ye ula\u015fan itfaiye ekibi, yavru leyle\u011fi kuca\u011f\u0131na alarak itfaiye merdiveni ile dire\u011fin \u00fczerine \u00e7\u0131kt\u0131. Yavru leylek, itfaiyecinin [&hellip;]<\/p>\n","protected":false},"author":1,"featured_media":3220,"comment_status":"open","ping_status":"closed","sticky":false,"template":"","format":"standard","meta":{"footnotes":""},"categories":[8,2300],"tags":[2359,2334,2533,389,529,2460,2210,2439],"class_list":["post-3219","post","type-post","status-publish","format-standard","has-post-thumbnail","hentry","category-gundem","category-haber","tag-itfaiye","tag-kars","tag-arpacay","tag-cevre","tag-doga","tag-hayvan-haklari","tag-yasam","tag-yerel-haberler"],"_links":{"self":[{"href":"https:\/\/doguhabertv.com\/index.php?rest_route=\/wp\/v2\/posts\/3219","targetHints":{"allow":["GET"]}}],"collection":[{"href":"https:\/\/doguhabertv.com\/index.php?rest_route=\/wp\/v2\/posts"}],"about":[{"href":"https:\/\/doguhabertv.com\/index.php?rest_route=\/wp\/v2\/types\/post"}],"author":[{"embeddable":true,"href":"https:\/\/doguhabertv.com\/index.php?rest_route=\/wp\/v2\/users\/1"}],"replies":[{"embeddable":true,"href":"https:\/\/doguhabertv.com\/index.php?rest_route=%2Fwp%2Fv2%2Fcomments&post=3219"}],"version-history":[{"count":1,"href":"https:\/\/doguhabertv.com\/index.php?rest_route=\/wp\/v2\/posts\/3219\/revisions"}],"predecessor-version":[{"id":3221,"href":"https:\/\/doguhabertv.com\/index.php?rest_route=\/wp\/v2\/posts\/3219\/revisions\/3221"}],"wp:featuredmedia":[{"embeddable":true,"href":"https:\/\/doguhabertv.com\/index.php?rest_route=\/wp\/v2\/media\/3220"}],"wp:attachment":[{"href":"https:\/\/doguhabertv.com\/index.php?rest_route=%2Fwp%2Fv2%2Fmedia&parent=3219"}],"wp:term":[{"taxonomy":"category","embeddable":true,"href":"https:\/\/doguhabertv.com\/index.php?rest_route=%2Fwp%2Fv2%2Fcategories&post=3219"},{"taxonomy":"post_tag","embeddable":true,"href":"https:\/\/doguhabertv.com\/index.php?rest_route=%2Fwp%2Fv2%2Ftags&post=3219"}],"curies":[{"name":"wp","href":"https:\/\/api.w.org\/{rel}","templated":true}]}}