{"id":3216,"date":"2025-07-08T08:00:18","date_gmt":"2025-07-08T08:00:18","guid":{"rendered":"https:\/\/doguhabertv.com\/?p=3216"},"modified":"2025-07-08T08:00:18","modified_gmt":"2025-07-08T08:00:18","slug":"sehit-askerimizden-geriye-kuran-kerim-okudugu-goruntuler-kaldi","status":"publish","type":"post","link":"https:\/\/doguhabertv.com\/?p=3216","title":{"rendered":"\u015eehit askerimizden geriye Kur&#8217;an- Kerim okudu\u011fu g\u00f6r\u00fcnt\u00fcler kald\u0131"},"content":{"rendered":"<h2 id=\"spot\" class=\"mt10 haber_ozet\">Hakkari&#8217;de metan gaz\u0131 zehirlenmesinden \u015fehit olan 12 askerimizden olan 24 ya\u015f\u0131ndaki Piyade S\u00f6zle\u015fmeli Er Celalettin Uyan\u0131k&#8217;tan Kur&#8217;an-\u0131 Kerim okurken kaydetti\u011fi video kald\u0131. \u015eehit asker Uyan\u0131k&#8217;\u0131n videoya ba\u015flarken &#8220;E\u011fer olur da bir g\u00fcn \u015fehit olursam karde\u015fim, payla\u015f bunu, tamam m\u0131?&#8221; diyerek arkada\u015f\u0131na vasiyet verdi\u011fi g\u00f6r\u00fcld\u00fc.<\/h2>\n<div class=\"news-detail-container\">\n<div class=\"left-block\">\n<div class=\"wrapper detay-v3_3 haber_metni\">\n<p>Operasyon\u00a0s\u0131ras\u0131nda metan gaz\u0131na maruz kalarak \u015fehit olan 12 askerden biri olan\u00a0Piyade\u00a0S\u00f6zle\u015fmeli Er Celalettin Uyan\u0131k&#8217;\u0131n (24)\u00a0Mutki\u00a0il\u00e7esine ba\u011fl\u0131 Dereyolu k\u00f6y\u00fcndeki baba evine dev T\u00fcrk bayra\u011f\u0131 as\u0131ld\u0131.<\/p>\n<h3>\u015eEH\u0130D\u0130M\u0130ZDEN GER\u0130YE KUR&#8217;AN OKUDU\u011eU G\u00d6R\u00dcNT\u00dcLER KALDI<\/h3>\n<p>4 y\u0131ld\u0131r g\u00f6rev yapan Uyan\u0131k&#8217;\u0131n ac\u0131 haberi memleketi\u00a0Bitlis&#8217;in Mutki il\u00e7esine ba\u011fl\u0131 Dereyolu k\u00f6y\u00fcnde ya\u015fayan ailesine Mutki Kaymakaml\u0131\u011f\u0131 ve jandarma ekipleri taraf\u0131ndan verildi.<\/p>\n<h3>&#8220;\u015eEH\u0130T OLURSAM BUNU PAYLA\u015e&#8221;<\/h3>\n<p>\u015eehit Uyan\u0131k&#8217;tan geriye Kur&#8217;an-\u0131 Kerim okurken \u00e7ekildi\u011fi g\u00f6r\u00fcnt\u00fcler kald\u0131. \u015eehit asker Uyan\u0131k, videoya ba\u015flarken &#8220;E\u011fer olur da bir g\u00fcn \u015fehit olursam karde\u015fim, payla\u015f bunu, tamam m\u0131?&#8221; diyerek arkada\u015f\u0131na vasiyet verdi.<\/p>\n<p>Milli Savunma Bakanl\u0131\u011f\u0131ndan d\u00fcn yap\u0131lan a\u00e7\u0131klamaya g\u00f6re\u00a0Irak&#8217;\u0131n kuzeyinde metan gaz\u0131 zehirlenmesi nedeniyle 5 asker \u015fehit olmu\u015ftu. Sabah saatlerinde 3 askerin daha \u015fehit oldu\u011funu bildiren Bakanl\u0131k daha sonra say\u0131n\u0131n 12&#8217;ye y\u00fckseldi\u011fini duyurdu.<\/p>\n<p>Milli Savunma Bakanl\u0131\u011f\u0131&#8217;n\u0131n X hesab\u0131ndan yap\u0131lan a\u00e7\u0131klamada, &#8220;6 Temmuz 2025 tarihinde, Pen\u00e7e-Kilit Harek\u00e2t\u0131 b\u00f6lgesinde 852 Rak\u0131ml\u0131 Tepe&#8217;de b\u00f6l\u00fcc\u00fc ter\u00f6r \u00f6rg\u00fct\u00fc mensuplar\u0131 taraf\u0131ndan kullan\u0131lan bir ma\u011farada icra edilen arama tarama faaliyetinde, metan gaz\u0131ndan etkilenen d\u00f6rt kahraman silah arkada\u015f\u0131m\u0131z daha \u015fehit olmu\u015f, \u015fehit olan personel say\u0131s\u0131 on ikiye y\u00fckselmi\u015ftir. Mill\u00ee Savunma Bakan\u0131\u00a0Ya\u015far G\u00fcler,\u00a0TSK\u00a0komuta kademesi ile birlikte inceleme, denetlemelerde bulunmak ve \u015fehitlerimizin u\u011furlama t\u00f6renlerine kat\u0131lmak \u00fczere b\u00f6lgeye gitmi\u015ftir. Bizleri derin bir ac\u0131 ve \u00fcz\u00fcnt\u00fcye bo\u011fan bu olayda hayat\u0131n\u0131 kaybeden aziz \u015fehitlerimize Allah&#8217;tan rahmet, kederli ailelerine, T\u00fcrk Silahl\u0131 Kuvvetleri ile asil milletimize ba\u015fsa\u011fl\u0131\u011f\u0131 ve sab\u0131r, etkilenenlere de acil \u015fifalar dileriz.&#8221; denildi.<\/p>\n<h3>\u0130\u015eTE \u015eEH\u0130TLER\u0130M\u0130Z\u0130N K\u0130ML\u0130KLER\u0130<\/h3>\n<p>Piyade\u00a0Te\u011fmen\u00a0Furkan Sert<\/p>\n<p>Piyade\u00a0Astsubay K\u0131demli \u00c7avu\u015f\u00a0Fikret Mangura<\/p>\n<p>Piyade Uzman \u00c7avu\u015f Enver Yaman<\/p>\n<p>Piyade Uzman \u00c7avu\u015f Kani Obi<\/p>\n<\/div>\n<p><img decoding=\"async\" src=\"https:\/\/foto.sondakika.com\/haber\/2025\/07\/07\/sehit-askerimizden-geriye-kur-an-kerim-okudugu-18826211_1536_m.jpg\" alt=\"\u015eehit askerimizden geriye Kur'an- Kerim okudu\u011fu g\u00f6r\u00fcnt\u00fcler kald\u0131\" \/><\/p>\n<\/div>\n<p>\u0130stihkam Uzman \u00c7avu\u015f \u00dcmit \u00dcz\u00fcm<\/p>\n<p>Piyade S\u00f6zle\u015fmeli Er Celalettin Uyan\u0131k<\/p>\n<p>Piyade s\u00f6zle\u015fmeli Er Ahmet G\u00fcltekin<\/p>\n<p><img decoding=\"async\" src=\"https:\/\/foto.sondakika.com\/haber\/2025\/07\/07\/sehit-askerimizden-geriye-kur-an-kerim-okudugu-18826211_496_m.jpg\" alt=\"\u015eehit askerimizden geriye Kur'an- Kerim okudu\u011fu g\u00f6r\u00fcnt\u00fcler kald\u0131\" \/><\/p>\n<p>\u0130stihkam \u00dcste\u011fmen\u00a0Ege\u00a0Akar<\/p>\n<p>Astsubay K\u0131demli \u00c7avu\u015f Abdurrahman Akdo\u011fan,<\/p>\n<p>Piyade S\u00f6zle\u015fmeli Mahsun Ye\u015fildemir<\/p>\n<p>Piyade S\u00f6zle\u015fmeli \u00d6zkan \u00d6zkanl\u0131<\/p>\n<p>Piyade S\u00f6zle\u015fmeli Ahmet Ku\u015fak<\/p>\n<p><img decoding=\"async\" src=\"https:\/\/foto.sondakika.com\/haber\/2025\/07\/07\/sehit-askerimizden-geriye-kur-an-kerim-okudugu-18826211_1490_m.jpg\" alt=\"\u015eehit askerimizden geriye Kur'an- Kerim okudu\u011fu g\u00f6r\u00fcnt\u00fcler kald\u0131\" \/><\/p>\n<h3>BAKANLIK YA\u015eANANLARIN DETAYLARINI A\u00c7IKLADI<\/h3>\n<p>MSB yapt\u0131\u011f\u0131 ilk a\u00e7\u0131klamada ya\u015fananlar\u0131n detaylar\u0131na yer vermi\u015fti. Yap\u0131lan a\u00e7\u0131klamada \u015fu ifadelere yer verildi: &#8220;Pen\u00e7e-Kilit Harek\u00e2t\u0131 kapsam\u0131nda 28 May\u0131s 2022 tarihinde icra edilen ma\u011fara arama-temizleme faaliyeti s\u0131ras\u0131nda, ter\u00f6ristlerin a\u00e7t\u0131\u011f\u0131 ate\u015f sonucu P. \u00dct\u011fm. Nuri Melih\u00a0 Bozkrt\u00a0\u015fehit olmu\u015f, yo\u011fun ate\u015f nedeniyle naa\u015f\u0131na ula\u015f\u0131lamam\u0131\u015ft\u0131r. B\u00f6lge kontrol alt\u0131na al\u0131nm\u0131\u015f, ter\u00f6ristler etkisiz h\u00e2le getirilmi\u015f ancak t\u00fcm aramalara ra\u011fmen \u015fehidimizin naa\u015f\u0131na hen\u00fcz ula\u015f\u0131lamam\u0131\u015ft\u0131r. Arama \u00e7al\u0131\u015fmalar\u0131nda, naa\u015f\u0131n bulunabilece\u011fi t\u00fcm alanlar \u00f6zel te\u015fkil edilen ekiplerce titizlikle taranmaktad\u0131r. Devam eden arama faaliyetleri kapsam\u0131nda; Pen\u00e7e-Kilit Harek\u00e2t b\u00f6lgesinde bulunan, \u00f6nceden hastane maksad\u0131yla kullan\u0131ld\u0131\u011f\u0131 bilinen, ter\u00f6ristlerden temizlenmi\u015f olan 852 rak\u0131ml\u0131 tepedeki bir ma\u011farada 6 Temmuz 2025 tarihinde yap\u0131lan arama-tarama faaliyeti s\u0131ras\u0131nda 19 personelimiz metan gaz\u0131na maruz kalm\u0131\u015f, derh\u00e2l hastaneye sevk edilmi\u015f; yap\u0131lan t\u00fcm m\u00fcdahalelere ra\u011fmen be\u015f kahraman personelimiz \u015fehit olmu\u015ftur.&#8221;<\/p>\n<\/div>\n<p><img decoding=\"async\" src=\"https:\/\/foto.sondakika.com\/haber\/2025\/07\/07\/sehit-askerimizden-geriye-kur-an-kerim-okudugu-18826211_8050_m.jpg\" alt=\"\u015eehit askerimizden geriye Kur'an- Kerim okudu\u011fu g\u00f6r\u00fcnt\u00fcler kald\u0131\" \/><\/p>\n<p>&nbsp;<\/p>\n<h3>\u015eEH\u0130T 6 ASKER \u0130\u00c7\u0130N HAKKAR\u0130&#8217;DE T\u00d6REN<\/h3>\n<p>Metan gaz\u0131na maruz\u00a0<i>kalarak\u00a0<\/i>\u015fehit olan 6 asker,\u00a0Hakkari&#8217;nin\u00a0Y\u00fcksekova\u00a0il\u00e7esindeki Selahattin Eyyubi Havaliman\u0131&#8217;nda d\u00fczenlenen t\u00f6renle memleketlerine u\u011furland\u0131.<\/p>\n<p>T\u00f6rene,\u00a0Milli Savunma Bakan\u0131\u00a0Ya\u015far G\u00fcler, Genelkurmay Ba\u015fkan\u0131\u00a0Orgeneral\u00a0Metin G\u00fcrak, Deniz Kuvvetleri Komutan\u0131 Oramiral\u00a0Erc\u00fcment Tatl\u0131o\u011flu, Kara Kuvvetleri Komutan\u0131 Orgeneral\u00a0Sel\u00e7uk Bayraktaro\u011flu, Hava Kuvvetleri Komutan\u0131 Orgeneral\u00a0Ziya Cemal Kad\u0131o\u011flu, Hakkari Valisi\u00a0Ali \u00c7elik, \u0130l Emniyet M\u00fcd\u00fcr\u00fc\u00a0\u0130dris Y\u0131lmaz, \u0130l\u00a0Jandarma\u00a0Komutan\u0131\u00a0Tu\u011fgeneral\u00a0Necip \u00c7ar\u0131kc\u0131o\u011flu, Y\u00fcksekova Kaymakam\u0131\u00a0Mustafa Ak\u0131n,\u00a0AK Parti\u00a0Hakkari \u0130l Ba\u015fkan\u0131 Zeydin Kaya, il\u00e7e belediye ba\u015fkanlar\u0131 ve kurum m\u00fcd\u00fcrleri kat\u0131ld\u0131.<\/p>\n<p>Yap\u0131lan bir dakikal\u0131k sayg\u0131 duru\u015funun ard\u0131ndan \u015fehitlerin \u00f6z ge\u00e7mi\u015fleri okundu.<\/p>\n<p>Dualar\u0131n okunmas\u0131 sonras\u0131 \u015fehitlerin T\u00fcrk bayra\u011f\u0131na sar\u0131l\u0131 tabutlar\u0131 silah arkada\u015flar\u0131n\u0131n omuzlar\u0131nda u\u00e7a\u011fa konularak son yolculuklar\u0131na u\u011furlanmak \u00fczere memleketlerine u\u011furland\u0131.<\/p>\n<p>&nbsp;<\/p>\n","protected":false},"excerpt":{"rendered":"<p>Hakkari&#8217;de metan gaz\u0131 zehirlenmesinden \u015fehit olan 12 askerimizden olan 24 ya\u015f\u0131ndaki Piyade S\u00f6zle\u015fmeli Er Celalettin Uyan\u0131k&#8217;tan Kur&#8217;an-\u0131 Kerim okurken kaydetti\u011fi video kald\u0131. \u015eehit asker Uyan\u0131k&#8217;\u0131n videoya ba\u015flarken &#8220;E\u011fer olur da bir g\u00fcn \u015fehit olursam karde\u015fim, payla\u015f bunu, tamam m\u0131?&#8221; diyerek arkada\u015f\u0131na vasiyet verdi\u011fi g\u00f6r\u00fcld\u00fc. Operasyon\u00a0s\u0131ras\u0131nda metan gaz\u0131na maruz kalarak \u015fehit olan 12 askerden biri olan\u00a0Piyade\u00a0S\u00f6zle\u015fmeli [&hellip;]<\/p>\n","protected":false},"author":1,"featured_media":3217,"comment_status":"open","ping_status":"closed","sticky":false,"template":"","format":"standard","meta":{"footnotes":""},"categories":[8,2300],"tags":[2312,2438,2532],"class_list":["post-3216","post","type-post","status-publish","format-standard","has-post-thumbnail","hentry","category-gundem","category-haber","tag-hakkari","tag-guncel","tag-piyade"],"_links":{"self":[{"href":"https:\/\/doguhabertv.com\/index.php?rest_route=\/wp\/v2\/posts\/3216","targetHints":{"allow":["GET"]}}],"collection":[{"href":"https:\/\/doguhabertv.com\/index.php?rest_route=\/wp\/v2\/posts"}],"about":[{"href":"https:\/\/doguhabertv.com\/index.php?rest_route=\/wp\/v2\/types\/post"}],"author":[{"embeddable":true,"href":"https:\/\/doguhabertv.com\/index.php?rest_route=\/wp\/v2\/users\/1"}],"replies":[{"embeddable":true,"href":"https:\/\/doguhabertv.com\/index.php?rest_route=%2Fwp%2Fv2%2Fcomments&post=3216"}],"version-history":[{"count":1,"href":"https:\/\/doguhabertv.com\/index.php?rest_route=\/wp\/v2\/posts\/3216\/revisions"}],"predecessor-version":[{"id":3218,"href":"https:\/\/doguhabertv.com\/index.php?rest_route=\/wp\/v2\/posts\/3216\/revisions\/3218"}],"wp:featuredmedia":[{"embeddable":true,"href":"https:\/\/doguhabertv.com\/index.php?rest_route=\/wp\/v2\/media\/3217"}],"wp:attachment":[{"href":"https:\/\/doguhabertv.com\/index.php?rest_route=%2Fwp%2Fv2%2Fmedia&parent=3216"}],"wp:term":[{"taxonomy":"category","embeddable":true,"href":"https:\/\/doguhabertv.com\/index.php?rest_route=%2Fwp%2Fv2%2Fcategories&post=3216"},{"taxonomy":"post_tag","embeddable":true,"href":"https:\/\/doguhabertv.com\/index.php?rest_route=%2Fwp%2Fv2%2Ftags&post=3216"}],"curies":[{"name":"wp","href":"https:\/\/api.w.org\/{rel}","templated":true}]}}