{"id":3212,"date":"2025-07-08T07:58:05","date_gmt":"2025-07-08T07:58:05","guid":{"rendered":"https:\/\/doguhabertv.com\/?p=3212"},"modified":"2025-07-08T07:58:05","modified_gmt":"2025-07-08T07:58:05","slug":"hakkaride-sehitlerimiz-icin-ikinci-toren-6-kahraman-memleketlerine-ugurlandi","status":"publish","type":"post","link":"https:\/\/doguhabertv.com\/?p=3212","title":{"rendered":"Hakkari&#8217;de \u015fehitlerimiz i\u00e7in ikinci t\u00f6ren: 6 kahraman memleketlerine u\u011furland\u0131"},"content":{"rendered":"<h2 id=\"spot\" class=\"mt10 haber_ozet\">Pen\u00e7e-Kilit Harekat\u0131 b\u00f6lgesinde ter\u00f6r \u00f6rg\u00fct\u00fc taraf\u0131ndan kullan\u0131lan bir ma\u011farada y\u00fcr\u00fct\u00fclen arama tarama faaliyeti s\u0131ras\u0131nda metan gaz\u0131ndan etkilenerek \u015fehit olan 6 askerin naa\u015f\u0131 d\u00fczenlenen ikinci bir t\u00f6renle memleketlerine u\u011furland\u0131.<\/h2>\n<div class=\"news-detail-container\">\n<div class=\"left-block\">\n<div class=\"wrapper detay-v3_3 haber_metni\">\n<p>Pen\u00e7e-Kilit Harekat\u0131 b\u00f6lgesinde ter\u00f6r \u00f6rg\u00fct\u00fc taraf\u0131ndan kullan\u0131lan bir ma\u011farada y\u00fcr\u00fct\u00fclen arama tarama faaliyeti s\u0131ras\u0131nda metan gaz\u0131ndan etkilenerek \u015fehit olan 6 askerin naa\u015f\u0131 d\u00fczenlenen t\u00f6renle memleketlerine u\u011furland\u0131.<\/p>\n<p><img decoding=\"async\" src=\"https:\/\/foto.sondakika.com\/haber\/2025\/07\/07\/hakkari-de-sehit-diger-6-asker-icin-ikinci-toren-18826489_1023_m.jpg\" alt=\"Hakkari'de \u015eehit Di\u011fer 6 Asker \u0130\u00e7in \u0130kinci T\u00f6ren\" \/><\/p>\n<h3>NAA\u015eLARI T\u00dcRK BAYRA\u011eINA SARILDI<\/h3>\n<p>Y\u00fcksekova\u00a0Selahaddin Eyyubi\u00a0Havaliman\u0131&#8217;nda d\u00fczenlenen t\u00f6rende \u015fehitler\u00a0Piyade\u00a0Te\u011fmen\u00a0Furkan Sert, Piyade\u00a0Komando\u00a0Astsubay K\u0131demli \u00c7avu\u015f\u00a0Fikret Mangura, \u0130stikam Uzman \u00c7avu\u015f \u00dcmit \u00dcz\u00fcm, Piyade Uzman \u00c7avu\u015flar Enver Yaman ve Kani Obi ile Piyade S\u00f6zle\u015fmeli Er Celattin Uyan\u0131k&#8217;\u0131n T\u00fcrk bayra\u011f\u0131na sar\u0131l\u0131 naa\u015flar\u0131 alana getirildi.<\/p>\n<\/div>\n<p><img decoding=\"async\" src=\"https:\/\/foto.sondakika.com\/haber\/2025\/07\/07\/hakkari-de-sehit-diger-6-asker-icin-ikinci-toren-18826489_2817_m.jpg\" alt=\"Hakkari'de \u015eehit Di\u011fer 6 Asker \u0130\u00e7in \u0130kinci T\u00f6ren\" \/><\/p>\n<h3>S\u0130LAH ARKADA\u015eLARI TARAFINDAN MEMLEKETLER\u0130NE U\u011eURLANDILAR<\/h3>\n<p>Sayg\u0131 duru\u015funda bulunulmas\u0131n\u0131n ard\u0131ndan \u015fehitlerin \u00f6zge\u00e7mi\u015fleri okundu, dua edildi. Silah arkada\u015flar\u0131 taraf\u0131ndan omuzlarda ta\u015f\u0131narak T\u00fcrk Hava Kuvvetlerine ait u\u00e7aklara konulan \u015fehitlerin cenazeleri, memleketlerine u\u011furland\u0131<\/p>\n<p><img decoding=\"async\" src=\"https:\/\/foto.sondakika.com\/haber\/2025\/07\/07\/hakkari-de-sehit-diger-6-asker-icin-ikinci-toren-18826489_7121_m.jpg\" alt=\"Hakkari'de \u015eehit Di\u011fer 6 Asker \u0130\u00e7in \u0130kinci T\u00f6ren\" \/><\/p>\n<h3>T\u00d6RENE BAKAN G\u00dcLER VE GENELKURMAY BA\u015eKANI G\u00dcRAK DA KATILDI<\/h3>\n<p>T\u00f6rene\u00a0Milli Savunma Bakan\u0131\u00a0Ya\u015far G\u00fcler, Genelkurmay Ba\u015fkan\u0131\u00a0Orgeneral\u00a0Metin G\u00fcrak, Kara Kuvvetleri Komutan\u0131 Orgeneral\u00a0Sel\u00e7uk Bayraktaro\u011flu, Hava Kuvvetleri Komutan\u0131 Orgeneral\u00a0Ziya Cemal Kad\u0131o\u011flu, Deniz Kuvvetleri Komutan\u0131 Oramiral\u00a0Erc\u00fcment Tatl\u0131o\u011flu,\u00a0Hakkari\u00a0Valisi ve Belediye Ba\u015fkan Vekili\u00a0Ali \u00c7elik, Y\u00fcksekova 3. Piyade T\u00fcmen Komutan\u0131 T\u00fcmgeneral Ferat Vural, \u0130l\u00a0Jandarma\u00a0Komutan\u0131\u00a0Tu\u011fgeneral\u00a0Necip \u00c7ar\u0131kc\u0131o\u011flu, vali yard\u0131mc\u0131lar\u0131, \u0130l Emniyet M\u00fcd\u00fcr\u00fc\u00a0\u0130dris Y\u0131lmaz, Y\u00fcksekova Kaymakam\u0131\u00a0Mustafa Ak\u0131n, siyasi parti temsilcileri, kurum amirleri, polisler ve askerler kat\u0131ld\u0131.<\/p>\n<p><img decoding=\"async\" src=\"https:\/\/foto.sondakika.com\/haber\/2025\/07\/07\/hakkari-de-sehit-diger-6-asker-icin-ikinci-toren-18826489_4557_m.jpg\" alt=\"Hakkari'de \u015eehit Di\u011fer 6 Asker \u0130\u00e7in \u0130kinci T\u00f6ren\" \/><\/p>\n<h3>D\u0130\u011eER 6 \u015eEH\u0130D\u0130M\u0130Z \u00d6\u011eLE SAATLER\u0130NDE U\u011eURLANMI\u015eTI<\/h3>\n<p>Pen\u00e7e-Kilit Harekat\u0131 b\u00f6lgesinde, ter\u00f6r \u00f6rg\u00fct\u00fc taraf\u0131ndan kullan\u0131lan bir ma\u011farada y\u00fcr\u00fct\u00fclen arama tarama faaliyeti s\u0131ras\u0131nda metan gaz\u0131ndan etkilenerek \u015fehit olan di\u011fer 6 askerimizin naa\u015flar\u0131, \u00f6\u011fle saatlerinde d\u00fczenlenen t\u00f6renle memleketlerine u\u011furlanm\u0131\u015ft\u0131.<\/p>\n<\/div>\n<\/div>\n","protected":false},"excerpt":{"rendered":"<p>Pen\u00e7e-Kilit Harekat\u0131 b\u00f6lgesinde ter\u00f6r \u00f6rg\u00fct\u00fc taraf\u0131ndan kullan\u0131lan bir ma\u011farada y\u00fcr\u00fct\u00fclen arama tarama faaliyeti s\u0131ras\u0131nda metan gaz\u0131ndan etkilenerek \u015fehit olan 6 askerin naa\u015f\u0131 d\u00fczenlenen ikinci bir t\u00f6renle memleketlerine u\u011furland\u0131. Pen\u00e7e-Kilit Harekat\u0131 b\u00f6lgesinde ter\u00f6r \u00f6rg\u00fct\u00fc taraf\u0131ndan kullan\u0131lan bir ma\u011farada y\u00fcr\u00fct\u00fclen arama tarama faaliyeti s\u0131ras\u0131nda metan gaz\u0131ndan etkilenerek \u015fehit olan 6 askerin naa\u015f\u0131 d\u00fczenlenen t\u00f6renle memleketlerine u\u011furland\u0131. NAA\u015eLARI [&hellip;]<\/p>\n","protected":false},"author":1,"featured_media":3214,"comment_status":"open","ping_status":"closed","sticky":false,"template":"","format":"standard","meta":{"footnotes":""},"categories":[8,2300],"tags":[2312,2337,2438,2037,2071],"class_list":["post-3212","post","type-post","status-publish","format-standard","has-post-thumbnail","hentry","category-gundem","category-haber","tag-hakkari","tag-yuksekova","tag-guncel","tag-teror","tag-toren"],"_links":{"self":[{"href":"https:\/\/doguhabertv.com\/index.php?rest_route=\/wp\/v2\/posts\/3212","targetHints":{"allow":["GET"]}}],"collection":[{"href":"https:\/\/doguhabertv.com\/index.php?rest_route=\/wp\/v2\/posts"}],"about":[{"href":"https:\/\/doguhabertv.com\/index.php?rest_route=\/wp\/v2\/types\/post"}],"author":[{"embeddable":true,"href":"https:\/\/doguhabertv.com\/index.php?rest_route=\/wp\/v2\/users\/1"}],"replies":[{"embeddable":true,"href":"https:\/\/doguhabertv.com\/index.php?rest_route=%2Fwp%2Fv2%2Fcomments&post=3212"}],"version-history":[{"count":1,"href":"https:\/\/doguhabertv.com\/index.php?rest_route=\/wp\/v2\/posts\/3212\/revisions"}],"predecessor-version":[{"id":3215,"href":"https:\/\/doguhabertv.com\/index.php?rest_route=\/wp\/v2\/posts\/3212\/revisions\/3215"}],"wp:featuredmedia":[{"embeddable":true,"href":"https:\/\/doguhabertv.com\/index.php?rest_route=\/wp\/v2\/media\/3214"}],"wp:attachment":[{"href":"https:\/\/doguhabertv.com\/index.php?rest_route=%2Fwp%2Fv2%2Fmedia&parent=3212"}],"wp:term":[{"taxonomy":"category","embeddable":true,"href":"https:\/\/doguhabertv.com\/index.php?rest_route=%2Fwp%2Fv2%2Fcategories&post=3212"},{"taxonomy":"post_tag","embeddable":true,"href":"https:\/\/doguhabertv.com\/index.php?rest_route=%2Fwp%2Fv2%2Ftags&post=3212"}],"curies":[{"name":"wp","href":"https:\/\/api.w.org\/{rel}","templated":true}]}}