{"id":3206,"date":"2025-07-07T08:36:44","date_gmt":"2025-07-07T08:36:44","guid":{"rendered":"https:\/\/doguhabertv.com\/?p=3206"},"modified":"2025-07-07T08:36:44","modified_gmt":"2025-07-07T08:36:44","slug":"surucusunun-kontrolunden-cikan-otomobil-takla-atti-2-yarali","status":"publish","type":"post","link":"https:\/\/doguhabertv.com\/?p=3206","title":{"rendered":"S\u00fcr\u00fcc\u00fcs\u00fcn\u00fcn kontrol\u00fcnden \u00e7\u0131kan otomobil takla att\u0131: 2 yaral\u0131"},"content":{"rendered":"<p>Diyarbak\u0131r\u2019\u0131n Silvan il\u00e7esinde s\u00fcr\u00fcc\u00fcs\u00fcn\u00fcn direksiyon hakimiyetin kaybetti\u011fi otomobilin takla atmas\u0131 sonucu 2 ki\u015fi yaraland\u0131.<\/p>\n<p>&nbsp;<\/p>\n<p>Edinilen bilgilere g\u00f6re, Yolaras\u0131 k\u00f6y\u00fc mevkisinde 46 AJU 562 plakal\u0131 Opel marka otomobil, s\u00fcr\u00fcc\u00fcs\u00fcn\u00fcn direksiyon hakimiyetini kaybetmesi sonucu yoldan \u00e7\u0131karak takla att\u0131. \u0130hbar \u00fczerine olay yerine sa\u011fl\u0131k ve jandarma ekibi sevk edildi. Kazada yaralanan 2 ki\u015fi, sa\u011fl\u0131k ekiplerinin ilk m\u00fcdahalesinin ard\u0131ndan Dr. Yusuf Azizo\u011flu Devlet Hastanesine sevk edildi.<\/p>\n<p>&nbsp;<\/p>\n<p><img decoding=\"async\" src=\"https:\/\/cdn.iha.com.tr\/Contents\/images\/2025\/06\/27\/20250627aw485373-1.jpg\" alt=\"S\u00fcr\u00fcc\u00fcs\u00fcn\u00fcn kontrol\u00fcnden \u00e7\u0131kan otomobil takla att\u0131: 2 yaral\u0131\n\" \/><\/p>\n","protected":false},"excerpt":{"rendered":"<p>Diyarbak\u0131r\u2019\u0131n Silvan il\u00e7esinde s\u00fcr\u00fcc\u00fcs\u00fcn\u00fcn direksiyon hakimiyetin kaybetti\u011fi otomobilin takla atmas\u0131 sonucu 2 ki\u015fi yaraland\u0131. &nbsp; Edinilen bilgilere g\u00f6re, Yolaras\u0131 k\u00f6y\u00fc mevkisinde 46 AJU 562 plakal\u0131 Opel marka otomobil, s\u00fcr\u00fcc\u00fcs\u00fcn\u00fcn direksiyon hakimiyetini kaybetmesi sonucu yoldan \u00e7\u0131karak takla att\u0131. \u0130hbar \u00fczerine olay yerine sa\u011fl\u0131k ve jandarma ekibi sevk edildi. Kazada yaralanan 2 ki\u015fi, sa\u011fl\u0131k ekiplerinin ilk m\u00fcdahalesinin [&hellip;]<\/p>\n","protected":false},"author":1,"featured_media":3207,"comment_status":"open","ping_status":"closed","sticky":false,"template":"","format":"standard","meta":{"footnotes":""},"categories":[8,2300],"tags":[2299,1228,1958,2531],"class_list":["post-3206","post","type-post","status-publish","format-standard","has-post-thumbnail","hentry","category-gundem","category-haber","tag-yarali","tag-kontrol","tag-surucu","tag-takla"],"_links":{"self":[{"href":"https:\/\/doguhabertv.com\/index.php?rest_route=\/wp\/v2\/posts\/3206","targetHints":{"allow":["GET"]}}],"collection":[{"href":"https:\/\/doguhabertv.com\/index.php?rest_route=\/wp\/v2\/posts"}],"about":[{"href":"https:\/\/doguhabertv.com\/index.php?rest_route=\/wp\/v2\/types\/post"}],"author":[{"embeddable":true,"href":"https:\/\/doguhabertv.com\/index.php?rest_route=\/wp\/v2\/users\/1"}],"replies":[{"embeddable":true,"href":"https:\/\/doguhabertv.com\/index.php?rest_route=%2Fwp%2Fv2%2Fcomments&post=3206"}],"version-history":[{"count":1,"href":"https:\/\/doguhabertv.com\/index.php?rest_route=\/wp\/v2\/posts\/3206\/revisions"}],"predecessor-version":[{"id":3208,"href":"https:\/\/doguhabertv.com\/index.php?rest_route=\/wp\/v2\/posts\/3206\/revisions\/3208"}],"wp:featuredmedia":[{"embeddable":true,"href":"https:\/\/doguhabertv.com\/index.php?rest_route=\/wp\/v2\/media\/3207"}],"wp:attachment":[{"href":"https:\/\/doguhabertv.com\/index.php?rest_route=%2Fwp%2Fv2%2Fmedia&parent=3206"}],"wp:term":[{"taxonomy":"category","embeddable":true,"href":"https:\/\/doguhabertv.com\/index.php?rest_route=%2Fwp%2Fv2%2Fcategories&post=3206"},{"taxonomy":"post_tag","embeddable":true,"href":"https:\/\/doguhabertv.com\/index.php?rest_route=%2Fwp%2Fv2%2Ftags&post=3206"}],"curies":[{"name":"wp","href":"https:\/\/api.w.org\/{rel}","templated":true}]}}