{"id":3200,"date":"2025-07-07T08:34:42","date_gmt":"2025-07-07T08:34:42","guid":{"rendered":"https:\/\/doguhabertv.com\/?p=3200"},"modified":"2025-07-07T08:34:42","modified_gmt":"2025-07-07T08:34:42","slug":"diyarbakirda-bir-apartmanda-yangin-cikti-olay-yerine-cok-sayida-itfaiye-saglik-ve-polis-ekibi-sevk-edilirken-apartmanda-mahsur-kalanlarin-oldugu-ogrenildi","status":"publish","type":"post","link":"https:\/\/doguhabertv.com\/?p=3200","title":{"rendered":"Diyarbak\u0131r\u2019da bir apartmanda yang\u0131n \u00e7\u0131kt\u0131. Olay yerine \u00e7ok say\u0131da itfaiye, sa\u011fl\u0131k ve polis ekibi sevk edilirken, apartmanda mahsur kalanlar\u0131n oldu\u011fu \u00f6\u011frenildi."},"content":{"rendered":"<p>Diyarbak\u0131r\u2019da bir apartmanda yang\u0131n \u00e7\u0131kt\u0131. Olay yerine \u00e7ok say\u0131da itfaiye, sa\u011fl\u0131k ve polis ekibi sevk edilirken, apartmanda mahsur kalanlar\u0131n oldu\u011fu \u00f6\u011frenildi.<\/p>\n<p>&nbsp;<\/p>\n<p><img decoding=\"async\" src=\"https:\/\/cdn.iha.com.tr\/Contents\/images\/2025\/06\/28\/20250628aw486012-2.jpg\" alt=\"Diyarbak\u0131r\u2019da bir apartmanda yang\u0131n \u00e7\u0131kt\u0131. Olay yerine \u00e7ok say\u0131da itfaiye, sa\u011fl\u0131k ve polis ekibi sevk edilirken, apartmanda mahsur kalanlar\u0131n oldu\u011fu \u00f6\u011frenildi.\n\" \/><\/p>\n","protected":false},"excerpt":{"rendered":"<p>Diyarbak\u0131r\u2019da bir apartmanda yang\u0131n \u00e7\u0131kt\u0131. Olay yerine \u00e7ok say\u0131da itfaiye, sa\u011fl\u0131k ve polis ekibi sevk edilirken, apartmanda mahsur kalanlar\u0131n oldu\u011fu \u00f6\u011frenildi. &nbsp;<\/p>\n","protected":false},"author":1,"featured_media":3201,"comment_status":"open","ping_status":"closed","sticky":false,"template":"","format":"standard","meta":{"footnotes":""},"categories":[8,2300],"tags":[2324,2530,1525,1661,1737,2190],"class_list":["post-3200","post","type-post","status-publish","format-standard","has-post-thumbnail","hentry","category-gundem","category-haber","tag-diyarbakir","tag-mashur","tag-olay","tag-polis","tag-saglik","tag-yangin"],"_links":{"self":[{"href":"https:\/\/doguhabertv.com\/index.php?rest_route=\/wp\/v2\/posts\/3200","targetHints":{"allow":["GET"]}}],"collection":[{"href":"https:\/\/doguhabertv.com\/index.php?rest_route=\/wp\/v2\/posts"}],"about":[{"href":"https:\/\/doguhabertv.com\/index.php?rest_route=\/wp\/v2\/types\/post"}],"author":[{"embeddable":true,"href":"https:\/\/doguhabertv.com\/index.php?rest_route=\/wp\/v2\/users\/1"}],"replies":[{"embeddable":true,"href":"https:\/\/doguhabertv.com\/index.php?rest_route=%2Fwp%2Fv2%2Fcomments&post=3200"}],"version-history":[{"count":1,"href":"https:\/\/doguhabertv.com\/index.php?rest_route=\/wp\/v2\/posts\/3200\/revisions"}],"predecessor-version":[{"id":3202,"href":"https:\/\/doguhabertv.com\/index.php?rest_route=\/wp\/v2\/posts\/3200\/revisions\/3202"}],"wp:featuredmedia":[{"embeddable":true,"href":"https:\/\/doguhabertv.com\/index.php?rest_route=\/wp\/v2\/media\/3201"}],"wp:attachment":[{"href":"https:\/\/doguhabertv.com\/index.php?rest_route=%2Fwp%2Fv2%2Fmedia&parent=3200"}],"wp:term":[{"taxonomy":"category","embeddable":true,"href":"https:\/\/doguhabertv.com\/index.php?rest_route=%2Fwp%2Fv2%2Fcategories&post=3200"},{"taxonomy":"post_tag","embeddable":true,"href":"https:\/\/doguhabertv.com\/index.php?rest_route=%2Fwp%2Fv2%2Ftags&post=3200"}],"curies":[{"name":"wp","href":"https:\/\/api.w.org\/{rel}","templated":true}]}}