{"id":3197,"date":"2025-07-07T08:33:20","date_gmt":"2025-07-07T08:33:20","guid":{"rendered":"https:\/\/doguhabertv.com\/?p=3197"},"modified":"2025-07-07T08:33:20","modified_gmt":"2025-07-07T08:33:20","slug":"dicle-nehrine-dusen-genc-ekipler-tarafindan-kurtarildi","status":"publish","type":"post","link":"https:\/\/doguhabertv.com\/?p=3197","title":{"rendered":"Dicle Nehri\u2019ne d\u00fc\u015fen gen\u00e7, ekipler taraf\u0131ndan kurtar\u0131ld\u0131"},"content":{"rendered":"<p>Diyarbak\u0131r\u2019\u0131n merkez Sur il\u00e7esinde Dicle Nehri\u2019ne d\u00fc\u015fen bir gen\u00e7, ekipler taraf\u0131ndan kurtar\u0131ld\u0131.<\/p>\n<p>&nbsp;<\/p>\n<p>Edinilen bilgilere g\u00f6re, Dicle Nehri\u2019nin On G\u00f6zl\u00fc K\u00f6pr\u00fc mevkisinde suya d\u00fc\u015fen 29 ya\u015f\u0131ndaki R.S. i\u00e7in arkada\u015flar\u0131, 112 Acil \u00c7a\u011fr\u0131 Merkezine ihbarda bulundu. \u0130hbar \u00fczerine b\u00f6lgeye itfaiye, polis, AFAD ve sa\u011fl\u0131k ekibi sevk edildi. Bo\u011fulma tehlikesi ge\u00e7iren gen\u00e7, ekipler taraf\u0131ndan nehirden \u00e7\u0131kart\u0131l\u0131p ilk m\u00fcdahalenin ard\u0131ndan hastaneye sevk edilerek tedavi alt\u0131na al\u0131nd\u0131. R.S\u2019nin hayati tehlikesinin devam etti\u011fi \u00f6\u011frenildi.<\/p>\n<p>&nbsp;<\/p>\n<p>&nbsp;<\/p>\n<p>&nbsp;<\/p>\n","protected":false},"excerpt":{"rendered":"<p>Diyarbak\u0131r\u2019\u0131n merkez Sur il\u00e7esinde Dicle Nehri\u2019ne d\u00fc\u015fen bir gen\u00e7, ekipler taraf\u0131ndan kurtar\u0131ld\u0131. &nbsp; Edinilen bilgilere g\u00f6re, Dicle Nehri\u2019nin On G\u00f6zl\u00fc K\u00f6pr\u00fc mevkisinde suya d\u00fc\u015fen 29 ya\u015f\u0131ndaki R.S. i\u00e7in arkada\u015flar\u0131, 112 Acil \u00c7a\u011fr\u0131 Merkezine ihbarda bulundu. \u0130hbar \u00fczerine b\u00f6lgeye itfaiye, polis, AFAD ve sa\u011fl\u0131k ekibi sevk edildi. Bo\u011fulma tehlikesi ge\u00e7iren gen\u00e7, ekipler taraf\u0131ndan nehirden \u00e7\u0131kart\u0131l\u0131p ilk [&hellip;]<\/p>\n","protected":false},"author":1,"featured_media":3198,"comment_status":"open","ping_status":"closed","sticky":false,"template":"","format":"standard","meta":{"footnotes":""},"categories":[8,2300],"tags":[2355,2529,588],"class_list":["post-3197","post","type-post","status-publish","format-standard","has-post-thumbnail","hentry","category-gundem","category-haber","tag-kurtarma","tag-dicle","tag-ekip"],"_links":{"self":[{"href":"https:\/\/doguhabertv.com\/index.php?rest_route=\/wp\/v2\/posts\/3197","targetHints":{"allow":["GET"]}}],"collection":[{"href":"https:\/\/doguhabertv.com\/index.php?rest_route=\/wp\/v2\/posts"}],"about":[{"href":"https:\/\/doguhabertv.com\/index.php?rest_route=\/wp\/v2\/types\/post"}],"author":[{"embeddable":true,"href":"https:\/\/doguhabertv.com\/index.php?rest_route=\/wp\/v2\/users\/1"}],"replies":[{"embeddable":true,"href":"https:\/\/doguhabertv.com\/index.php?rest_route=%2Fwp%2Fv2%2Fcomments&post=3197"}],"version-history":[{"count":1,"href":"https:\/\/doguhabertv.com\/index.php?rest_route=\/wp\/v2\/posts\/3197\/revisions"}],"predecessor-version":[{"id":3199,"href":"https:\/\/doguhabertv.com\/index.php?rest_route=\/wp\/v2\/posts\/3197\/revisions\/3199"}],"wp:featuredmedia":[{"embeddable":true,"href":"https:\/\/doguhabertv.com\/index.php?rest_route=\/wp\/v2\/media\/3198"}],"wp:attachment":[{"href":"https:\/\/doguhabertv.com\/index.php?rest_route=%2Fwp%2Fv2%2Fmedia&parent=3197"}],"wp:term":[{"taxonomy":"category","embeddable":true,"href":"https:\/\/doguhabertv.com\/index.php?rest_route=%2Fwp%2Fv2%2Fcategories&post=3197"},{"taxonomy":"post_tag","embeddable":true,"href":"https:\/\/doguhabertv.com\/index.php?rest_route=%2Fwp%2Fv2%2Ftags&post=3197"}],"curies":[{"name":"wp","href":"https:\/\/api.w.org\/{rel}","templated":true}]}}