{"id":3157,"date":"2025-07-04T07:59:05","date_gmt":"2025-07-04T07:59:05","guid":{"rendered":"https:\/\/doguhabertv.com\/?p=3157"},"modified":"2025-07-04T07:59:05","modified_gmt":"2025-07-04T07:59:05","slug":"sanliurfada-uzmanlardan-yaz-icin-goz-sagligi-uyarilari","status":"publish","type":"post","link":"https:\/\/doguhabertv.com\/?p=3157","title":{"rendered":"\u015eanl\u0131urfa\u2019da Uzmanlardan Yaz \u0130\u00e7in G\u00f6z Sa\u011fl\u0131\u011f\u0131 Uyar\u0131lar\u0131"},"content":{"rendered":"<div class=\"container\">\n<h2 class=\"lead text-lg-start text-dark my-2 description\">Yaz mevsiminde artan g\u00fcne\u015f \u0131\u015f\u0131nlar\u0131, s\u0131cakl\u0131k y\u00fckseli\u015fi ve havuz-klima kullan\u0131m\u0131 g\u00f6z sa\u011fl\u0131\u011f\u0131n\u0131 olumsuz etkiliyor. Do\u00e7. Dr. M\u00fcsl\u00fcm Toptan, UV \u0131\u015f\u0131nlar\u0131n\u0131n kal\u0131c\u0131 hasarlara yol a\u00e7abilece\u011fini belirterek, g\u00fcne\u015f g\u00f6zl\u00fc\u011f\u00fc ve \u015fapka kullan\u0131m\u0131n\u0131n \u00f6nemine dikkat \u00e7ekti. Ayr\u0131ca, g\u00f6zde yanma, batma gibi \u015fikayetlerde uzmana ba\u015fvurulmas\u0131 gerekti\u011fini vurgulad\u0131.<\/h2>\n<div class=\"news-tags\"><\/div>\n<\/div>\n<div class=\"bg-light py-1\">\n<div class=\"container d-flex justify-content-between align-items-center\">\n<div class=\"meta-author\">\n<div class=\"box\">\n<p>\u015eanl\u0131urfa Harran \u00dcniversitesi Hastanesi G\u00f6z Hastal\u0131klar\u0131 Anabilim Dal\u0131 \u00d6\u011fretim \u00dcyesi Do\u00e7. Dr. M\u00fcsl\u00fcm Toptan, yaz mevsiminde artan \u00e7evresel fakt\u00f6rlerin g\u00f6z sa\u011fl\u0131\u011f\u0131 i\u00e7in \u00f6nemli riskler olu\u015fturdu\u011funu vurgulad\u0131. Dr. Toptan, g\u00fcne\u015f \u0131\u015f\u0131nlar\u0131n\u0131n daha dik a\u00e7\u0131yla gelmesi, s\u0131cakl\u0131k y\u00fckseli\u015fi ile havuz ve klima kullan\u0131m\u0131n\u0131n baz\u0131 g\u00f6z hastal\u0131klar\u0131n\u0131n g\u00f6r\u00fclme s\u0131kl\u0131\u011f\u0131n\u0131 art\u0131rd\u0131\u011f\u0131n\u0131 ifade etti.<\/p>\n<p>Yaz mevsiminin gelmesiyle birlikte artan g\u00fcne\u015f \u0131\u015f\u0131nlar\u0131, y\u00fckselen s\u0131cakl\u0131klar ve s\u0131k kullan\u0131lan havuz ile klimalar, g\u00f6z sa\u011fl\u0131\u011f\u0131m\u0131z i\u00e7in \u00f6nemli riskler ta\u015f\u0131yor. \u015eanl\u0131urfa Harran \u00dcniversitesi Hastanesi G\u00f6z Hastal\u0131klar\u0131 Anabilim Dal\u0131 \u00d6\u011fretim \u00dcyesi Do\u00e7. Dr. M\u00fcsl\u00fcm Toptan, yaz aylar\u0131nda g\u00f6zlerde g\u00f6r\u00fclen hastal\u0131klar\u0131n art\u0131\u015f\u0131na dikkat \u00e7ekerek, al\u0131nmas\u0131 gereken \u00f6nlemler hakk\u0131nda \u00f6nemli bilgiler verdi.<\/p>\n<p><img loading=\"lazy\" decoding=\"async\" class=\"alignnone size-medium wp-image-3159\" src=\"https:\/\/doguhabertv.com\/wp-content\/uploads\/2025\/07\/goz4-300x200.webp\" alt=\"\" width=\"300\" height=\"200\" srcset=\"https:\/\/doguhabertv.com\/wp-content\/uploads\/2025\/07\/goz4-300x200.webp 300w, https:\/\/doguhabertv.com\/wp-content\/uploads\/2025\/07\/goz4-1024x682.webp 1024w, https:\/\/doguhabertv.com\/wp-content\/uploads\/2025\/07\/goz4-768x512.webp 768w, https:\/\/doguhabertv.com\/wp-content\/uploads\/2025\/07\/goz4-1536x1023.webp 1536w, https:\/\/doguhabertv.com\/wp-content\/uploads\/2025\/07\/goz4.webp 1600w\" sizes=\"auto, (max-width: 300px) 100vw, 300px\" \/><\/p>\n<\/div>\n<p><strong>Alerjik Konjonktivit Yaz\u0131n Daha S\u0131k G\u00f6r\u00fcl\u00fcyor<\/strong><br \/>\n\u00d6zellikle alerjik b\u00fcnyeye sahip bireylerde yaz aylar\u0131nda ka\u015f\u0131nt\u0131, yanma, sulanma gibi belirtilerle ortaya \u00e7\u0131kan alerjik konjonktivitin daha s\u0131k g\u00f6r\u00fcld\u00fc\u011f\u00fcn\u00fc vurgulayan Do\u00e7. Dr. Toptan, \u201cHavuz kullan\u0131m\u0131n\u0131n ard\u0131ndan g\u00f6zde meydana gelen yanma, batma ve k\u0131zar\u0131kl\u0131k gibi \u015fikayetler kimyasal etkenlere veya enfeksiyonlara ba\u011fl\u0131 olarak geli\u015febilir. Bu durum, bakteri veya vir\u00fcs kaynakl\u0131 konjonktivitlere neden olabilir\u201d dedi.<\/p>\n<\/div>\n<p><strong>G\u00fcne\u015f I\u015f\u0131nlar\u0131 G\u00f6zde Kal\u0131c\u0131 Hasara Neden Olabilir<\/strong><br \/>\nG\u00fcne\u015fin zararl\u0131 UV \u0131\u015f\u0131nlar\u0131na uzun s\u00fcre maruz kalman\u0131n, katarakt, retina hastal\u0131klar\u0131 ve \u2018et b\u00fcy\u00fcmesi\u2019 olarak bilinen pterjium gibi hastal\u0131klara zemin haz\u0131rlayabilece\u011fini ifade eden Toptan, bu etkilerden korunmak i\u00e7in \u015fu \u00f6nerilerde bulundu:<\/p>\n<ul>\n<li>UV filtreli g\u00fcne\u015f g\u00f6zl\u00fc\u011f\u00fc ve geni\u015f siperlikli \u015fapka kullan\u0131m\u0131,<\/li>\n<li>G\u00fcne\u015f \u0131\u015f\u0131nlar\u0131n\u0131n en dik geldi\u011fi 10.00\u201314.00 saatleri aras\u0131nda d\u0131\u015f ortamdan ka\u00e7\u0131nma,<\/li>\n<li>\u00d6zellikle a\u00e7\u0131k havada \u00e7al\u0131\u015fan tar\u0131m i\u015f\u00e7ilerinin \u00f6\u011fle saatleri d\u0131\u015f\u0131nda \u00e7al\u0131\u015fmas\u0131 ve mutlaka koruyucu g\u00f6zl\u00fck ile \u015fapka kullanmas\u0131.<\/li>\n<\/ul>\n<\/div>\n<\/div>\n<p>&nbsp;<\/p>\n<p><img loading=\"lazy\" decoding=\"async\" class=\"alignnone size-medium wp-image-3158\" src=\"https:\/\/doguhabertv.com\/wp-content\/uploads\/2025\/07\/goz2-300x200.webp\" alt=\"\" width=\"300\" height=\"200\" srcset=\"https:\/\/doguhabertv.com\/wp-content\/uploads\/2025\/07\/goz2-300x200.webp 300w, https:\/\/doguhabertv.com\/wp-content\/uploads\/2025\/07\/goz2-1024x682.webp 1024w, https:\/\/doguhabertv.com\/wp-content\/uploads\/2025\/07\/goz2-768x512.webp 768w, https:\/\/doguhabertv.com\/wp-content\/uploads\/2025\/07\/goz2-1536x1023.webp 1536w, https:\/\/doguhabertv.com\/wp-content\/uploads\/2025\/07\/goz2.webp 1600w\" sizes=\"auto, (max-width: 300px) 100vw, 300px\" \/><\/p>\n<div class=\"bg-light py-1\">\n<div class=\"container d-flex justify-content-between align-items-center\">\n<p><strong>\u201cBasit \u00d6nlemlerle G\u00f6z Sa\u011fl\u0131\u011f\u0131n\u0131 Korumak M\u00fcmk\u00fcn\u201d<\/strong><br \/>\nDo\u00e7. Dr. Toptan, g\u00f6zde olu\u015fabilecek kal\u0131c\u0131 hasarlara kar\u015f\u0131 toplumun bilin\u00e7li olmas\u0131n\u0131n \u00f6nemine dikkat \u00e7ekerek \u015fu uyar\u0131da bulundu:<br \/>\n\u201cG\u00fcne\u015fin zararl\u0131 etkileri yaln\u0131zca ya\u015fl\u0131lar\u0131 de\u011fil, gen\u00e7leri ve \u00e7ocuklar\u0131 da etkileyebilir. G\u00f6z sa\u011fl\u0131\u011f\u0131n\u0131 korumak i\u00e7in al\u0131nacak basit \u00f6nlemler, ciddi sa\u011fl\u0131k sorunlar\u0131n\u0131n \u00f6n\u00fcne ge\u00e7ebilir. Yanma, batma, \u00e7apaklanma, g\u00f6rme azl\u0131\u011f\u0131 gibi belirtiler ortaya \u00e7\u0131kt\u0131\u011f\u0131nda mutlaka bir g\u00f6z hastal\u0131klar\u0131 uzman\u0131na ba\u015fvurulmal\u0131d\u0131r.\u201d<\/p>\n<\/div>\n<\/div>\n<p>&nbsp;<\/p>\n<p>&nbsp;<\/p>\n<p><strong>KAYNAK:HABER MERKEZ\u0130<\/strong><\/p>\n","protected":false},"excerpt":{"rendered":"<p>Yaz mevsiminde artan g\u00fcne\u015f \u0131\u015f\u0131nlar\u0131, s\u0131cakl\u0131k y\u00fckseli\u015fi ve havuz-klima kullan\u0131m\u0131 g\u00f6z sa\u011fl\u0131\u011f\u0131n\u0131 olumsuz etkiliyor. Do\u00e7. Dr. M\u00fcsl\u00fcm Toptan, UV \u0131\u015f\u0131nlar\u0131n\u0131n kal\u0131c\u0131 hasarlara yol a\u00e7abilece\u011fini belirterek, g\u00fcne\u015f g\u00f6zl\u00fc\u011f\u00fc ve \u015fapka kullan\u0131m\u0131n\u0131n \u00f6nemine dikkat \u00e7ekti. Ayr\u0131ca, g\u00f6zde yanma, batma gibi \u015fikayetlerde uzmana ba\u015fvurulmas\u0131 gerekti\u011fini vurgulad\u0131. \u015eanl\u0131urfa Harran \u00dcniversitesi Hastanesi G\u00f6z Hastal\u0131klar\u0131 Anabilim Dal\u0131 \u00d6\u011fretim \u00dcyesi Do\u00e7. Dr. [&hellip;]<\/p>\n","protected":false},"author":1,"featured_media":3160,"comment_status":"open","ping_status":"closed","sticky":false,"template":"","format":"standard","meta":{"footnotes":""},"categories":[8],"tags":[2517,2519,2520,2518,794,1737,1862],"class_list":["post-3157","post","type-post","status-publish","format-standard","has-post-thumbnail","hentry","category-gundem","tag-gozsagligi","tag-havuz","tag-klima","tag-uv","tag-goz","tag-saglik","tag-sicaklik"],"_links":{"self":[{"href":"https:\/\/doguhabertv.com\/index.php?rest_route=\/wp\/v2\/posts\/3157","targetHints":{"allow":["GET"]}}],"collection":[{"href":"https:\/\/doguhabertv.com\/index.php?rest_route=\/wp\/v2\/posts"}],"about":[{"href":"https:\/\/doguhabertv.com\/index.php?rest_route=\/wp\/v2\/types\/post"}],"author":[{"embeddable":true,"href":"https:\/\/doguhabertv.com\/index.php?rest_route=\/wp\/v2\/users\/1"}],"replies":[{"embeddable":true,"href":"https:\/\/doguhabertv.com\/index.php?rest_route=%2Fwp%2Fv2%2Fcomments&post=3157"}],"version-history":[{"count":1,"href":"https:\/\/doguhabertv.com\/index.php?rest_route=\/wp\/v2\/posts\/3157\/revisions"}],"predecessor-version":[{"id":3161,"href":"https:\/\/doguhabertv.com\/index.php?rest_route=\/wp\/v2\/posts\/3157\/revisions\/3161"}],"wp:featuredmedia":[{"embeddable":true,"href":"https:\/\/doguhabertv.com\/index.php?rest_route=\/wp\/v2\/media\/3160"}],"wp:attachment":[{"href":"https:\/\/doguhabertv.com\/index.php?rest_route=%2Fwp%2Fv2%2Fmedia&parent=3157"}],"wp:term":[{"taxonomy":"category","embeddable":true,"href":"https:\/\/doguhabertv.com\/index.php?rest_route=%2Fwp%2Fv2%2Fcategories&post=3157"},{"taxonomy":"post_tag","embeddable":true,"href":"https:\/\/doguhabertv.com\/index.php?rest_route=%2Fwp%2Fv2%2Ftags&post=3157"}],"curies":[{"name":"wp","href":"https:\/\/api.w.org\/{rel}","templated":true}]}}