{"id":3154,"date":"2025-07-04T07:55:04","date_gmt":"2025-07-04T07:55:04","guid":{"rendered":"https:\/\/doguhabertv.com\/?p=3154"},"modified":"2025-07-04T07:55:04","modified_gmt":"2025-07-04T07:55:04","slug":"sanliurfada-trafo-yangini","status":"publish","type":"post","link":"https:\/\/doguhabertv.com\/?p=3154","title":{"rendered":"\u015eanl\u0131urfa&#8217;da trafo yang\u0131n\u0131"},"content":{"rendered":"<h2 class=\"category-detail-sub-title\">\u015eanl\u0131urfa&#8217;da g\u00fcne\u015f enerjisi sistemlerine ait trafoda \u00e7\u0131kan yang\u0131nda, bir itfaiye eri dumandan\u00a0etkilenerek hastaneye kald\u0131r\u0131ld\u0131.<\/h2>\n<div class=\"category-detail-social-area\">\n<div class=\"news-info category-detail-news-info\">\n<div class=\"news-info-text\">\n<p>\u015eanl\u0131urfa&#8217;n\u0131n Viran\u015fehir il\u00e7esine ba\u011fl\u0131 k\u0131rsal D\u00fcz\u00fck Mahallesi&#8217;nde \u00f6zel bir \u015firketin g\u00fcne\u015f enerjisi sistemlerine (GES) ait trafodan y\u00fckselen dumanlar\u0131 fark eden \u00e7al\u0131\u015fanlar, durumu itfaiye ve jandarma ekiplerine bildirdi.<\/p>\n<p>Olay yerine k\u0131sa s\u00fcrede ula\u015fan itfaiye ekipleri, yang\u0131na h\u0131zl\u0131 m\u00fcdahale ederek alevleri kontrol alt\u0131na ald\u0131. Trafo tamamen yanarak kullan\u0131lamaz hale geldi.<\/p>\n<p>Yang\u0131nda can kayb\u0131 ya\u015fanmazken, m\u00fcdahale s\u0131ras\u0131nda dumandan etkilenen itfaiye eri \u0130.Y. 112 Acil Servis ekipleri taraf\u0131ndan ambulansla Viran\u015fehir Devlet Hastanesi&#8217;ne kald\u0131r\u0131ld\u0131. \u0130tfaiye erinin sa\u011fl\u0131k durumunun iyi oldu\u011fu \u00f6\u011frenildi.<\/p>\n<p>Yang\u0131n\u0131n \u00e7\u0131k\u0131\u015f sebebine ili\u015fkin jandarma ekipleri taraf\u0131ndan inceleme ba\u015flat\u0131ld\u0131.<\/p>\n<\/div>\n<\/div>\n<\/div>\n<p>&nbsp;<\/p>\n<p><strong>KAYNAK:NTV<\/strong><\/p>\n","protected":false},"excerpt":{"rendered":"<p>\u015eanl\u0131urfa&#8217;da g\u00fcne\u015f enerjisi sistemlerine ait trafoda \u00e7\u0131kan yang\u0131nda, bir itfaiye eri dumandan\u00a0etkilenerek hastaneye kald\u0131r\u0131ld\u0131. \u015eanl\u0131urfa&#8217;n\u0131n Viran\u015fehir il\u00e7esine ba\u011fl\u0131 k\u0131rsal D\u00fcz\u00fck Mahallesi&#8217;nde \u00f6zel bir \u015firketin g\u00fcne\u015f enerjisi sistemlerine (GES) ait trafodan y\u00fckselen dumanlar\u0131 fark eden \u00e7al\u0131\u015fanlar, durumu itfaiye ve jandarma ekiplerine bildirdi. Olay yerine k\u0131sa s\u00fcrede ula\u015fan itfaiye ekipleri, yang\u0131na h\u0131zl\u0131 m\u00fcdahale ederek alevleri kontrol alt\u0131na [&hellip;]<\/p>\n","protected":false},"author":1,"featured_media":3155,"comment_status":"open","ping_status":"closed","sticky":false,"template":"","format":"standard","meta":{"footnotes":""},"categories":[8],"tags":[2516,2359,2316,2515],"class_list":["post-3154","post","type-post","status-publish","format-standard","has-post-thumbnail","hentry","category-gundem","tag-gunesenerjisi","tag-itfaiye","tag-sanliurfa","tag-trafoyangini"],"_links":{"self":[{"href":"https:\/\/doguhabertv.com\/index.php?rest_route=\/wp\/v2\/posts\/3154","targetHints":{"allow":["GET"]}}],"collection":[{"href":"https:\/\/doguhabertv.com\/index.php?rest_route=\/wp\/v2\/posts"}],"about":[{"href":"https:\/\/doguhabertv.com\/index.php?rest_route=\/wp\/v2\/types\/post"}],"author":[{"embeddable":true,"href":"https:\/\/doguhabertv.com\/index.php?rest_route=\/wp\/v2\/users\/1"}],"replies":[{"embeddable":true,"href":"https:\/\/doguhabertv.com\/index.php?rest_route=%2Fwp%2Fv2%2Fcomments&post=3154"}],"version-history":[{"count":1,"href":"https:\/\/doguhabertv.com\/index.php?rest_route=\/wp\/v2\/posts\/3154\/revisions"}],"predecessor-version":[{"id":3156,"href":"https:\/\/doguhabertv.com\/index.php?rest_route=\/wp\/v2\/posts\/3154\/revisions\/3156"}],"wp:featuredmedia":[{"embeddable":true,"href":"https:\/\/doguhabertv.com\/index.php?rest_route=\/wp\/v2\/media\/3155"}],"wp:attachment":[{"href":"https:\/\/doguhabertv.com\/index.php?rest_route=%2Fwp%2Fv2%2Fmedia&parent=3154"}],"wp:term":[{"taxonomy":"category","embeddable":true,"href":"https:\/\/doguhabertv.com\/index.php?rest_route=%2Fwp%2Fv2%2Fcategories&post=3154"},{"taxonomy":"post_tag","embeddable":true,"href":"https:\/\/doguhabertv.com\/index.php?rest_route=%2Fwp%2Fv2%2Ftags&post=3154"}],"curies":[{"name":"wp","href":"https:\/\/api.w.org\/{rel}","templated":true}]}}