{"id":3148,"date":"2025-07-04T07:51:16","date_gmt":"2025-07-04T07:51:16","guid":{"rendered":"https:\/\/doguhabertv.com\/?p=3148"},"modified":"2025-07-04T07:51:16","modified_gmt":"2025-07-04T07:51:16","slug":"sanliurfada-cekirge-istilasi","status":"publish","type":"post","link":"https:\/\/doguhabertv.com\/?p=3148","title":{"rendered":"\u015eanl\u0131urfa&#8217;da \u00e7ekirge istilas\u0131"},"content":{"rendered":"<div class=\"post-header\">\n<h2 class=\"md:text-xl mb-5\">\u015eanl\u0131urfa&#8217;n\u0131n Haliliye il\u00e7esi k\u0131rsal\u0131nda \u00e7ekirge istilas\u0131 g\u00f6r\u00fcl\u00fcnce \u00e7ift\u00e7ilere kimyasal ila\u00e7 da\u011f\u0131t\u0131ld\u0131.<\/h2>\n<p>\u015eanl\u0131urfa&#8217;n\u0131n\u00a0Haliliye\u00a0il\u00e7esi k\u0131rsal\u0131 \u00e7ekirge istilas\u0131na u\u011frad\u0131.<\/p>\n<p>\u0130l\u00e7eye ba\u011fl\u0131\u00a0Ta\u015fl\u0131ca Mahallesi\u2019nde \u00e7ekirge istilas\u0131yla kar\u015f\u0131la\u015f\u0131ld\u0131\u011f\u0131 y\u00f6n\u00fcnde \u00e7ift\u00e7ilerden gelen ihbar\u0131 dikkate alan Haliliye\u00a0Tar\u0131m ve Orman \u0130l\u00e7e M\u00fcd\u00fcrl\u00fc\u011f\u00fcnde g\u00f6revli\u00a0M\u00fchendisler Abdurrahman ES\u0130N, H\u00fcseyin ATAKAYA, Ahmet HARMANCI ve Ahmet G\u00dcLMEZY\u00dcZ b\u00f6lgede incelemeler yapt\u0131.<\/p>\n<\/div>\n<p><img loading=\"lazy\" decoding=\"async\" class=\"alignnone size-medium wp-image-3150\" src=\"https:\/\/doguhabertv.com\/wp-content\/uploads\/2025\/07\/Gux_r3QXUAAhbbO-1-225x300.jpg\" alt=\"\" width=\"225\" height=\"300\" srcset=\"https:\/\/doguhabertv.com\/wp-content\/uploads\/2025\/07\/Gux_r3QXUAAhbbO-1-225x300.jpg 225w, https:\/\/doguhabertv.com\/wp-content\/uploads\/2025\/07\/Gux_r3QXUAAhbbO-1-768x1024.jpg 768w, https:\/\/doguhabertv.com\/wp-content\/uploads\/2025\/07\/Gux_r3QXUAAhbbO-1-1152x1536.jpg 1152w, https:\/\/doguhabertv.com\/wp-content\/uploads\/2025\/07\/Gux_r3QXUAAhbbO-1.jpg 1536w\" sizes=\"auto, (max-width: 225px) 100vw, 225px\" \/><\/p>\n<div class=\"post-header\">\n<p>\u015eanl\u0131urfa&#8217;n\u0131n\u00a0Haliliye\u00a0il\u00e7esi k\u0131rsal\u0131 \u00e7ekirge istilas\u0131na u\u011frad\u0131.<\/p>\n<p>\u0130l\u00e7eye ba\u011fl\u0131\u00a0Ta\u015fl\u0131ca Mahallesi\u2019nde \u00e7ekirge istilas\u0131yla kar\u015f\u0131la\u015f\u0131ld\u0131\u011f\u0131 y\u00f6n\u00fcnde \u00e7ift\u00e7ilerden gelen ihbar\u0131 dikkate alan Haliliye\u00a0Tar\u0131m ve Orman \u0130l\u00e7e M\u00fcd\u00fcrl\u00fc\u011f\u00fcnde g\u00f6revli\u00a0M\u00fchendisler Abdurrahman ES\u0130N, H\u00fcseyin ATAKAYA, Ahmet HARMANCI ve Ahmet G\u00dcLMEZY\u00dcZ b\u00f6lgede incelemeler yapt\u0131.<\/p>\n<p><img loading=\"lazy\" decoding=\"async\" class=\"alignnone size-medium wp-image-3151\" src=\"https:\/\/doguhabertv.com\/wp-content\/uploads\/2025\/07\/Gux_r2_X0AAj6ss-225x300.jpg\" alt=\"\" width=\"225\" height=\"300\" srcset=\"https:\/\/doguhabertv.com\/wp-content\/uploads\/2025\/07\/Gux_r2_X0AAj6ss-225x300.jpg 225w, https:\/\/doguhabertv.com\/wp-content\/uploads\/2025\/07\/Gux_r2_X0AAj6ss-768x1024.jpg 768w, https:\/\/doguhabertv.com\/wp-content\/uploads\/2025\/07\/Gux_r2_X0AAj6ss-1152x1536.jpg 1152w, https:\/\/doguhabertv.com\/wp-content\/uploads\/2025\/07\/Gux_r2_X0AAj6ss.jpg 1536w\" sizes=\"auto, (max-width: 225px) 100vw, 225px\" \/><\/p>\n<\/div>\n<p>&nbsp;<\/p>\n<p>&nbsp;<\/p>\n<p><strong>KAYNAK: BARAJ<\/strong><\/p>\n","protected":false},"excerpt":{"rendered":"<p>\u015eanl\u0131urfa&#8217;n\u0131n Haliliye il\u00e7esi k\u0131rsal\u0131nda \u00e7ekirge istilas\u0131 g\u00f6r\u00fcl\u00fcnce \u00e7ift\u00e7ilere kimyasal ila\u00e7 da\u011f\u0131t\u0131ld\u0131. \u015eanl\u0131urfa&#8217;n\u0131n\u00a0Haliliye\u00a0il\u00e7esi k\u0131rsal\u0131 \u00e7ekirge istilas\u0131na u\u011frad\u0131. \u0130l\u00e7eye ba\u011fl\u0131\u00a0Ta\u015fl\u0131ca Mahallesi\u2019nde \u00e7ekirge istilas\u0131yla kar\u015f\u0131la\u015f\u0131ld\u0131\u011f\u0131 y\u00f6n\u00fcnde \u00e7ift\u00e7ilerden gelen ihbar\u0131 dikkate alan Haliliye\u00a0Tar\u0131m ve Orman \u0130l\u00e7e M\u00fcd\u00fcrl\u00fc\u011f\u00fcnde g\u00f6revli\u00a0M\u00fchendisler Abdurrahman ES\u0130N, H\u00fcseyin ATAKAYA, Ahmet HARMANCI ve Ahmet G\u00dcLMEZY\u00dcZ b\u00f6lgede incelemeler yapt\u0131. \u015eanl\u0131urfa&#8217;n\u0131n\u00a0Haliliye\u00a0il\u00e7esi k\u0131rsal\u0131 \u00e7ekirge istilas\u0131na u\u011frad\u0131. \u0130l\u00e7eye ba\u011fl\u0131\u00a0Ta\u015fl\u0131ca Mahallesi\u2019nde \u00e7ekirge [&hellip;]<\/p>\n","protected":false},"author":1,"featured_media":3152,"comment_status":"open","ping_status":"closed","sticky":false,"template":"","format":"standard","meta":{"footnotes":""},"categories":[8],"tags":[2512,2513,2514,2316],"class_list":["post-3148","post","type-post","status-publish","format-standard","has-post-thumbnail","hentry","category-gundem","tag-cekirge","tag-ilac","tag-istila","tag-sanliurfa"],"_links":{"self":[{"href":"https:\/\/doguhabertv.com\/index.php?rest_route=\/wp\/v2\/posts\/3148","targetHints":{"allow":["GET"]}}],"collection":[{"href":"https:\/\/doguhabertv.com\/index.php?rest_route=\/wp\/v2\/posts"}],"about":[{"href":"https:\/\/doguhabertv.com\/index.php?rest_route=\/wp\/v2\/types\/post"}],"author":[{"embeddable":true,"href":"https:\/\/doguhabertv.com\/index.php?rest_route=\/wp\/v2\/users\/1"}],"replies":[{"embeddable":true,"href":"https:\/\/doguhabertv.com\/index.php?rest_route=%2Fwp%2Fv2%2Fcomments&post=3148"}],"version-history":[{"count":1,"href":"https:\/\/doguhabertv.com\/index.php?rest_route=\/wp\/v2\/posts\/3148\/revisions"}],"predecessor-version":[{"id":3153,"href":"https:\/\/doguhabertv.com\/index.php?rest_route=\/wp\/v2\/posts\/3148\/revisions\/3153"}],"wp:featuredmedia":[{"embeddable":true,"href":"https:\/\/doguhabertv.com\/index.php?rest_route=\/wp\/v2\/media\/3152"}],"wp:attachment":[{"href":"https:\/\/doguhabertv.com\/index.php?rest_route=%2Fwp%2Fv2%2Fmedia&parent=3148"}],"wp:term":[{"taxonomy":"category","embeddable":true,"href":"https:\/\/doguhabertv.com\/index.php?rest_route=%2Fwp%2Fv2%2Fcategories&post=3148"},{"taxonomy":"post_tag","embeddable":true,"href":"https:\/\/doguhabertv.com\/index.php?rest_route=%2Fwp%2Fv2%2Ftags&post=3148"}],"curies":[{"name":"wp","href":"https:\/\/api.w.org\/{rel}","templated":true}]}}