{"id":3145,"date":"2025-07-03T08:28:04","date_gmt":"2025-07-03T08:28:04","guid":{"rendered":"https:\/\/doguhabertv.com\/?p=3145"},"modified":"2025-07-03T08:28:04","modified_gmt":"2025-07-03T08:28:04","slug":"toki-sanliurfada-depremzedelere-guvenli-konutlar-sagladi","status":"publish","type":"post","link":"https:\/\/doguhabertv.com\/?p=3145","title":{"rendered":"TOK\u0130, \u015eanl\u0131urfa\u2019da depremzedelere g\u00fcvenli konutlar sa\u011flad\u0131"},"content":{"rendered":"<div class=\"col-sm-12 view5\">\n<h2 class=\"spot\">TOK\u0130 taraf\u0131ndan \u015eanl\u0131urfa Karak\u00f6pr\u00fc\u2019de in\u015fa edilen 2 bin 738 konut tamamland\u0131. Bakan Murat Kurum, \u201cBu g\u00fcvenin ad\u0131: TOK\u0130\u201d diyerek, depremzedelere yeni ya\u015fam alanlar\u0131 sunuldu\u011funu vurgulad\u0131.<\/h2>\n<div class=\"news-detail-info\">\n<p>\u00c7evre, \u015eehircilik ve \u0130klim De\u011fi\u015fikli\u011fi Bakanl\u0131\u011f\u0131 Toplu Konut \u0130daresi Ba\u015fkanl\u0131\u011f\u0131 (TOK\u0130), 6 \u015eubat depremlerinden etkilenen \u015eanl\u0131urfa&#8217;n\u0131n Karak\u00f6pr\u00fc il\u00e7esinde y\u00fcr\u00fctt\u00fc\u011f\u00fc in\u015fa \u00e7al\u0131\u015fmalar\u0131n\u0131 tamamlad\u0131. 2 bin 738 konuttan olu\u015fan projede, vatanda\u015flar yeni evlerine yerle\u015fmeye ba\u015flad\u0131. B\u00f6lgeye konutlar\u0131n yan\u0131 s\u0131ra 2 cami, 1 okul ve 8 ticari \u00fcnite de in\u015fa edildi. TOK\u0130 uzman\u0131 Melih Dilba\u015f, konutlar\u0131n t\u00fcnel kal\u0131p sistemiyle radye temel \u00fczerine yap\u0131ld\u0131\u011f\u0131n\u0131 s\u00f6yledi.<\/p>\n<p>&nbsp;<\/p>\n<\/div>\n<\/div>\n<div class=\"col-sm-12 text-center view20\">\n<h2>BAKAN KURUM: 2 B\u0130N 738 YUVAMIZDA HAYAT YEN\u0130DEN BA\u015eLADI<\/h2>\n<p>\u00c7evre, \u015eehircilik ve \u0130klim De\u011fi\u015fikli\u011fi Bakan\u0131 Murat Kurum, konutlar\u0131na ta\u015f\u0131nan vatanda\u015flar\u0131n g\u00f6r\u00fcnt\u00fclerini sosyal medya hesab\u0131ndan payla\u015ft\u0131. Hak sahibi Ay\u015fe Elman&#8217;\u0131n &#8220;D\u0131\u015far\u0131dan 10 daire verseler, yine de buradan ayr\u0131lmam&#8221; s\u00f6z\u00fcn\u00fc al\u0131nt\u0131layan Bakan Kurum, &#8220;Bu g\u00fcvenin ad\u0131: TOK\u0130. \u015eanl\u0131urfa Karak\u00f6pr\u00fc&#8217;deki 2 bin 738 yuvam\u0131zda hayat yeniden ba\u015flad\u0131. Birlikte g\u00fc\u00e7l\u00fc yar\u0131nlara&#8221; mesaj\u0131n\u0131 verdi.<\/p>\n<\/div>\n<h2>&#8220;ARTIK BU BEN\u0130M EV\u0130M DED\u0130M&#8221;<\/h2>\n<p>Hak sahiplerinden Ay\u015fe Elman, TOK\u0130 konutlar\u0131n\u0131n sa\u011flaml\u0131\u011f\u0131na dikkat \u00e7ekti: Daha \u00f6nce balkonlar\u0131m\u0131z, evlerimiz, odalar\u0131m\u0131z b\u00fcy\u00fck olsun isterdik. Ama art\u0131k evin g\u00fczelli\u011fi ya da geni\u015fli\u011fi \u00f6nemli de\u011fil diyoruz. \u00d6nemli olan sa\u011flaml\u0131\u011f\u0131. Bana ba\u015fka yerden 10 tane daire de verseler TOK\u0130&#8217;nin d\u0131\u015f\u0131na \u00e7\u0131kmam. TOK\u0130 yap\u0131lar\u0131 ger\u00e7ekten kuvvetli. \u015eimdi okulumuz, elektri\u011fimiz, suyumuz, do\u011falgaz\u0131m\u0131z, her \u015feyimiz tamam. \u00c7ocuklar da art\u0131k kendi odalar\u0131n\u0131 buldular. Buraya ta\u015f\u0131nd\u0131\u011f\u0131mdan bu yana \u00e7ocuklar\u0131m g\u00fczel bir uyku uyumaya ba\u015flad\u0131. Ben de &#8216;art\u0131k bu benim evim&#8217; dedim\u2026<\/p>\n<h2>&#8220;GER\u00c7EKTEN L\u00dcKS V\u0130LLA G\u0130B\u0130 EVLER YAPMI\u015eLAR&#8221;<\/h2>\n<p>Ba\u015fka bir hak sahibi Adem Y\u0131ld\u0131zsoy, in\u015faat\u0131n h\u0131z\u0131na ve kalitesine vurgu yapt\u0131: Ben in\u015faatlar en az 4-5 y\u0131l s\u00fcrer diyordum. Onlar, erken bitece\u011fini s\u00f6yl\u00fcyorlard\u0131. \u0130\u00e7imizde kabul edemiyorduk \u00e7\u00fcnk\u00fc bu kadar evler y\u0131k\u0131lm\u0131\u015f, yeti\u015fmezler diyorduk. Gelip, bak\u0131yorduk. \u00c7al\u0131\u015fmalar h\u0131zla devam ediyordu. Gece, g\u00fcnd\u00fcz, 7g\u00fcn 24 saat \u00e7al\u0131\u015fma devam ediyordu. H\u0131zl\u0131 olmasayd\u0131, gece, g\u00fcnd\u00fcz olmasayd\u0131 belki bu tarihe yeti\u015fmezdi. Art\u0131k d\u00fckkanlar yap\u0131l\u0131yor, marketler yap\u0131l\u0131yor. Sa\u011f olsun h\u00fck\u00fcmetimiz, devletimiz arkam\u0131zda durdu. Ve h\u0131zla da \u00e7al\u0131\u015ft\u0131lar. Hem sa\u011flam oldu hem yeti\u015ftirdiler. Yollar\u0131, \u00e7evresi, bah\u00e7esi var ya.. \u00c7i\u00e7ekler, a\u011fa\u00e7lar dikmi\u015fler. Park yapm\u0131\u015flar. Ger\u00e7ekten l\u00fcks villa gibi evler yapm\u0131\u015flar. Hayalimizin d\u0131\u015f\u0131ndayd\u0131.<\/p>\n<p>&nbsp;<\/p>\n<h2>BAKANIMIZ &#8216;YAPARIM&#8217; DED\u0130 VE YAPTI<\/h2>\n<p>Bakan Kurum&#8217; a te\u015fekk\u00fcr eden Y\u0131ld\u0131zsoy, &#8220;Ger\u00e7ekten &#8216;yapar\u0131m&#8217; dedi ve yapt\u0131, yap\u0131yor da. Yani buna te\u015fekk\u00fcr etmekten ba\u015fka bize ne d\u00fc\u015fer? Minnettar\u0131z. Murat Bakan\u0131m\u0131z verdi\u011fi s\u00f6z\u00fc yerine getirdi&#8221; diye konu\u015ftu.<\/p>\n<p>&nbsp;<\/p>\n<p>&nbsp;<\/p>\n<p><strong>KAYNAK:SABAH<\/strong><\/p>\n","protected":false},"excerpt":{"rendered":"<p>TOK\u0130 taraf\u0131ndan \u015eanl\u0131urfa Karak\u00f6pr\u00fc\u2019de in\u015fa edilen 2 bin 738 konut tamamland\u0131. Bakan Murat Kurum, \u201cBu g\u00fcvenin ad\u0131: TOK\u0130\u201d diyerek, depremzedelere yeni ya\u015fam alanlar\u0131 sunuldu\u011funu vurgulad\u0131. \u00c7evre, \u015eehircilik ve \u0130klim De\u011fi\u015fikli\u011fi Bakanl\u0131\u011f\u0131 Toplu Konut \u0130daresi Ba\u015fkanl\u0131\u011f\u0131 (TOK\u0130), 6 \u015eubat depremlerinden etkilenen \u015eanl\u0131urfa&#8217;n\u0131n Karak\u00f6pr\u00fc il\u00e7esinde y\u00fcr\u00fctt\u00fc\u011f\u00fc in\u015fa \u00e7al\u0131\u015fmalar\u0131n\u0131 tamamlad\u0131. 2 bin 738 konuttan olu\u015fan projede, vatanda\u015flar yeni [&hellip;]<\/p>\n","protected":false},"author":1,"featured_media":3146,"comment_status":"open","ping_status":"closed","sticky":false,"template":"","format":"standard","meta":{"footnotes":""},"categories":[8],"tags":[2511,2316,487,488,1231,2062],"class_list":["post-3145","post","type-post","status-publish","format-standard","has-post-thumbnail","hentry","category-gundem","tag-karakopru","tag-sanliurfa","tag-deprem","tag-depremzede","tag-konut","tag-toki"],"_links":{"self":[{"href":"https:\/\/doguhabertv.com\/index.php?rest_route=\/wp\/v2\/posts\/3145","targetHints":{"allow":["GET"]}}],"collection":[{"href":"https:\/\/doguhabertv.com\/index.php?rest_route=\/wp\/v2\/posts"}],"about":[{"href":"https:\/\/doguhabertv.com\/index.php?rest_route=\/wp\/v2\/types\/post"}],"author":[{"embeddable":true,"href":"https:\/\/doguhabertv.com\/index.php?rest_route=\/wp\/v2\/users\/1"}],"replies":[{"embeddable":true,"href":"https:\/\/doguhabertv.com\/index.php?rest_route=%2Fwp%2Fv2%2Fcomments&post=3145"}],"version-history":[{"count":1,"href":"https:\/\/doguhabertv.com\/index.php?rest_route=\/wp\/v2\/posts\/3145\/revisions"}],"predecessor-version":[{"id":3147,"href":"https:\/\/doguhabertv.com\/index.php?rest_route=\/wp\/v2\/posts\/3145\/revisions\/3147"}],"wp:featuredmedia":[{"embeddable":true,"href":"https:\/\/doguhabertv.com\/index.php?rest_route=\/wp\/v2\/media\/3146"}],"wp:attachment":[{"href":"https:\/\/doguhabertv.com\/index.php?rest_route=%2Fwp%2Fv2%2Fmedia&parent=3145"}],"wp:term":[{"taxonomy":"category","embeddable":true,"href":"https:\/\/doguhabertv.com\/index.php?rest_route=%2Fwp%2Fv2%2Fcategories&post=3145"},{"taxonomy":"post_tag","embeddable":true,"href":"https:\/\/doguhabertv.com\/index.php?rest_route=%2Fwp%2Fv2%2Ftags&post=3145"}],"curies":[{"name":"wp","href":"https:\/\/api.w.org\/{rel}","templated":true}]}}