{"id":3120,"date":"2025-05-19T07:45:09","date_gmt":"2025-05-19T07:45:09","guid":{"rendered":"https:\/\/doguhabertv.com\/?p=3120"},"modified":"2025-05-19T07:45:57","modified_gmt":"2025-05-19T07:45:57","slug":"bingolde-doga-yuruyusu-etkinligi","status":"publish","type":"post","link":"https:\/\/doguhabertv.com\/?p=3120","title":{"rendered":"Bing\u00f6l&#8217;de Do\u011fa Y\u00fcr\u00fcy\u00fc\u015f\u00fc Etkinli\u011fi"},"content":{"rendered":"<h2 id=\"spot\" class=\"mt10 haber_ozet\">Bing\u00f6l&#8217;de 1000 do\u011fasever, do\u011fa y\u00fcr\u00fcy\u00fc\u015f\u00fc yaparak Buban bacalar\u0131na ula\u015ft\u0131 ve do\u011fal g\u00fczellikleri ke\u015ffetti.<\/h2>\n<div class=\"hbptDate\">\n<p>Bing\u00f6l&#8217;de, 19 May\u0131s Atat\u00fcrk&#8217;\u00fc Anma,\u00a0Gen\u00e7lik\u00a0ve\u00a0Spor\u00a0Bayram\u0131 etkinlikleri kapsam\u0131nda do\u011fa y\u00fcr\u00fcy\u00fc\u015f\u00fc yap\u0131ld\u0131.<\/p>\n<p>Valilik ile\u00a0T\u00fcrkiye\u00a0Erozyonla M\u00fccadele, A\u011fa\u00e7land\u0131rma ve Do\u011fal Varl\u0131klar\u0131 Koruma Vakf\u0131 (TEMA) i\u015fbirli\u011finde d\u00fczenlenen etkinlik kapsam\u0131nda do\u011faseverler, merkeze ba\u011fl\u0131 Sancak beldesinin O\u011fuldere k\u00f6y\u00fcnde bir araya geldi.<\/p>\n<p>Vali Ahmet\u00a0Hamdi Usta&#8217;n\u0131n da yer ald\u0131\u011f\u0131 y\u00fcr\u00fcy\u00fc\u015fte, yakla\u015f\u0131k 1000 ki\u015filik bir grup k\u00f6yden y\u00fcr\u00fcy\u00fc\u015fe ba\u015flad\u0131.<\/p>\n<p>Yakla\u015f\u0131k 2 kilometrelik y\u00fcr\u00fcy\u00fc\u015f s\u0131ras\u0131nda b\u00f6lgenin do\u011fal g\u00fczelliklerinin keyfini \u00e7\u0131karan do\u011faseverler, g\u00f6r\u00fcnt\u00fcs\u00fcyle peri bacalar\u0131na benzetilen Buban bacalar\u0131na ula\u015ft\u0131.<\/p>\n<p>Vali Usta ve beraberindekiler bacalar\u0131n bulundu\u011fu alan\u0131 gezdi.<\/p>\n<p>Usta, burada gazetecilere yapt\u0131\u011f\u0131 a\u00e7\u0131klamada, Bing\u00f6l&#8217;\u00fcn \u00e7ok say\u0131da do\u011fal g\u00fczelli\u011finin bulundu\u011funu s\u00f6yledi.<\/p>\n<p>Valili\u011fin imkanlar\u0131 ve TEMA&#8217;n\u0131n destekleriyle yakla\u015f\u0131k 1000 do\u011faseveri Buban bacalar\u0131na getirdiklerini anlatan Usta, &#8220;Asayi\u015f\u00a0ve g\u00fcvenli\u011fi sa\u011flad\u0131ktan sonra Bing\u00f6l&#8217;\u00fcn b\u00fct\u00fcn do\u011fal g\u00fczelliklerini T\u00fcrkiye ve d\u00fcnyayla payla\u015fmak istiyoruz.&#8221; dedi.<\/p>\n<p>Usta, ge\u00e7en y\u0131l \u00c7\u0131r \u015eelalesi&#8217;nde de y\u00fcr\u00fcy\u00fc\u015f ger\u00e7ekle\u015ftirdiklerini an\u0131msatt\u0131.<\/p>\n<p>Bacalar\u0131n bulundu\u011fu k\u0131sma t\u0131rmand\u0131klar\u0131na i\u015faret eden Usta, &#8220;\u0130n\u015fallah \u00f6n\u00fcm\u00fczdeki s\u00fcre\u00e7te ah\u015faptan \u00e7\u0131k\u0131\u015f merdivenleri yaparak insanlar\u0131m\u0131z\u0131n buraya daha kolay ula\u015fmas\u0131n\u0131 sa\u011flamak y\u00f6n\u00fcnde bir projemiz de olacak.&#8221; ifadesini kulland\u0131.<\/p>\n<p>Usta, TEMA Vakf\u0131, Ye\u015filay, sivil toplum kurulu\u015flar\u0131, emniyet, jandarma ve ev sahipli\u011fi yapan O\u011fuldere k\u00f6y\u00fc halk\u0131na te\u015fekk\u00fcr etti.<\/p>\n<p>TEMA Bing\u00f6l \u0130l Temsilcisi Saim \u00c7akar da \u015fehrin e\u015fsiz g\u00fczellikleriyle ke\u015ffedilmeyi bekledi\u011fini belirterek, &#8220;E\u015fsiz manzaralar ve ku\u015f sesleri i\u00e7erisinde y\u00fcr\u00fcy\u00fc\u015f yapt\u0131k ve Buban bacalar\u0131na ula\u015ft\u0131k. \u00c7ok keyifli bir etkinlik oldu. T\u00fcm do\u011faseverleri Bing\u00f6l&#8217;e bekliyoruz.&#8221; \u015feklinde konu\u015ftu.<\/p>\n<p>Etkinli\u011fin sonunda kat\u0131l\u0131mc\u0131lara T\u00fcrk\u00a0K\u0131z\u0131lay\u00a0taraf\u0131ndan ikramda bulunuldu.<\/p>\n<p>Y\u00fcr\u00fcy\u00fc\u015fe,\u00a0Bing\u00f6l \u00dcniversitesi\u00a0Rekt\u00f6r\u00fc Prof. Dr.\u00a0Erdal \u00c7elik, Vali Yard\u0131mc\u0131s\u0131 U\u011fur Tutkan, \u0130l\u00a0Jandarma\u00a0Komutan\u0131\u00a0Tu\u011fgeneral\u00a0Bilgihan\u00a0Ye\u015filyurt, \u0130l Emniyet M\u00fcd\u00fcr\u00fc Beyti Kalayc\u0131 ve \u00f6\u011frenciler de yer ald\u0131.<\/p>\n<\/div>\n<p>&nbsp;<\/p>\n<p><strong>KAYNAK:SONDAK\u0130KA<\/strong><\/p>\n","protected":false},"excerpt":{"rendered":"<p>Bing\u00f6l&#8217;de 1000 do\u011fasever, do\u011fa y\u00fcr\u00fcy\u00fc\u015f\u00fc yaparak Buban bacalar\u0131na ula\u015ft\u0131 ve do\u011fal g\u00fczellikleri ke\u015ffetti. Bing\u00f6l&#8217;de, 19 May\u0131s Atat\u00fcrk&#8217;\u00fc Anma,\u00a0Gen\u00e7lik\u00a0ve\u00a0Spor\u00a0Bayram\u0131 etkinlikleri kapsam\u0131nda do\u011fa y\u00fcr\u00fcy\u00fc\u015f\u00fc yap\u0131ld\u0131. Valilik ile\u00a0T\u00fcrkiye\u00a0Erozyonla M\u00fccadele, A\u011fa\u00e7land\u0131rma ve Do\u011fal Varl\u0131klar\u0131 Koruma Vakf\u0131 (TEMA) i\u015fbirli\u011finde d\u00fczenlenen etkinlik kapsam\u0131nda do\u011faseverler, merkeze ba\u011fl\u0131 Sancak beldesinin O\u011fuldere k\u00f6y\u00fcnde bir araya geldi. Vali Ahmet\u00a0Hamdi Usta&#8217;n\u0131n da yer ald\u0131\u011f\u0131 y\u00fcr\u00fcy\u00fc\u015fte, yakla\u015f\u0131k [&hellip;]<\/p>\n","protected":false},"author":1,"featured_media":3121,"comment_status":"open","ping_status":"closed","sticky":false,"template":"","format":"standard","meta":{"footnotes":""},"categories":[8,2300],"tags":[2482,2500,2438,1257,1927,2504,2210,2439],"class_list":["post-3120","post","type-post","status-publish","format-standard","has-post-thumbnail","hentry","category-gundem","category-haber","tag-etkinlikler","tag-genclik","tag-guncel","tag-kultur","tag-spor","tag-tema-vakfi","tag-yasam","tag-yerel-haberler"],"_links":{"self":[{"href":"https:\/\/doguhabertv.com\/index.php?rest_route=\/wp\/v2\/posts\/3120","targetHints":{"allow":["GET"]}}],"collection":[{"href":"https:\/\/doguhabertv.com\/index.php?rest_route=\/wp\/v2\/posts"}],"about":[{"href":"https:\/\/doguhabertv.com\/index.php?rest_route=\/wp\/v2\/types\/post"}],"author":[{"embeddable":true,"href":"https:\/\/doguhabertv.com\/index.php?rest_route=\/wp\/v2\/users\/1"}],"replies":[{"embeddable":true,"href":"https:\/\/doguhabertv.com\/index.php?rest_route=%2Fwp%2Fv2%2Fcomments&post=3120"}],"version-history":[{"count":1,"href":"https:\/\/doguhabertv.com\/index.php?rest_route=\/wp\/v2\/posts\/3120\/revisions"}],"predecessor-version":[{"id":3122,"href":"https:\/\/doguhabertv.com\/index.php?rest_route=\/wp\/v2\/posts\/3120\/revisions\/3122"}],"wp:featuredmedia":[{"embeddable":true,"href":"https:\/\/doguhabertv.com\/index.php?rest_route=\/wp\/v2\/media\/3121"}],"wp:attachment":[{"href":"https:\/\/doguhabertv.com\/index.php?rest_route=%2Fwp%2Fv2%2Fmedia&parent=3120"}],"wp:term":[{"taxonomy":"category","embeddable":true,"href":"https:\/\/doguhabertv.com\/index.php?rest_route=%2Fwp%2Fv2%2Fcategories&post=3120"},{"taxonomy":"post_tag","embeddable":true,"href":"https:\/\/doguhabertv.com\/index.php?rest_route=%2Fwp%2Fv2%2Ftags&post=3120"}],"curies":[{"name":"wp","href":"https:\/\/api.w.org\/{rel}","templated":true}]}}