{"id":3117,"date":"2025-05-17T08:09:32","date_gmt":"2025-05-17T08:09:32","guid":{"rendered":"https:\/\/doguhabertv.com\/?p=3117"},"modified":"2025-05-17T08:09:32","modified_gmt":"2025-05-17T08:09:32","slug":"engelli-kardeslerin-evi-yenilendi","status":"publish","type":"post","link":"https:\/\/doguhabertv.com\/?p=3117","title":{"rendered":"Engelli Karde\u015flerin Evi Yenilendi"},"content":{"rendered":"<h2 id=\"spot\" class=\"mt10 haber_ozet\">Mu\u015f Valili\u011fi, 18 y\u0131l \u00f6nce anne ve babas\u0131n\u0131 kaybeden engelli \u00fc\u00e7 karde\u015fin evini yeniledi.<\/h2>\n<div class=\"hbptDate\">\n<p>Mu\u015f Valili\u011fi, 18 y\u0131l \u00f6nce anne ve babalar\u0131n\u0131 kaybeden 3 engelli karde\u015fin ya\u015fad\u0131\u011f\u0131 evi ba\u015ftan sona yenileyerek s\u0131cak bir yuvaya d\u00f6n\u00fc\u015ft\u00fcrd\u00fc.<\/p>\n<p>Sunay Mahallesi&#8217;nde 18 y\u0131ld\u0131r zor \u015fartlar alt\u0131nda ya\u015fam m\u00fccadelesi veren 3 engelli karde\u015fin evi, Mu\u015f Valisi\u00a0Avni \u00c7ak\u0131r&#8217;\u0131n talimat\u0131yla ba\u015flat\u0131lan \u00e7al\u0131\u015fmalar sonucu ba\u015ftan a\u015fa\u011f\u0131 onar\u0131ld\u0131. Sosyal Yard\u0131mla\u015fma ve Dayan\u0131\u015fma Vakf\u0131 taraf\u0131ndan 12 g\u00fcn i\u00e7inde yenilenen ev, yeni e\u015fyalarla donat\u0131larak karde\u015flere teslim edildi.<\/p>\n<p>Sait ve Mecbure Gezik \u00e7ifti, 18 y\u0131l \u00f6nce 4 g\u00fcn arayla hayat\u0131n\u0131 kaybetti. Geride, engelli olan \u00e7ocuklar\u0131 Bedri, Kadir ve Faruk Gezik kald\u0131. O g\u00fcnden bu yana sobal\u0131, tek katl\u0131, derme \u00e7atma bir evde ya\u015famlar\u0131n\u0131 s\u00fcrd\u00fcren karde\u015fler, t\u00fcm zorluklara ra\u011fmen hayatlar\u0131n\u0131 s\u00fcrd\u00fcrd\u00fc.<\/p>\n<p>Durumdan haberdar olan Mu\u015f Valisi Avni \u00c7ak\u0131r&#8217;\u0131n talimat\u0131yla Sosyal Yard\u0131mla\u015fma ve Dayan\u0131\u015fma Vakf\u0131 (SYDV) harekete ge\u00e7erek karde\u015flerin ya\u015fad\u0131\u011f\u0131 evi ba\u015ftan sona onararak yeni e\u015fyalarla donatt\u0131.<\/p>\n<p>Vali Yard\u0131mc\u0131s\u0131\u00a0Tahir Y\u0131lmaz, Sunay Mahallesi&#8217;nde ikamet eden 3 engelli karde\u015fin 18 y\u0131l \u00f6nce anne ve babas\u0131n\u0131 4&#8217;er g\u00fcn arayla kaybetti\u011fini s\u00f6yleyerek, &#8220;Ya\u015fad\u0131klar\u0131 evin temel s\u0131k\u0131nt\u0131lar\u0131 vard\u0131. Do\u011fal gaz imkan\u0131 yok. Tuvaleti, banyosu k\u00f6t\u00fc durumdayd\u0131. Mutfa\u011f\u0131 kullan\u0131lamaz haldeydi. Valimiz Avni \u00c7ak\u0131r&#8217;\u0131n talimatlar\u0131yla ba\u015flatt\u0131\u011f\u0131m\u0131z proje kapsam\u0131nda 12 g\u00fcnde teknik \u00e7al\u0131\u015fmalar\u0131 tamamlad\u0131k. Evimize do\u011fal gaz aboneli\u011fi ald\u0131k. Evin i\u00e7erisindeki yer zeminlerini d\u00fczenledik. E\u015fyalarda ciddi tahribatlar vard\u0131. Uzun s\u00fcredir kullan\u0131ld\u0131\u011f\u0131 belliydi. \u00dc\u00e7 erkek karde\u015fin ya\u015fam\u0131\u015f oldu\u011fu evi s\u0131f\u0131rdan i\u00e7ini ve d\u0131\u015far\u0131s\u0131n\u0131 yenileyerek kullan\u0131ma haz\u0131r hale getirdik. Evde ya\u015fayan engellilerin \u00e7ok ho\u015funa gitti. Onlar da bize minnettar oldular. G\u00fczel bir \u00e7al\u0131\u015fma oldu. Valimizin destekleriyle bu \u00e7al\u0131\u015fmalar\u0131m\u0131z devam edecektir. Ailemiz takibimiz alt\u0131nda. Belirli periyotlarla temizliklerini yapaca\u011f\u0131z&#8221; dedi.<\/p>\n<p>Evde ya\u015fayan engelli Faruk Gezik ise, &#8220;Allah devletimizden raz\u0131 olsun. Evimizin tadilat\u0131n\u0131 yapt\u0131, kap\u0131lar\u0131m\u0131z\u0131 de\u011fi\u015ftirdi. Evimiz d\u00f6rt d\u00f6rtl\u00fck oldu. G\u00fczel bir evimiz oldu. \u00d6nceden evimiz sobal\u0131yd\u0131 \u015fimdi do\u011fal gazl\u0131 oldu. Burada 3 karde\u015f ya\u015f\u0131yoruz. Annem ve babam 18 y\u0131l \u00f6nce rahmetli oldu. Evimizi yenileyen Mu\u015f Valili\u011fine \u00e7ok te\u015fekk\u00fcr ederim&#8221; \u015feklinde konu\u015ftu.<\/p>\n<\/div>\n<p>&nbsp;<\/p>\n<p><strong>KAYNAK:SONDAK\u0130KA<\/strong><\/p>\n","protected":false},"excerpt":{"rendered":"<p>Mu\u015f Valili\u011fi, 18 y\u0131l \u00f6nce anne ve babas\u0131n\u0131 kaybeden engelli \u00fc\u00e7 karde\u015fin evini yeniledi. Mu\u015f Valili\u011fi, 18 y\u0131l \u00f6nce anne ve babalar\u0131n\u0131 kaybeden 3 engelli karde\u015fin ya\u015fad\u0131\u011f\u0131 evi ba\u015ftan sona yenileyerek s\u0131cak bir yuvaya d\u00f6n\u00fc\u015ft\u00fcrd\u00fc. Sunay Mahallesi&#8217;nde 18 y\u0131ld\u0131r zor \u015fartlar alt\u0131nda ya\u015fam m\u00fccadelesi veren 3 engelli karde\u015fin evi, Mu\u015f Valisi\u00a0Avni \u00c7ak\u0131r&#8217;\u0131n talimat\u0131yla ba\u015flat\u0131lan \u00e7al\u0131\u015fmalar [&hellip;]<\/p>\n","protected":false},"author":1,"featured_media":3118,"comment_status":"open","ping_status":"closed","sticky":false,"template":"","format":"standard","meta":{"footnotes":""},"categories":[8,2300],"tags":[2498,2438,2503,2502,2210,2448,2439],"class_list":["post-3117","post","type-post","status-publish","format-standard","has-post-thumbnail","hentry","category-gundem","category-haber","tag-engelliler","tag-guncel","tag-mus-valiligi","tag-sosyal-yardimlasma-ve-dayanisma-vakfi","tag-yasam","tag-yerel","tag-yerel-haberler"],"_links":{"self":[{"href":"https:\/\/doguhabertv.com\/index.php?rest_route=\/wp\/v2\/posts\/3117","targetHints":{"allow":["GET"]}}],"collection":[{"href":"https:\/\/doguhabertv.com\/index.php?rest_route=\/wp\/v2\/posts"}],"about":[{"href":"https:\/\/doguhabertv.com\/index.php?rest_route=\/wp\/v2\/types\/post"}],"author":[{"embeddable":true,"href":"https:\/\/doguhabertv.com\/index.php?rest_route=\/wp\/v2\/users\/1"}],"replies":[{"embeddable":true,"href":"https:\/\/doguhabertv.com\/index.php?rest_route=%2Fwp%2Fv2%2Fcomments&post=3117"}],"version-history":[{"count":1,"href":"https:\/\/doguhabertv.com\/index.php?rest_route=\/wp\/v2\/posts\/3117\/revisions"}],"predecessor-version":[{"id":3119,"href":"https:\/\/doguhabertv.com\/index.php?rest_route=\/wp\/v2\/posts\/3117\/revisions\/3119"}],"wp:featuredmedia":[{"embeddable":true,"href":"https:\/\/doguhabertv.com\/index.php?rest_route=\/wp\/v2\/media\/3118"}],"wp:attachment":[{"href":"https:\/\/doguhabertv.com\/index.php?rest_route=%2Fwp%2Fv2%2Fmedia&parent=3117"}],"wp:term":[{"taxonomy":"category","embeddable":true,"href":"https:\/\/doguhabertv.com\/index.php?rest_route=%2Fwp%2Fv2%2Fcategories&post=3117"},{"taxonomy":"post_tag","embeddable":true,"href":"https:\/\/doguhabertv.com\/index.php?rest_route=%2Fwp%2Fv2%2Ftags&post=3117"}],"curies":[{"name":"wp","href":"https:\/\/api.w.org\/{rel}","templated":true}]}}