{"id":3111,"date":"2025-05-17T08:07:23","date_gmt":"2025-05-17T08:07:23","guid":{"rendered":"https:\/\/doguhabertv.com\/?p=3111"},"modified":"2025-05-17T08:07:23","modified_gmt":"2025-05-17T08:07:23","slug":"musta-mesaleli-genclik-yuruyusu-duzenlendi","status":"publish","type":"post","link":"https:\/\/doguhabertv.com\/?p=3111","title":{"rendered":"Mu\u015f&#8217;ta me\u015faleli gen\u00e7lik y\u00fcr\u00fcy\u00fc\u015f\u00fc d\u00fczenlendi"},"content":{"rendered":"<h2 id=\"spot\" class=\"mt10 haber_ozet\">Mu\u015f&#8217;ta, 19 May\u0131s Atat\u00fcrk&#8217;\u00fc Anma, Gen\u00e7lik ve Spor Bayram\u0131 kapsam\u0131nda &#8220;Me\u015faleli Gen\u00e7lik Y\u00fcr\u00fcy\u00fc\u015f\u00fc&#8221; ger\u00e7ekle\u015ftirildi.<\/h2>\n<div class=\"hbptDate\">\n<p>Mu\u015f&#8217;ta, 19 May\u0131s Atat\u00fcrk&#8217;\u00fc Anma,\u00a0Gen\u00e7lik\u00a0ve\u00a0Spor\u00a0Bayram\u0131 kapsam\u0131nda &#8220;Me\u015faleli Gen\u00e7lik Y\u00fcr\u00fcy\u00fc\u015f\u00fc&#8221; ger\u00e7ekle\u015ftirildi.\u00a0Mu\u015f Valili\u011fi\u00a0koordinesinde d\u00fczenlenen etkinlikte y\u00fczlerce vatanda\u015f ellerinde T\u00fcrk bayraklar\u0131yla y\u00fcr\u00fcd\u00fc.<\/p>\n<p>Gen\u00e7lik ve Spor \u0130l M\u00fcd\u00fcrl\u00fc\u011f\u00fc, Aile ve Sosyal Hizmetler \u0130l M\u00fcd\u00fcrl\u00fc\u011f\u00fc ile Mu\u015f\u00a0\u0130l Sa\u011fl\u0131k M\u00fcd\u00fcrl\u00fc\u011f\u00fc\u00a0i\u015f birli\u011finde d\u00fczenlenen y\u00fcr\u00fcy\u00fc\u015f, bu y\u0131l &#8220;Aile Y\u0131l\u0131&#8221; ve &#8220;Sa\u011fl\u0131k \u0130\u00e7in Y\u00fcr\u00fcyoruz&#8221; mottosuyla ger\u00e7ekle\u015ftirildi.<\/p>\n<p>Y\u00fcr\u00fcy\u00fc\u015f \u00f6ncesinde, Mu\u015f Valili\u011fi \u00f6n\u00fcnde \u0130l Sa\u011fl\u0131k M\u00fcd\u00fcrl\u00fc\u011f\u00fc taraf\u0131ndan &#8220;\u0130deal Kilonu \u00d6\u011fren, Sa\u011fl\u0131kl\u0131 Ya\u015fa&#8221; kampanyas\u0131 kapsam\u0131nda bir \u00f6l\u00e7\u00fcm noktas\u0131 kuruldu. Vali\u00a0Avni \u00c7ak\u0131r\u00a0da stand\u0131 ziyaret ederek boy ve kilo \u00f6l\u00e7\u00fcm\u00fcn\u00fc yapt\u0131rd\u0131.<\/p>\n<p>Me\u015faleler ve bayraklarla donat\u0131lan y\u00fcr\u00fcy\u00fc\u015fte kat\u0131l\u0131mc\u0131lar, \u0130stasyon Caddesi boyunca y\u00fcr\u00fcyerek Millet Bah\u00e7esi \u00f6n\u00fcne kadar ilerledi. Co\u015fkulu kalabal\u0131k, hem bayram\u0131 kutlad\u0131 hem de sa\u011fl\u0131kl\u0131 ya\u015fama dikkat \u00e7ekti.<\/p>\n<p>Cumhurba\u015fkan\u0131\u00a0Recep Tayyip Erdo\u011fan\u00a0taraf\u0131ndan 2025 y\u0131l\u0131n\u0131n &#8220;Aile Y\u0131l\u0131&#8221; ilan edildi\u011fini ifade eden Vali \u00c7ak\u0131r, Sa\u011fl\u0131k Bakanl\u0131\u011f\u0131n\u0131n \u00fclke genelinde ba\u015flatt\u0131\u011f\u0131 &#8216;\u0130deal Kilonu \u00d6\u011fren, Sa\u011fl\u0131kl\u0131 Ya\u015fa&#8217; kampanyas\u0131n\u0131n oldu\u011funu s\u00f6yledi. Vali \u00c7ak\u0131r, &#8220;G\u00fczel bir y\u00fcr\u00fcy\u00fc\u015f ger\u00e7ekle\u015ftirdik. Birinci etkinli\u011fimiz sa\u011fl\u0131kl\u0131 ya\u015famla alakal\u0131yd\u0131. \u015eu ana kadar da yakla\u015f\u0131k 80 bin \u00f6\u011frencimizi tarad\u0131k. Onlar\u0131n boy kilo indekslerine g\u00f6re yani kilo fazlal\u0131klar\u0131 var m\u0131 yok onlar\u0131 tespit ettik. Sa\u011fl\u0131kl\u0131 ya\u015fam noktas\u0131nda gerekli sa\u011fl\u0131k merkezlerimize y\u00f6nlendirmeler yap\u0131ld\u0131. Bug\u00fcn de burada sembolik olarak halk\u0131m\u0131za bu etkinli\u011fi tan\u0131tmak amac\u0131yla bir \u00f6l\u00e7\u00fcm noktas\u0131 olu\u015ft\u0131urduk. Burada boy ve kilomuza bakt\u0131rd\u0131k.\u00a0Al\u0131\u015fveri\u015f\u00a0merkezlerinde, bankalarda, otogarlarda, havaalan\u0131m\u0131zda ve dedi\u011fim gibi vatanda\u015flar\u0131m\u0131z\u0131n yo\u011fun olarak bulundu\u011fu noktalarda vatanda\u015flar\u0131m\u0131z\u0131n oy kilolar\u0131n\u0131 \u00f6l\u00e7erek onlara tavsiyelerde bulunacaklar. T\u00fcm vatanda\u015flar\u0131m\u0131z\u0131 bu kampanyam\u0131za davet ediyorum. Bu \u00f6l\u00e7\u00fcmlerimiz tamamen \u00fccretsiz. Ayr\u0131ca burada benimde 10 kilo fazlam \u00e7\u0131kt\u0131. Bu kampanyay\u0131 herkesin kat\u0131lmas\u0131n\u0131 istiyorum. Ayr\u0131ca yine ikinci etkinli\u011fimiz &#8220;Aile Y\u0131l\u0131&#8221; ve 19 May\u0131s Gen\u00e7lik y\u00fcr\u00fcy\u00fc\u015f\u00fcm\u00fcz. Co\u015fkulu bir kalabal\u0131k var. Bug\u00fcn g\u00fczel bir y\u00fcr\u00fcy\u00fc\u015fle hem Aile Y\u0131l\u0131 hem de 19 May\u0131s Gen\u00e7lik ve Spor Bayram\u0131 y\u00fcr\u00fcy\u00fc\u015f\u00fcm\u00fcz\u00fc hep beraber kutlad\u0131k&#8221; dedi.<\/p>\n<p>Gen\u00e7lik ve Spor \u0130l M\u00fcd\u00fcrl\u00fc\u011f\u00fcne ba\u011fl\u0131 Mehteran ekibinin g\u00f6sterisiyle etkinlik sona erdi.<\/p>\n<p>Y\u00fcr\u00fcy\u00fc\u015fe, Mu\u015f Valisi Avni \u00c7ak\u0131r&#8217;\u0131n e\u015fi Bahar \u00c7ak\u0131r, \u0130l\u00a0Jandarma\u00a0Komutan\u0131\u00a0Albay\u00a0Y\u0131lmaz K\u0131rgel, Mu\u015f Cumhuriyet Ba\u015fsavc\u0131s\u0131 H\u00fcseyin Kantar, Vali yard\u0131mc\u0131lar\u0131 Cihat Abukan,\u00a0Tahir Y\u0131lmaz\u00a0ve Mustafa Batuhan Alpbo\u011fa, kurum amirleri, sporcular, gen\u00e7ler ve vatanda\u015flar kat\u0131ld\u0131.<\/p>\n<\/div>\n<p>&nbsp;<\/p>\n<p><strong>KAYNAK:SONDAK\u0130KA<\/strong><\/p>\n","protected":false},"excerpt":{"rendered":"<p>Mu\u015f&#8217;ta, 19 May\u0131s Atat\u00fcrk&#8217;\u00fc Anma, Gen\u00e7lik ve Spor Bayram\u0131 kapsam\u0131nda &#8220;Me\u015faleli Gen\u00e7lik Y\u00fcr\u00fcy\u00fc\u015f\u00fc&#8221; ger\u00e7ekle\u015ftirildi. Mu\u015f&#8217;ta, 19 May\u0131s Atat\u00fcrk&#8217;\u00fc Anma,\u00a0Gen\u00e7lik\u00a0ve\u00a0Spor\u00a0Bayram\u0131 kapsam\u0131nda &#8220;Me\u015faleli Gen\u00e7lik Y\u00fcr\u00fcy\u00fc\u015f\u00fc&#8221; ger\u00e7ekle\u015ftirildi.\u00a0Mu\u015f Valili\u011fi\u00a0koordinesinde d\u00fczenlenen etkinlikte y\u00fczlerce vatanda\u015f ellerinde T\u00fcrk bayraklar\u0131yla y\u00fcr\u00fcd\u00fc. Gen\u00e7lik ve Spor \u0130l M\u00fcd\u00fcrl\u00fc\u011f\u00fc, Aile ve Sosyal Hizmetler \u0130l M\u00fcd\u00fcrl\u00fc\u011f\u00fc ile Mu\u015f\u00a0\u0130l Sa\u011fl\u0131k M\u00fcd\u00fcrl\u00fc\u011f\u00fc\u00a0i\u015f birli\u011finde d\u00fczenlenen y\u00fcr\u00fcy\u00fc\u015f, bu y\u0131l &#8220;Aile Y\u0131l\u0131&#8221; [&hellip;]<\/p>\n","protected":false},"author":1,"featured_media":3112,"comment_status":"open","ping_status":"closed","sticky":false,"template":"","format":"standard","meta":{"footnotes":""},"categories":[8,2300],"tags":[2482,2500,1927,2448,2439],"class_list":["post-3111","post","type-post","status-publish","format-standard","has-post-thumbnail","hentry","category-gundem","category-haber","tag-etkinlikler","tag-genclik","tag-spor","tag-yerel","tag-yerel-haberler"],"_links":{"self":[{"href":"https:\/\/doguhabertv.com\/index.php?rest_route=\/wp\/v2\/posts\/3111","targetHints":{"allow":["GET"]}}],"collection":[{"href":"https:\/\/doguhabertv.com\/index.php?rest_route=\/wp\/v2\/posts"}],"about":[{"href":"https:\/\/doguhabertv.com\/index.php?rest_route=\/wp\/v2\/types\/post"}],"author":[{"embeddable":true,"href":"https:\/\/doguhabertv.com\/index.php?rest_route=\/wp\/v2\/users\/1"}],"replies":[{"embeddable":true,"href":"https:\/\/doguhabertv.com\/index.php?rest_route=%2Fwp%2Fv2%2Fcomments&post=3111"}],"version-history":[{"count":1,"href":"https:\/\/doguhabertv.com\/index.php?rest_route=\/wp\/v2\/posts\/3111\/revisions"}],"predecessor-version":[{"id":3113,"href":"https:\/\/doguhabertv.com\/index.php?rest_route=\/wp\/v2\/posts\/3111\/revisions\/3113"}],"wp:featuredmedia":[{"embeddable":true,"href":"https:\/\/doguhabertv.com\/index.php?rest_route=\/wp\/v2\/media\/3112"}],"wp:attachment":[{"href":"https:\/\/doguhabertv.com\/index.php?rest_route=%2Fwp%2Fv2%2Fmedia&parent=3111"}],"wp:term":[{"taxonomy":"category","embeddable":true,"href":"https:\/\/doguhabertv.com\/index.php?rest_route=%2Fwp%2Fv2%2Fcategories&post=3111"},{"taxonomy":"post_tag","embeddable":true,"href":"https:\/\/doguhabertv.com\/index.php?rest_route=%2Fwp%2Fv2%2Ftags&post=3111"}],"curies":[{"name":"wp","href":"https:\/\/api.w.org\/{rel}","templated":true}]}}