{"id":3108,"date":"2025-05-17T08:03:12","date_gmt":"2025-05-17T08:03:12","guid":{"rendered":"https:\/\/doguhabertv.com\/?p=3108"},"modified":"2025-05-17T08:03:12","modified_gmt":"2025-05-17T08:03:12","slug":"tatvanda-yagmur-sonrasi-gokkusagi-soleni","status":"publish","type":"post","link":"https:\/\/doguhabertv.com\/?p=3108","title":{"rendered":"Tatvan&#8217;da Ya\u011fmur Sonras\u0131 G\u00f6kku\u015fa\u011f\u0131 \u015e\u00f6leni"},"content":{"rendered":"<h2 id=\"spot\" class=\"mt10 haber_ozet\">Bitlis Tatvan&#8217;da ya\u011fmur sonras\u0131 g\u00f6r\u00fclen g\u00f6kku\u015fa\u011f\u0131, vatanda\u015flar\u0131 mest etti ve sosyal medyada ilgi g\u00f6rd\u00fc.<\/h2>\n<div class=\"hbptDate\">\n<p>Bitlis&#8217;in\u00a0Tatvan\u00a0il\u00e7esinde etkili olan ya\u011fmurun ard\u0131ndan ortaya \u00e7\u0131kan g\u00f6kku\u015fa\u011f\u0131 g\u00f6rsel \u015f\u00f6len olu\u015fturdu.<\/p>\n<p>Bitlis&#8217;in Tatvan il\u00e7esinde etkili olan ya\u011fmurun ard\u0131ndan g\u00f6kku\u015fa\u011f\u0131 ortaya \u00e7\u0131kt\u0131. G\u00f6kku\u015fa\u011f\u0131 izleyen mest etti. Vatanda\u015flar bu anlar\u0131 cep telefonlar\u0131yla kaydetti. \u00c7ift g\u00f6kku\u015fa\u011f\u0131n\u0131n da zaman zaman belirdi\u011fi manzara, sosyal medyada da k\u0131sa s\u00fcrede ilgi g\u00f6rd\u00fc.<\/p>\n<\/div>\n<p>&nbsp;<\/p>\n<p><strong>KAYNAK:SONDAK\u0130KA<\/strong><\/p>\n","protected":false},"excerpt":{"rendered":"<p>Bitlis Tatvan&#8217;da ya\u011fmur sonras\u0131 g\u00f6r\u00fclen g\u00f6kku\u015fa\u011f\u0131, vatanda\u015flar\u0131 mest etti ve sosyal medyada ilgi g\u00f6rd\u00fc. Bitlis&#8217;in\u00a0Tatvan\u00a0il\u00e7esinde etkili olan ya\u011fmurun ard\u0131ndan ortaya \u00e7\u0131kan g\u00f6kku\u015fa\u011f\u0131 g\u00f6rsel \u015f\u00f6len olu\u015fturdu. Bitlis&#8217;in Tatvan il\u00e7esinde etkili olan ya\u011fmurun ard\u0131ndan g\u00f6kku\u015fa\u011f\u0131 ortaya \u00e7\u0131kt\u0131. G\u00f6kku\u015fa\u011f\u0131 izleyen mest etti. Vatanda\u015flar bu anlar\u0131 cep telefonlar\u0131yla kaydetti. \u00c7ift g\u00f6kku\u015fa\u011f\u0131n\u0131n da zaman zaman belirdi\u011fi manzara, sosyal medyada da [&hellip;]<\/p>\n","protected":false},"author":1,"featured_media":3109,"comment_status":"open","ping_status":"closed","sticky":false,"template":"","format":"standard","meta":{"footnotes":""},"categories":[8,2300],"tags":[2321,529,2438,2443,2499,2444,2210,2448,2439],"class_list":["post-3108","post","type-post","status-publish","format-standard","has-post-thumbnail","hentry","category-gundem","category-haber","tag-bitlis","tag-doga","tag-guncel","tag-hava-durumu","tag-solen","tag-tatvan","tag-yasam","tag-yerel","tag-yerel-haberler"],"_links":{"self":[{"href":"https:\/\/doguhabertv.com\/index.php?rest_route=\/wp\/v2\/posts\/3108","targetHints":{"allow":["GET"]}}],"collection":[{"href":"https:\/\/doguhabertv.com\/index.php?rest_route=\/wp\/v2\/posts"}],"about":[{"href":"https:\/\/doguhabertv.com\/index.php?rest_route=\/wp\/v2\/types\/post"}],"author":[{"embeddable":true,"href":"https:\/\/doguhabertv.com\/index.php?rest_route=\/wp\/v2\/users\/1"}],"replies":[{"embeddable":true,"href":"https:\/\/doguhabertv.com\/index.php?rest_route=%2Fwp%2Fv2%2Fcomments&post=3108"}],"version-history":[{"count":1,"href":"https:\/\/doguhabertv.com\/index.php?rest_route=\/wp\/v2\/posts\/3108\/revisions"}],"predecessor-version":[{"id":3110,"href":"https:\/\/doguhabertv.com\/index.php?rest_route=\/wp\/v2\/posts\/3108\/revisions\/3110"}],"wp:featuredmedia":[{"embeddable":true,"href":"https:\/\/doguhabertv.com\/index.php?rest_route=\/wp\/v2\/media\/3109"}],"wp:attachment":[{"href":"https:\/\/doguhabertv.com\/index.php?rest_route=%2Fwp%2Fv2%2Fmedia&parent=3108"}],"wp:term":[{"taxonomy":"category","embeddable":true,"href":"https:\/\/doguhabertv.com\/index.php?rest_route=%2Fwp%2Fv2%2Fcategories&post=3108"},{"taxonomy":"post_tag","embeddable":true,"href":"https:\/\/doguhabertv.com\/index.php?rest_route=%2Fwp%2Fv2%2Ftags&post=3108"}],"curies":[{"name":"wp","href":"https:\/\/api.w.org\/{rel}","templated":true}]}}