{"id":3102,"date":"2025-05-17T08:00:56","date_gmt":"2025-05-17T08:00:56","guid":{"rendered":"https:\/\/doguhabertv.com\/?p=3102"},"modified":"2025-05-17T08:00:56","modified_gmt":"2025-05-17T08:00:56","slug":"ahlatta-engelliler-haftasi-farkindalik-yuruyusu","status":"publish","type":"post","link":"https:\/\/doguhabertv.com\/?p=3102","title":{"rendered":"Ahlat&#8217;ta Engelliler Haftas\u0131 Fark\u0131ndal\u0131k Y\u00fcr\u00fcy\u00fc\u015f\u00fc"},"content":{"rendered":"<h2 id=\"spot\" class=\"mt10 haber_ozet\">\u00d6zel bireyler, Ahlat&#8217;ta Engelliler Haftas\u0131 dolay\u0131s\u0131yla d\u00fczenlenen fark\u0131ndal\u0131k y\u00fcr\u00fcy\u00fc\u015f\u00fcnde bir araya geldi.<\/h2>\n<div class=\"hbptDate\">\n<p>Bitlis&#8217;in\u00a0Ahlat\u00a0il\u00e7esinde, &#8220;10-16 May\u0131s\u00a0Engelliler Haftas\u0131&#8221; dolay\u0131s\u0131yla \u00f6zel bireyler ve vatanda\u015flar\u0131n kat\u0131l\u0131m\u0131yla fark\u0131ndal\u0131k y\u00fcr\u00fcy\u00fc\u015f\u00fc yap\u0131ld\u0131.<\/p>\n<p>Kaymakaml\u0131k\u00a0\u00f6n\u00fcnde bir araya gelen kat\u0131l\u0131mc\u0131lar, Ergezen Ortaokulu Bando Tak\u0131m\u0131 e\u015fli\u011finde y\u00fcr\u00fcyen \u00f6zel bireyler, ellerindeki d\u00f6viz ve pankartlarla Ahlat Belediyesi \u00f6n\u00fcne kadar y\u00fcr\u00fcd\u00fc.<\/p>\n<p>Ahlat Mesleki ve Teknik\u00a0Anadolu Lisesi\u00a0Uygulama Oteli bah\u00e7esinde devam eden programda, \u00f6zel bireyler i\u00e7in pasta kesildi.<\/p>\n<\/div>\n<p>Gen\u00e7lik\u00a0Merkezi g\u00f6n\u00fcll\u00fcleri de d\u00fczenledikleri etkinliklerle kat\u0131l\u0131mc\u0131lar\u0131n keyifli anlar ya\u015famas\u0131n\u0131 sa\u011flad\u0131.<\/p>\n<p>Engelliler ile El Ele Dayan\u0131\u015fma ve Yard\u0131mla\u015fma Derne\u011fi Ba\u015fkan\u0131 Neslihan Akdemir, Engelliler Haftas\u0131&#8217;nda anlaml\u0131 bir program ger\u00e7ekle\u015ftirdiklerini s\u00f6yledi.<\/p>\n<p>Ahlat Kaymakaml\u0131\u011f\u0131 koordinasyonunda \u0130l\u00e7e\u00a0Milli E\u011fitim M\u00fcd\u00fcrl\u00fc\u011f\u00fc, Ahlat Belediyesi ve dernek olarak ortak bir \u00e7al\u0131\u015fma y\u00fcr\u00fctt\u00fcklerini belirten Akdemir, &#8220;Bu y\u00fcr\u00fcy\u00fc\u015fe \u00f6zel e\u011fitim merkezleri, \u00f6zel e\u011fitim okullar\u0131 da dahil oldu. \u00c7ok g\u00fczel bir fark\u0131ndal\u0131k olu\u015ftu. Y\u00fcr\u00fcy\u00fc\u015f sonras\u0131nda yap\u0131lan etkinlikler olduk\u00e7a renkli ge\u00e7ti. Destek veren herkese te\u015fekk\u00fcr ederim.&#8221; diye konu\u015ftu.<\/p>\n<p>???????Etkinli\u011fe Ahlat Kaymakam\u0131 Batuhan\u00a0Bing\u00f6l, \u0130l\u00e7e\u00a0Jandarma\u00a0Komutan\u0131 Binba\u015f\u0131 \u00d6mer Kartaler, Ahlat Sahil G\u00fcvenlik Karakol Komutan\u0131 \u00dcste\u011fmen Yi\u011fitcan \u00d6rikli, Ahlat \u0130l\u00e7e Emniyet M\u00fcd\u00fcr\u00fc Engin Tetik, Ahlat \u0130l\u00e7e Milli E\u011fitim M\u00fcd\u00fcr\u00fc Rafet Akg\u00fcn, kurum amirleri ve vatanda\u015flar kat\u0131ld\u0131.<\/p>\n<p>&nbsp;<\/p>\n<p>&nbsp;<\/p>\n<p><strong>KAYNAK:SONDAK\u0130KA<\/strong><\/p>\n","protected":false},"excerpt":{"rendered":"<p>\u00d6zel bireyler, Ahlat&#8217;ta Engelliler Haftas\u0131 dolay\u0131s\u0131yla d\u00fczenlenen fark\u0131ndal\u0131k y\u00fcr\u00fcy\u00fc\u015f\u00fcnde bir araya geldi. Bitlis&#8217;in\u00a0Ahlat\u00a0il\u00e7esinde, &#8220;10-16 May\u0131s\u00a0Engelliler Haftas\u0131&#8221; dolay\u0131s\u0131yla \u00f6zel bireyler ve vatanda\u015flar\u0131n kat\u0131l\u0131m\u0131yla fark\u0131ndal\u0131k y\u00fcr\u00fcy\u00fc\u015f\u00fc yap\u0131ld\u0131. Kaymakaml\u0131k\u00a0\u00f6n\u00fcnde bir araya gelen kat\u0131l\u0131mc\u0131lar, Ergezen Ortaokulu Bando Tak\u0131m\u0131 e\u015fli\u011finde y\u00fcr\u00fcyen \u00f6zel bireyler, ellerindeki d\u00f6viz ve pankartlarla Ahlat Belediyesi \u00f6n\u00fcne kadar y\u00fcr\u00fcd\u00fc. Ahlat Mesleki ve Teknik\u00a0Anadolu Lisesi\u00a0Uygulama Oteli bah\u00e7esinde devam [&hellip;]<\/p>\n","protected":false},"author":1,"featured_media":3103,"comment_status":"open","ping_status":"closed","sticky":false,"template":"","format":"standard","meta":{"footnotes":""},"categories":[8,2300],"tags":[2321,2480,584,2498,2496,2482,2438,2497,2210,2439],"class_list":["post-3102","post","type-post","status-publish","format-standard","has-post-thumbnail","hentry","category-gundem","category-haber","tag-bitlis","tag-ahlat","tag-egitim","tag-engelliler","tag-engelliler-haftasi","tag-etkinlikler","tag-guncel","tag-kaymakamlik","tag-yasam","tag-yerel-haberler"],"_links":{"self":[{"href":"https:\/\/doguhabertv.com\/index.php?rest_route=\/wp\/v2\/posts\/3102","targetHints":{"allow":["GET"]}}],"collection":[{"href":"https:\/\/doguhabertv.com\/index.php?rest_route=\/wp\/v2\/posts"}],"about":[{"href":"https:\/\/doguhabertv.com\/index.php?rest_route=\/wp\/v2\/types\/post"}],"author":[{"embeddable":true,"href":"https:\/\/doguhabertv.com\/index.php?rest_route=\/wp\/v2\/users\/1"}],"replies":[{"embeddable":true,"href":"https:\/\/doguhabertv.com\/index.php?rest_route=%2Fwp%2Fv2%2Fcomments&post=3102"}],"version-history":[{"count":1,"href":"https:\/\/doguhabertv.com\/index.php?rest_route=\/wp\/v2\/posts\/3102\/revisions"}],"predecessor-version":[{"id":3104,"href":"https:\/\/doguhabertv.com\/index.php?rest_route=\/wp\/v2\/posts\/3102\/revisions\/3104"}],"wp:featuredmedia":[{"embeddable":true,"href":"https:\/\/doguhabertv.com\/index.php?rest_route=\/wp\/v2\/media\/3103"}],"wp:attachment":[{"href":"https:\/\/doguhabertv.com\/index.php?rest_route=%2Fwp%2Fv2%2Fmedia&parent=3102"}],"wp:term":[{"taxonomy":"category","embeddable":true,"href":"https:\/\/doguhabertv.com\/index.php?rest_route=%2Fwp%2Fv2%2Fcategories&post=3102"},{"taxonomy":"post_tag","embeddable":true,"href":"https:\/\/doguhabertv.com\/index.php?rest_route=%2Fwp%2Fv2%2Ftags&post=3102"}],"curies":[{"name":"wp","href":"https:\/\/api.w.org\/{rel}","templated":true}]}}