{"id":3099,"date":"2025-05-17T07:59:48","date_gmt":"2025-05-17T07:59:48","guid":{"rendered":"https:\/\/doguhabertv.com\/?p=3099"},"modified":"2025-05-17T07:59:48","modified_gmt":"2025-05-17T07:59:48","slug":"ahlatta-engelliler-haftasi-farkindalik-yuruyusu-duzenlendi","status":"publish","type":"post","link":"https:\/\/doguhabertv.com\/?p=3099","title":{"rendered":"Ahlat&#8217;ta Engelliler Haftas\u0131 Fark\u0131ndal\u0131k Y\u00fcr\u00fcy\u00fc\u015f\u00fc D\u00fczenlendi"},"content":{"rendered":"<h2 id=\"spot\" class=\"mt10 haber_ozet\">Bitlis&#8217;in Ahlat il\u00e7esinde &#8217;10-16 May\u0131s Engelliler Haftas\u0131&#8217; kapsam\u0131nda \u00f6zel bireyler ve vatanda\u015flar\u0131n kat\u0131l\u0131m\u0131yla fark\u0131ndal\u0131k y\u00fcr\u00fcy\u00fc\u015f\u00fc ger\u00e7ekle\u015ftirildi. Y\u00fcr\u00fcy\u00fc\u015f, Ahlat Kaymakaml\u0131\u011f\u0131 \u00f6n\u00fcnden ba\u015flayarak Ahlat Belediyesi \u00f6n\u00fcnde sona erdi. Etkinlikte \u00e7e\u015fitli aktivitelerle \u00f6zel bireylerin g\u00fcn\u00fc kutland\u0131.<\/h2>\n<div class=\"hbptDate\">\n<p>Bitlis&#8217;in\u00a0Ahlat\u00a0il\u00e7esinde &#8220;10-16 May\u0131s\u00a0Engelliler Haftas\u0131&#8221; dolay\u0131s\u0131yla \u00f6zel bireyler ve vatanda\u015flar\u0131n kat\u0131l\u0131m\u0131yla fark\u0131ndal\u0131k y\u00fcr\u00fcy\u00fc\u015f\u00fc ger\u00e7ekle\u015ftirildi.<\/p>\n<p>Ahlat Kaymakaml\u0131\u011f\u0131 \u00f6n\u00fcnde ba\u015flayan y\u00fcr\u00fcy\u00fc\u015fte, Ergezen Ortaokulu bando tak\u0131m\u0131 e\u015fli\u011finde y\u00fcr\u00fcyen \u00f6zel bireyler ellerindeki d\u00f6viz ve pankartlarla fark\u0131ndal\u0131k mesajlar\u0131 verdi. Y\u00fcr\u00fcy\u00fc\u015f, Ahlat Belediyesi \u00f6n\u00fcnde sona erdi. Etkinlik daha sonra Ahlat Mesleki ve Teknik\u00a0Anadolu Lisesi\u00a0Uygulama Oteli bah\u00e7esinde devam etti. Burada kesilen pasta ile \u00f6zel bireylerin g\u00fcn\u00fc kutlan\u0131rken, Ahlat\u00a0Gen\u00e7lik\u00a0Merkezi g\u00f6n\u00fcll\u00fcleri taraf\u0131ndan d\u00fczenlenen \u00e7e\u015fitli aktivitelerle kat\u0131l\u0131mc\u0131lara keyifli anlar ya\u015fat\u0131ld\u0131.<\/p>\n<p>Etkinlik sonunda gazetecilere a\u00e7\u0131klama yapan Ahlat Engelliler ile El Ele Dayan\u0131\u015fma ve Yard\u0131mla\u015fma Derne\u011fi Ba\u015fkan\u0131 Neslihan Akdemir, &#8220;Bug\u00fcn Engelliler Haftas\u0131 nedeniyle il\u00e7emizde \u00e7ok g\u00fczel bir program ger\u00e7ekle\u015ftirdik. Ahlat Kaymakaml\u0131\u011f\u0131 koordinasyonunda \u0130l\u00e7e Milli\u00a0E\u011fitim, Ahlat Belediyesi ve dernek olarak ortak bir \u00e7al\u0131\u015fma y\u00fcr\u00fctt\u00fck.\u00a0Kaymakaml\u0131k\u00a0\u00f6n\u00fcnden ba\u015flayarak fark\u0131ndal\u0131k y\u00fcr\u00fcy\u00fc\u015f\u00fc ger\u00e7ekle\u015ftirdik. Bu y\u00fcr\u00fcy\u00fc\u015fe \u00f6zel e\u011fitim merkezleri, \u00f6zel e\u011fitim okullar\u0131 da dahil oldu. \u00c7ok g\u00fczel bir fark\u0131ndal\u0131k oldu. Y\u00fcr\u00fcy\u00fc\u015f sonras\u0131nda ise gen\u00e7lik merkezinin etkinlikleri olduk\u00e7a renkli oldu. Ahlat Belediyesine ise ikraml\u0131klar\u0131 i\u00e7in \u00e7ok te\u015fekk\u00fcr ederim&#8221; dedi.<\/p>\n<\/div>\n<p>Etkinli\u011fe Ahlat Kaymakam\u0131 Batuhan\u00a0Bing\u00f6l, Ahlat \u0130l\u00e7e\u00a0Jandarma\u00a0Komutan\u0131 Binba\u015f\u0131 \u00d6mer Kartaler, Ahlat Sahil G\u00fcvenlik Komutan\u0131 Yi\u011fitcan \u00d6rikli, Ahlat \u0130l\u00e7e Emniyet M\u00fcd\u00fcr\u00fc Engin Tetik, Ahlat \u0130l\u00e7e Milli E\u011fitim M\u00fcd\u00fcr\u00fc Rafet Akg\u00fcn, baz\u0131 kurum amirleri ve vatanda\u015flar kat\u0131ld\u0131.<\/p>\n<p>&nbsp;<\/p>\n<p>&nbsp;<\/p>\n<p>&nbsp;<\/p>\n<p><strong>KAYNAK:SONDAK\u0130KA<\/strong><\/p>\n","protected":false},"excerpt":{"rendered":"<p>Bitlis&#8217;in Ahlat il\u00e7esinde &#8217;10-16 May\u0131s Engelliler Haftas\u0131&#8217; kapsam\u0131nda \u00f6zel bireyler ve vatanda\u015flar\u0131n kat\u0131l\u0131m\u0131yla fark\u0131ndal\u0131k y\u00fcr\u00fcy\u00fc\u015f\u00fc ger\u00e7ekle\u015ftirildi. Y\u00fcr\u00fcy\u00fc\u015f, Ahlat Kaymakaml\u0131\u011f\u0131 \u00f6n\u00fcnden ba\u015flayarak Ahlat Belediyesi \u00f6n\u00fcnde sona erdi. Etkinlikte \u00e7e\u015fitli aktivitelerle \u00f6zel bireylerin g\u00fcn\u00fc kutland\u0131. Bitlis&#8217;in\u00a0Ahlat\u00a0il\u00e7esinde &#8220;10-16 May\u0131s\u00a0Engelliler Haftas\u0131&#8221; dolay\u0131s\u0131yla \u00f6zel bireyler ve vatanda\u015flar\u0131n kat\u0131l\u0131m\u0131yla fark\u0131ndal\u0131k y\u00fcr\u00fcy\u00fc\u015f\u00fc ger\u00e7ekle\u015ftirildi. Ahlat Kaymakaml\u0131\u011f\u0131 \u00f6n\u00fcnde ba\u015flayan y\u00fcr\u00fcy\u00fc\u015fte, Ergezen Ortaokulu bando tak\u0131m\u0131 [&hellip;]<\/p>\n","protected":false},"author":1,"featured_media":3100,"comment_status":"open","ping_status":"closed","sticky":false,"template":"","format":"standard","meta":{"footnotes":""},"categories":[8,2300],"tags":[2321,2480,584,2496,2482,2210,2448,2439],"class_list":["post-3099","post","type-post","status-publish","format-standard","has-post-thumbnail","hentry","category-gundem","category-haber","tag-bitlis","tag-ahlat","tag-egitim","tag-engelliler-haftasi","tag-etkinlikler","tag-yasam","tag-yerel","tag-yerel-haberler"],"_links":{"self":[{"href":"https:\/\/doguhabertv.com\/index.php?rest_route=\/wp\/v2\/posts\/3099","targetHints":{"allow":["GET"]}}],"collection":[{"href":"https:\/\/doguhabertv.com\/index.php?rest_route=\/wp\/v2\/posts"}],"about":[{"href":"https:\/\/doguhabertv.com\/index.php?rest_route=\/wp\/v2\/types\/post"}],"author":[{"embeddable":true,"href":"https:\/\/doguhabertv.com\/index.php?rest_route=\/wp\/v2\/users\/1"}],"replies":[{"embeddable":true,"href":"https:\/\/doguhabertv.com\/index.php?rest_route=%2Fwp%2Fv2%2Fcomments&post=3099"}],"version-history":[{"count":1,"href":"https:\/\/doguhabertv.com\/index.php?rest_route=\/wp\/v2\/posts\/3099\/revisions"}],"predecessor-version":[{"id":3101,"href":"https:\/\/doguhabertv.com\/index.php?rest_route=\/wp\/v2\/posts\/3099\/revisions\/3101"}],"wp:featuredmedia":[{"embeddable":true,"href":"https:\/\/doguhabertv.com\/index.php?rest_route=\/wp\/v2\/media\/3100"}],"wp:attachment":[{"href":"https:\/\/doguhabertv.com\/index.php?rest_route=%2Fwp%2Fv2%2Fmedia&parent=3099"}],"wp:term":[{"taxonomy":"category","embeddable":true,"href":"https:\/\/doguhabertv.com\/index.php?rest_route=%2Fwp%2Fv2%2Fcategories&post=3099"},{"taxonomy":"post_tag","embeddable":true,"href":"https:\/\/doguhabertv.com\/index.php?rest_route=%2Fwp%2Fv2%2Ftags&post=3099"}],"curies":[{"name":"wp","href":"https:\/\/api.w.org\/{rel}","templated":true}]}}