{"id":3096,"date":"2025-05-16T08:12:26","date_gmt":"2025-05-16T08:12:26","guid":{"rendered":"https:\/\/doguhabertv.com\/?p=3096"},"modified":"2025-05-16T08:12:26","modified_gmt":"2025-05-16T08:12:26","slug":"inci-kefalinin-delicaydaki-zorlu-gocunu-yuzlerce-kisi-izledi","status":"publish","type":"post","link":"https:\/\/doguhabertv.com\/?p=3096","title":{"rendered":"\u0130nci kefalinin Deli\u00e7ay&#8217;daki zorlu g\u00f6\u00e7\u00fcn\u00fc y\u00fczlerce ki\u015fi izledi"},"content":{"rendered":"<h2 id=\"spot\" class=\"mt10 haber_ozet\">D\u00fcnyada sadece Van G\u00f6l\u00fc&#8217;nde ya\u015fayan ve \u00fcremek i\u00e7in suyun ak\u0131\u015f\u0131n\u0131n tersine y\u00fcz\u00fcp tatl\u0131 sulara g\u00f6\u00e7 eden inci kefallerini g\u00f6rmek i\u00e7in, y\u00fczlerce ki\u015fi Erci\u015f il\u00e7esindeki Deli\u00e7ay&#8217;a geldi.<\/h2>\n<div class=\"hbptDate\">\n<p>Van G\u00f6l\u00fc&#8217;n\u00fcn tuzlu ve sodal\u0131 suyunda ya\u015fayabilen ve nesli koruma alt\u0131nda olan inci kefalinin \u00fcreme d\u00f6nemi nedeniyle 15 Nisan-\u00a015 Temmuz\u00a0aras\u0131 uygulanan av yasa\u011f\u0131 s\u00fcr\u00fcyor.<\/p>\n<p><img decoding=\"async\" src=\"https:\/\/foto.sondakika.com\/haber\/2025\/05\/11\/inci-kefalinin-delicay-daki-zorlu-gocunu-yuzlerce-18615127_3402_m.jpg\" alt=\"\u0130nci kefalinin Deli\u00e7ay'daki zorlu g\u00f6\u00e7\u00fcn\u00fc y\u00fczlerce ki\u015fi izledi\" \/><\/p>\n<div class=\"drimg\">\n<h3>U\u00c7ARCASINA DERELERE AKIN ED\u0130YORLAR<\/h3>\n<p>D\u00fcnyada sadece Van G\u00f6l\u00fc&#8217;nde ya\u015fayan ve \u00fcremek i\u00e7in ve\u00a0Alaska&#8217;daki somon bal\u0131klar\u0131 gibi ak\u0131nt\u0131n\u0131n tersine y\u00fcz\u00fcp u\u00e7arcas\u0131na derelere ak\u0131n eden inci kefallerinin g\u00f6\u00e7 s\u00fcreci devam ediyor.<\/p>\n<h3>Y\u00dcZLERCE K\u0130\u015e\u0130 \u0130ZLEMEK \u0130\u00c7\u0130N GELD\u0130<\/h3>\n<p>\u0130nci kefalinin g\u00f6\u00e7 g\u00fczergah\u0131nda\u00a0Tar\u0131m\u00a0ve Orman \u0130l M\u00fcd\u00fcrl\u00fc\u011f\u00fc, jandarma, polis ve zab\u0131ta ekipleri, 7 g\u00fcn 24 saat denetimler yaparken, y\u00fczlerce ki\u015fi de inci kefalinin g\u00f6\u00e7\u00fcn\u00fc izlemek i\u00e7in\u00a0Erci\u015f\u00a0il\u00e7esindeki Deli\u00e7ay&#8217;a geldi.<\/p>\n<p>Batman&#8217;dan bal\u0131k g\u00f6\u00e7\u00fcn\u00fc izlemeye gelen U\u011fur Ta\u015f, &#8220;Daha \u00f6nce hi\u00e7 inci kefali bal\u0131\u011f\u0131n\u0131 g\u00f6rmemi\u015ftim. Bal\u0131klar\u0131n g\u00f6\u00e7\u00fcn\u00fc duyunca ailem ile birlikte Batman&#8217;dan Van&#8217;a geldik. Suyun tersine y\u00fczen inci kefalleri inan\u0131lmaz bir g\u00f6rsel \u015f\u00f6len sunuyor. Herkesin gelip bu g\u00fczelli\u011fi g\u00f6rmesini isterim&#8221; dedi.<\/p>\n<\/div>\n<\/div>\n<p>&nbsp;<\/p>\n<p><strong>KAYNAK:SONDAK\u0130KA<\/strong><\/p>\n<div class=\"hbptDate\">\n<div class=\"drimg\">\n<div id=\"tb-inpage-general\"><\/div>\n<\/div>\n<\/div>\n","protected":false},"excerpt":{"rendered":"<p>D\u00fcnyada sadece Van G\u00f6l\u00fc&#8217;nde ya\u015fayan ve \u00fcremek i\u00e7in suyun ak\u0131\u015f\u0131n\u0131n tersine y\u00fcz\u00fcp tatl\u0131 sulara g\u00f6\u00e7 eden inci kefallerini g\u00f6rmek i\u00e7in, y\u00fczlerce ki\u015fi Erci\u015f il\u00e7esindeki Deli\u00e7ay&#8217;a geldi. Van G\u00f6l\u00fc&#8217;n\u00fcn tuzlu ve sodal\u0131 suyunda ya\u015fayabilen ve nesli koruma alt\u0131nda olan inci kefalinin \u00fcreme d\u00f6nemi nedeniyle 15 Nisan-\u00a015 Temmuz\u00a0aras\u0131 uygulanan av yasa\u011f\u0131 s\u00fcr\u00fcyor. U\u00c7ARCASINA DERELERE AKIN ED\u0130YORLAR D\u00fcnyada [&hellip;]<\/p>\n","protected":false},"author":1,"featured_media":3097,"comment_status":"open","ping_status":"closed","sticky":false,"template":"","format":"standard","meta":{"footnotes":""},"categories":[8,2300],"tags":[2347,389,529,563,2465,2438,2437,1994,2495,2210,2439],"class_list":["post-3096","post","type-post","status-publish","format-standard","has-post-thumbnail","hentry","category-gundem","category-haber","tag-van","tag-cevre","tag-doga","tag-dunya","tag-ercis","tag-guncel","tag-hayvanlar","tag-tarim","tag-van-golu","tag-yasam","tag-yerel-haberler"],"_links":{"self":[{"href":"https:\/\/doguhabertv.com\/index.php?rest_route=\/wp\/v2\/posts\/3096","targetHints":{"allow":["GET"]}}],"collection":[{"href":"https:\/\/doguhabertv.com\/index.php?rest_route=\/wp\/v2\/posts"}],"about":[{"href":"https:\/\/doguhabertv.com\/index.php?rest_route=\/wp\/v2\/types\/post"}],"author":[{"embeddable":true,"href":"https:\/\/doguhabertv.com\/index.php?rest_route=\/wp\/v2\/users\/1"}],"replies":[{"embeddable":true,"href":"https:\/\/doguhabertv.com\/index.php?rest_route=%2Fwp%2Fv2%2Fcomments&post=3096"}],"version-history":[{"count":1,"href":"https:\/\/doguhabertv.com\/index.php?rest_route=\/wp\/v2\/posts\/3096\/revisions"}],"predecessor-version":[{"id":3098,"href":"https:\/\/doguhabertv.com\/index.php?rest_route=\/wp\/v2\/posts\/3096\/revisions\/3098"}],"wp:featuredmedia":[{"embeddable":true,"href":"https:\/\/doguhabertv.com\/index.php?rest_route=\/wp\/v2\/media\/3097"}],"wp:attachment":[{"href":"https:\/\/doguhabertv.com\/index.php?rest_route=%2Fwp%2Fv2%2Fmedia&parent=3096"}],"wp:term":[{"taxonomy":"category","embeddable":true,"href":"https:\/\/doguhabertv.com\/index.php?rest_route=%2Fwp%2Fv2%2Fcategories&post=3096"},{"taxonomy":"post_tag","embeddable":true,"href":"https:\/\/doguhabertv.com\/index.php?rest_route=%2Fwp%2Fv2%2Ftags&post=3096"}],"curies":[{"name":"wp","href":"https:\/\/api.w.org\/{rel}","templated":true}]}}