{"id":3093,"date":"2025-05-16T08:09:03","date_gmt":"2025-05-16T08:09:03","guid":{"rendered":"https:\/\/doguhabertv.com\/?p=3093"},"modified":"2025-05-16T08:09:03","modified_gmt":"2025-05-16T08:09:03","slug":"bitliste-film-festivali-coskusu","status":"publish","type":"post","link":"https:\/\/doguhabertv.com\/?p=3093","title":{"rendered":"Bitlis&#8217;te Film Festivali Co\u015fkusu"},"content":{"rendered":"<h2 id=\"spot\" class=\"mt10 haber_ozet\">Sanat\u00e7\u0131lar, Bitlis&#8217;in do\u011fal ve tarihi g\u00fczelliklerini ke\u015ffetti, \u00f6d\u00fcl t\u00f6reni i\u00e7in haz\u0131rland\u0131lar.<\/h2>\n<div class=\"hbptDate\">\n<p>&#8220;Bitlis\u00a0Be\u015f Minare Uluslararas\u0131\u00a0Film Festivali&#8221;ne kat\u0131lan sanat\u00e7\u0131lar, oyuncular, y\u00f6netmenler, senaristler ve mankenler, kentteki do\u011fal g\u00fczelliklerin bulundu\u011fu alanlar\u0131 ve tarihi mekanlar\u0131 gezdi.<\/p>\n<p>Avrupa Se\u00e7kin Destinasyonlar\u0131 (EDEN) Projesi kapsam\u0131nda &#8220;M\u00fckemmeliyet \u00d6d\u00fcl\u00fc&#8221; alan Nemrut Krater G\u00f6l\u00fc&#8217;ne giden sanat\u00e7\u0131lar, b\u00f6lgede y\u00fcr\u00fcy\u00fc\u015f yapt\u0131, foto\u011fraf \u00e7ekti.<\/p>\n<p>Daha sonra\u00a0Ahlat\u00a0il\u00e7esinde d\u00fcnyan\u0131n en b\u00fcy\u00fck T\u00fcrk-\u0130slam mezarlar\u0131ndan biri olan\u00a0Sel\u00e7uklu\u00a0Meydan Mezarl\u0131\u011f\u0131&#8217;n\u0131 ziyaret eden sanat\u00e7\u0131lar, \u00e7ektikleri foto\u011fraflar\u0131 sosyal medya hesaplar\u0131ndan payla\u015farak kentin tan\u0131t\u0131m\u0131na katk\u0131 sundu.<\/p>\n<p>Festivalin direkt\u00f6r\u00fc\u00a0Wilma Elles, bas\u0131n mensuplar\u0131na, &#8220;Bitlis Be\u015f Minare Uluslararas\u0131 Film Festivali&#8221;nin \u00fc\u00e7\u00fcnc\u00fc g\u00fcn\u00fcnde olduklar\u0131n\u0131 s\u00f6yledi.<\/p>\n<p>Festivale \u00e7ok g\u00fczel bir kat\u0131l\u0131m\u0131n sa\u011fland\u0131\u011f\u0131n\u0131 belirten Elles, \u015f\u00f6yle konu\u015ftu:<\/p>\n<p>&#8220;Yakla\u015f\u0131k 200 sanat\u00e7\u0131 geldi. \u00c7ok mutluyuz. Protokol \u00fcyeleri burada. Bug\u00fcn \u00f6d\u00fcl t\u00f6renimiz var. Bitlis E\u011fitim ve Tan\u0131tma Vakf\u0131 (BETAV) deste\u011fiyle \u00f6d\u00fcller da\u011f\u0131t\u0131lacak. BETAV&#8217;a \u00e7ok te\u015fekk\u00fcr ederiz. Gezimizin en \u00f6nemli yerine geldik. Ahlat Sel\u00e7uklu Meydan Mezarl\u0131\u011f\u0131&#8217;na. Herkes \u00e7ok etkilendi. Nemrut Krater G\u00f6l\u00fc&#8217;n\u00fc de gezdik. Buradan etkilenmemek m\u00fcmk\u00fcn de\u011fil. \u00c7ok g\u00fczel duygular ya\u015f\u0131yoruz.&#8221;<\/p>\n<p>Manken\u00a0Ece G\u00fcrsel\u00a0de ziyaret ettikleri Ahlat Sel\u00e7uklu Meydan Mezarl\u0131\u011f\u0131&#8217;n\u0131n etkileyici oldu\u011funu bildirerek, &#8220;Bitlis halk\u0131 b\u00f6yle bir co\u011frafyaya ve tarihe sahip olduklar\u0131 i\u00e7in \u00e7ok \u015fansl\u0131. Ben burada bulunmaktan dolay\u0131 son derece mutluyum.&#8221; dedi.<\/p>\n<p>Sanat\u00e7\u0131\u00a0Metin Y\u0131ld\u0131z\u00a0ise Ahlat Sel\u00e7uklu Mezarl\u0131\u011f\u0131&#8217;n\u0131n muazzam bir yer oldu\u011funu belirtti.<\/p>\n<p>Bitlis&#8217;in co\u011frafyas\u0131yla \u00e7ok etkileyici oldu\u011funu vurgulayan Y\u0131ld\u0131z, &#8220;Atalar\u0131m\u0131z\u0131n y\u0131llar \u00f6nce neler yapt\u0131\u011f\u0131n\u0131, mezarl\u0131klar\u0131na bile ne kadar de\u011fer verdi\u011fini g\u00f6rmek bizler i\u00e7in muhte\u015fem. Derler ya \u00f6l\u00fcs\u00fcne de\u011fer vermeyen dirisine hi\u00e7 de\u011fer vermez. Ger\u00e7ekten muazzam eserler b\u0131rakm\u0131\u015flar. Bu bizi \u00e7ok heyecanland\u0131r\u0131yor. B\u00f6ylesine festivallerin yap\u0131lmas\u0131n\u0131n \u00e7ok \u00f6nemli oldu\u011funu d\u00fc\u015f\u00fcn\u00fcyorum. Umar\u0131m devam\u0131 olur ve y\u0131llarca gider. Bu festivaller Bitlis halk\u0131 ve buras\u0131 i\u00e7in de \u00e7ok \u00f6nemli. Umar\u0131m \u00fclke sath\u0131na yay\u0131l\u0131r.&#8221; diye konu\u015ftu.<\/p>\n<p>&#8220;B\u00f6yle bir ortamda uluslararas\u0131 bir festivalin yap\u0131lmas\u0131 \u00e7ok k\u0131ymetli&#8221;<\/p>\n<p>Oyuncu Berke \u00dczrek, Bitlis&#8217;e ilk defa geldi\u011fini dile getirerek, &#8220;Buras\u0131 \u00e7ok \u00f6nemli bir tarih sahnesi. B\u00f6yle bir ortamda uluslararas\u0131 film festivali yap\u0131l\u0131yor olmas\u0131 \u00e7ok k\u0131ymetli. Temennimiz \u00e7ok daha etkili festivallerin \u00f6n\u00fcm\u00fczdeki s\u00fcre\u00e7te b\u00fcy\u00fcyerek, g\u00fc\u00e7lenerek devam ettirmesidir. Bu film festivalinin ikincisi, \u00fc\u00e7\u00fcnc\u00fcs\u00fc, d\u00f6rd\u00fcnc\u00fcs\u00fc, be\u015fincisi in\u015fallah olacak.&#8221; de\u011ferlendirmesinde bulundu.<\/p>\n<p>Sanat\u00e7\u0131\u00a0Y\u00fcksel Ar\u0131c\u0131\u00a0da Adanal\u0131 oldu\u011funu ancak her y\u0131l bir Bitlisli gibi festivale gelece\u011fini belirterek, &#8220;Bu tarihi kentte b\u00f6yle bir festivalin yap\u0131lmas\u0131 kentin tan\u0131t\u0131m\u0131 i\u00e7in de \u00e7ok \u00f6nemli. Bu festivalden sonra insanlar Bitlis&#8217;i merak edecekler. Bitlis&#8217;i tan\u0131maya ba\u015flayacaklar. Bu festivalde eme\u011fi ge\u00e7en t\u00fcm arkada\u015flar\u0131ma te\u015fekk\u00fcr ediyorum.&#8221; dedi.<\/p>\n<p>Festivalin j\u00fcri ba\u015fkan\u0131 ve y\u00f6netmen\u00a0Dervi\u015f Zaim\u00a0de &#8220;Bitlis Be\u015f Minare Uluslararas\u0131 Film Festivali&#8221; \u00e7al\u0131\u015fmas\u0131nda, y\u00f6renin k\u00fclt\u00fcrel hayat\u0131n\u0131n canland\u0131r\u0131lmas\u0131 amac\u0131yla yola \u00e7\u0131k\u0131ld\u0131\u011f\u0131n\u0131 s\u00f6yledi.<\/p>\n<p>Festivalin emekleme d\u00f6neminde oldu\u011funu dile getiren Zaim, \u015funlar\u0131 kaydetti:<\/p>\n<p>&#8220;Burada olmak ve destek vermekten \u00e7ok mutluyum. Bu y\u0131l uzun metraj dal\u0131nda yar\u0131\u015fan filmlerin j\u00fcrisindeydim. Bir s\u00fcr\u00fc film aras\u0131ndan \u00f6n\u00fcm\u00fcze gelen se\u00e7kiyi izledik. K\u0131sa listeyi izledik. Birbirinden farkl\u0131 filmler vard\u0131. Bu da T\u00fcrk sinemas\u0131n\u0131n farkl\u0131 e\u011filimlerine i\u015faret ediyordu. Aras\u0131ndan kendimize g\u00f6re en uygun olan\u0131n\u0131, kriterlerimize g\u00f6re m\u00fcmk\u00fcn oldu\u011fu kadar de\u011ferlendirdik. Herkese hay\u0131rl\u0131 olmas\u0131n\u0131 diliyorum. \u00d6nemli olan burada bulunmak.&#8221;<\/p>\n<\/div>\n<p>&nbsp;<\/p>\n<p><strong>KAYNAK:SONDAK\u0130KA<\/strong><\/p>\n","protected":false},"excerpt":{"rendered":"<p>Sanat\u00e7\u0131lar, Bitlis&#8217;in do\u011fal ve tarihi g\u00fczelliklerini ke\u015ffetti, \u00f6d\u00fcl t\u00f6reni i\u00e7in haz\u0131rland\u0131lar. &#8220;Bitlis\u00a0Be\u015f Minare Uluslararas\u0131\u00a0Film Festivali&#8221;ne kat\u0131lan sanat\u00e7\u0131lar, oyuncular, y\u00f6netmenler, senaristler ve mankenler, kentteki do\u011fal g\u00fczelliklerin bulundu\u011fu alanlar\u0131 ve tarihi mekanlar\u0131 gezdi. Avrupa Se\u00e7kin Destinasyonlar\u0131 (EDEN) Projesi kapsam\u0131nda &#8220;M\u00fckemmeliyet \u00d6d\u00fcl\u00fc&#8221; alan Nemrut Krater G\u00f6l\u00fc&#8217;ne giden sanat\u00e7\u0131lar, b\u00f6lgede y\u00fcr\u00fcy\u00fc\u015f yapt\u0131, foto\u011fraf \u00e7ekti. Daha sonra\u00a0Ahlat\u00a0il\u00e7esinde d\u00fcnyan\u0131n en b\u00fcy\u00fck [&hellip;]<\/p>\n","protected":false},"author":1,"featured_media":3094,"comment_status":"open","ping_status":"closed","sticky":false,"template":"","format":"standard","meta":{"footnotes":""},"categories":[8,2300],"tags":[2321,2370,2371,2480,2477,2438,1257,2478,2494,2210],"class_list":["post-3093","post","type-post","status-publish","format-standard","has-post-thumbnail","hentry","category-gundem","category-haber","tag-bitlis","tag-etkinlik","tag-sanat","tag-ahlat","tag-film-festivali","tag-guncel","tag-kultur","tag-kultur-sanat","tag-selcuklu","tag-yasam"],"_links":{"self":[{"href":"https:\/\/doguhabertv.com\/index.php?rest_route=\/wp\/v2\/posts\/3093","targetHints":{"allow":["GET"]}}],"collection":[{"href":"https:\/\/doguhabertv.com\/index.php?rest_route=\/wp\/v2\/posts"}],"about":[{"href":"https:\/\/doguhabertv.com\/index.php?rest_route=\/wp\/v2\/types\/post"}],"author":[{"embeddable":true,"href":"https:\/\/doguhabertv.com\/index.php?rest_route=\/wp\/v2\/users\/1"}],"replies":[{"embeddable":true,"href":"https:\/\/doguhabertv.com\/index.php?rest_route=%2Fwp%2Fv2%2Fcomments&post=3093"}],"version-history":[{"count":1,"href":"https:\/\/doguhabertv.com\/index.php?rest_route=\/wp\/v2\/posts\/3093\/revisions"}],"predecessor-version":[{"id":3095,"href":"https:\/\/doguhabertv.com\/index.php?rest_route=\/wp\/v2\/posts\/3093\/revisions\/3095"}],"wp:featuredmedia":[{"embeddable":true,"href":"https:\/\/doguhabertv.com\/index.php?rest_route=\/wp\/v2\/media\/3094"}],"wp:attachment":[{"href":"https:\/\/doguhabertv.com\/index.php?rest_route=%2Fwp%2Fv2%2Fmedia&parent=3093"}],"wp:term":[{"taxonomy":"category","embeddable":true,"href":"https:\/\/doguhabertv.com\/index.php?rest_route=%2Fwp%2Fv2%2Fcategories&post=3093"},{"taxonomy":"post_tag","embeddable":true,"href":"https:\/\/doguhabertv.com\/index.php?rest_route=%2Fwp%2Fv2%2Ftags&post=3093"}],"curies":[{"name":"wp","href":"https:\/\/api.w.org\/{rel}","templated":true}]}}