{"id":3090,"date":"2025-05-16T08:07:17","date_gmt":"2025-05-16T08:07:17","guid":{"rendered":"https:\/\/doguhabertv.com\/?p=3090"},"modified":"2025-05-16T08:07:17","modified_gmt":"2025-05-16T08:07:17","slug":"bitliste-tir-sarampole-dustu","status":"publish","type":"post","link":"https:\/\/doguhabertv.com\/?p=3090","title":{"rendered":"Bitlis&#8217;te T\u0131r \u015earampole D\u00fc\u015ft\u00fc"},"content":{"rendered":"<h2 id=\"spot\" class=\"mt10 haber_ozet\">Ya\u011fmur nedeniyle kayganla\u015fan yolda meydana gelen kazada t\u0131r \u015farampole d\u00fc\u015ft\u00fc, s\u00fcr\u00fcc\u00fc yara almad\u0131.<\/h2>\n<div class=\"hbptDate\">\n<p>Bitlis&#8217;in\u00a0Adilcevaz\u00a0il\u00e7esinde ya\u011fmurdan dolay\u0131 kayganla\u015fan yolda t\u0131r \u015farampole d\u00fc\u015ft\u00fc.<\/p>\n<p>Edinilen bilgiye g\u00f6re kaza, Adilcevaz-\u00a0Erci\u015f\u00a0karayolunun 20&#8217;nci kilometresinde meydana geldi. 26 TS 166 plakal\u0131 t\u0131r, seyir halindeyken\u00a0Kar\u015f\u0131yaka\u00a0k\u00f6y\u00fc mevkisinde ya\u011fmur nedeniyle kayganla\u015fan yolda hakimiyetini kaybederek yol kenar\u0131na savruldu.\u00a0Kaza\u00a0sonras\u0131 olay yerine gelen\u00a0trafik ekipleri taraf\u0131ndan gerekli tedbirleri al\u0131nd\u0131. Kazada maddi hasar meydana gelirken ara\u00e7 s\u00fcr\u00fcc\u00fcs\u00fc kazay\u0131 yara almadan atlatt\u0131.<\/p>\n<\/div>\n<p>&nbsp;<\/p>\n<p><strong>KAYNAK:SONDAK\u0130KA<\/strong><\/p>\n","protected":false},"excerpt":{"rendered":"<p>Ya\u011fmur nedeniyle kayganla\u015fan yolda meydana gelen kazada t\u0131r \u015farampole d\u00fc\u015ft\u00fc, s\u00fcr\u00fcc\u00fc yara almad\u0131. Bitlis&#8217;in\u00a0Adilcevaz\u00a0il\u00e7esinde ya\u011fmurdan dolay\u0131 kayganla\u015fan yolda t\u0131r \u015farampole d\u00fc\u015ft\u00fc. Edinilen bilgiye g\u00f6re kaza, Adilcevaz-\u00a0Erci\u015f\u00a0karayolunun 20&#8217;nci kilometresinde meydana geldi. 26 TS 166 plakal\u0131 t\u0131r, seyir halindeyken\u00a0Kar\u015f\u0131yaka\u00a0k\u00f6y\u00fc mevkisinde ya\u011fmur nedeniyle kayganla\u015fan yolda hakimiyetini kaybederek yol kenar\u0131na savruldu.\u00a0Kaza\u00a0sonras\u0131 olay yerine gelen\u00a0trafik ekipleri taraf\u0131ndan gerekli tedbirleri al\u0131nd\u0131. [&hellip;]<\/p>\n","protected":false},"author":1,"featured_media":3091,"comment_status":"open","ping_status":"closed","sticky":false,"template":"","format":"standard","meta":{"footnotes":""},"categories":[8,2300],"tags":[2321,2314,2493,829,2443,1135,2475,2464,2210,2439],"class_list":["post-3090","post","type-post","status-publish","format-standard","has-post-thumbnail","hentry","category-gundem","category-haber","tag-bitlis","tag-ulasim","tag-adilcevaz","tag-guvenlik","tag-hava-durumu","tag-kaza","tag-olaylar","tag-trafik-kazalari","tag-yasam","tag-yerel-haberler"],"_links":{"self":[{"href":"https:\/\/doguhabertv.com\/index.php?rest_route=\/wp\/v2\/posts\/3090","targetHints":{"allow":["GET"]}}],"collection":[{"href":"https:\/\/doguhabertv.com\/index.php?rest_route=\/wp\/v2\/posts"}],"about":[{"href":"https:\/\/doguhabertv.com\/index.php?rest_route=\/wp\/v2\/types\/post"}],"author":[{"embeddable":true,"href":"https:\/\/doguhabertv.com\/index.php?rest_route=\/wp\/v2\/users\/1"}],"replies":[{"embeddable":true,"href":"https:\/\/doguhabertv.com\/index.php?rest_route=%2Fwp%2Fv2%2Fcomments&post=3090"}],"version-history":[{"count":1,"href":"https:\/\/doguhabertv.com\/index.php?rest_route=\/wp\/v2\/posts\/3090\/revisions"}],"predecessor-version":[{"id":3092,"href":"https:\/\/doguhabertv.com\/index.php?rest_route=\/wp\/v2\/posts\/3090\/revisions\/3092"}],"wp:featuredmedia":[{"embeddable":true,"href":"https:\/\/doguhabertv.com\/index.php?rest_route=\/wp\/v2\/media\/3091"}],"wp:attachment":[{"href":"https:\/\/doguhabertv.com\/index.php?rest_route=%2Fwp%2Fv2%2Fmedia&parent=3090"}],"wp:term":[{"taxonomy":"category","embeddable":true,"href":"https:\/\/doguhabertv.com\/index.php?rest_route=%2Fwp%2Fv2%2Fcategories&post=3090"},{"taxonomy":"post_tag","embeddable":true,"href":"https:\/\/doguhabertv.com\/index.php?rest_route=%2Fwp%2Fv2%2Ftags&post=3090"}],"curies":[{"name":"wp","href":"https:\/\/api.w.org\/{rel}","templated":true}]}}