{"id":3071,"date":"2025-05-15T07:40:42","date_gmt":"2025-05-15T07:40:42","guid":{"rendered":"https:\/\/doguhabertv.com\/?p=3071"},"modified":"2025-05-15T07:40:42","modified_gmt":"2025-05-15T07:40:42","slug":"vanda-fotograf-senligi-120-cocuk-sehrin-guzelliklerini-kadraja-aldi","status":"publish","type":"post","link":"https:\/\/doguhabertv.com\/?p=3071","title":{"rendered":"Van&#8217;da Foto\u011fraf \u015eenli\u011fi: 120 \u00c7ocuk \u015eehrin G\u00fczelliklerini Kadraja Ald\u0131"},"content":{"rendered":"<p>Van B\u00fcy\u00fck\u015fehir Belediyesi, 12-14 ya\u015f aral\u0131\u011f\u0131ndaki \u00e7ocuklar i\u00e7in foto\u011fraf \u015fenli\u011fi d\u00fczenliyor. \u015eenlik sonunda \u00e7ocuklar\u0131n \u00e7ekmi\u015f oldu\u011fu foto\u011fraflar d\u00fczenlenecek olan sergide sanatseverlerle bulu\u015facak.<\/p>\n<p>B\u00fcy\u00fck\u015fehir Belediyesi K\u00fclt\u00fcr ve Sosyal \u0130\u015fler Dairesi Ba\u015fkanl\u0131\u011f\u0131 Van&#8217;\u0131n tarihi mekanlar\u0131n\u0131 g\u00fcn y\u00fcz\u00fcne \u00e7\u0131karmak ve foto\u011fraf sanat\u0131n\u0131 \u00e7ocuklara tan\u0131tmak ad\u0131na &#8216;120 \u00c7ocu\u011fumuzla Van&#8217;\u0131 Foto\u011frafl\u0131yoruz, \u00c7ocuklar\u0131n G\u00f6z\u00fcnden Van&#8217; ad\u0131nda \u015fenlik d\u00fczenliyor. 16 Nisan tarihinde muhtelif okullardan se\u00e7ilen 12 &#8211; 14 ya\u015f aral\u0131\u011f\u0131ndaki 120 \u00e7ocuk, e\u011fitmenlerin g\u00f6zetiminde Van&#8217;daki do\u011fal ve tarihi g\u00fczellikleri gezerek foto\u011fraflad\u0131. Van&#8217;\u0131n g\u00fczelliklerini kadrajlar\u0131na yans\u0131tan \u00e7ocuklar bir birinden g\u00fczel foto\u011fraflar \u00e7ekerek hem Van&#8217;\u0131n tan\u0131t\u0131m\u0131na katk\u0131 sa\u011fl\u0131yor hem de foto\u011fraf sanat\u0131n\u0131n inceliklerini \u00f6\u011frendi.<\/p>\n<p>120 \u00e7ocu\u011fun \u00e7ekmi\u015f oldu\u011fu Van temal\u0131 foto\u011fraflar \u015fenlik sonunda Van B\u00fcy\u00fck\u015fehir Belediyesi taraf\u0131ndan 30 May\u0131s&#8217;ta d\u00fczenlenecek olan foto\u011fraf sergisinde sanatseverlerle bulu\u015facak.<\/p>\n<p>&nbsp;<\/p>\n<p>&nbsp;<\/p>\n<p><strong>KAYNAK:SONDAK\u0130KA<\/strong><\/p>\n","protected":false},"excerpt":{"rendered":"<p>Van B\u00fcy\u00fck\u015fehir Belediyesi, 12-14 ya\u015f aral\u0131\u011f\u0131ndaki \u00e7ocuklar i\u00e7in foto\u011fraf \u015fenli\u011fi d\u00fczenliyor. \u015eenlik sonunda \u00e7ocuklar\u0131n \u00e7ekmi\u015f oldu\u011fu foto\u011fraflar d\u00fczenlenecek olan sergide sanatseverlerle bulu\u015facak. B\u00fcy\u00fck\u015fehir Belediyesi K\u00fclt\u00fcr ve Sosyal \u0130\u015fler Dairesi Ba\u015fkanl\u0131\u011f\u0131 Van&#8217;\u0131n tarihi mekanlar\u0131n\u0131 g\u00fcn y\u00fcz\u00fcne \u00e7\u0131karmak ve foto\u011fraf sanat\u0131n\u0131 \u00e7ocuklara tan\u0131tmak ad\u0131na &#8216;120 \u00c7ocu\u011fumuzla Van&#8217;\u0131 Foto\u011frafl\u0131yoruz, \u00c7ocuklar\u0131n G\u00f6z\u00fcnden Van&#8217; ad\u0131nda \u015fenlik d\u00fczenliyor. 16 Nisan tarihinde [&hellip;]<\/p>\n","protected":false},"author":1,"featured_media":3072,"comment_status":"open","ping_status":"closed","sticky":false,"template":"","format":"standard","meta":{"footnotes":""},"categories":[8,2300],"tags":[2347,2488,2489,835],"class_list":["post-3071","post","type-post","status-publish","format-standard","has-post-thumbnail","hentry","category-gundem","category-haber","tag-van","tag-buyuksehirbelediyesi","tag-fotografsenligi","tag-haber"],"_links":{"self":[{"href":"https:\/\/doguhabertv.com\/index.php?rest_route=\/wp\/v2\/posts\/3071","targetHints":{"allow":["GET"]}}],"collection":[{"href":"https:\/\/doguhabertv.com\/index.php?rest_route=\/wp\/v2\/posts"}],"about":[{"href":"https:\/\/doguhabertv.com\/index.php?rest_route=\/wp\/v2\/types\/post"}],"author":[{"embeddable":true,"href":"https:\/\/doguhabertv.com\/index.php?rest_route=\/wp\/v2\/users\/1"}],"replies":[{"embeddable":true,"href":"https:\/\/doguhabertv.com\/index.php?rest_route=%2Fwp%2Fv2%2Fcomments&post=3071"}],"version-history":[{"count":1,"href":"https:\/\/doguhabertv.com\/index.php?rest_route=\/wp\/v2\/posts\/3071\/revisions"}],"predecessor-version":[{"id":3073,"href":"https:\/\/doguhabertv.com\/index.php?rest_route=\/wp\/v2\/posts\/3071\/revisions\/3073"}],"wp:featuredmedia":[{"embeddable":true,"href":"https:\/\/doguhabertv.com\/index.php?rest_route=\/wp\/v2\/media\/3072"}],"wp:attachment":[{"href":"https:\/\/doguhabertv.com\/index.php?rest_route=%2Fwp%2Fv2%2Fmedia&parent=3071"}],"wp:term":[{"taxonomy":"category","embeddable":true,"href":"https:\/\/doguhabertv.com\/index.php?rest_route=%2Fwp%2Fv2%2Fcategories&post=3071"},{"taxonomy":"post_tag","embeddable":true,"href":"https:\/\/doguhabertv.com\/index.php?rest_route=%2Fwp%2Fv2%2Ftags&post=3071"}],"curies":[{"name":"wp","href":"https:\/\/api.w.org\/{rel}","templated":true}]}}