{"id":3068,"date":"2025-05-14T08:21:27","date_gmt":"2025-05-14T08:21:27","guid":{"rendered":"https:\/\/doguhabertv.com\/?p=3068"},"modified":"2025-05-14T08:21:27","modified_gmt":"2025-05-14T08:21:27","slug":"vanda-motosiklet-ve-otomobil-carpisti","status":"publish","type":"post","link":"https:\/\/doguhabertv.com\/?p=3068","title":{"rendered":"Van&#8217;da Motosiklet ve Otomobil \u00c7arp\u0131\u015ft\u0131"},"content":{"rendered":"<p>Van&#8217;\u0131n Edremit il\u00e7esinde ak\u015fam saatlerinde otomobil ile motosikletin \u00e7arp\u0131\u015fmas\u0131 sonucu bir ki\u015fi hafif \u015fekilde yaraland\u0131.<\/p>\n<p>Edinilen bilgilere g\u00f6re olay, saat 23.00 s\u0131ralar\u0131nda Van-Edremit karayolunda meydana geldi. Yol \u00fczerinde motosiklet ile otomobilin \u00e7arp\u0131\u015fmas\u0131 sonucunda hem motosiklette hem de otomobilde ciddi maddi hasar olu\u015ftu. Ara\u00e7larda b\u00fcy\u00fck \u00e7apta ezilme ve k\u0131r\u0131lmalar\u0131n meydana geldi\u011fi kazada motosikletin s\u00fcr\u00fcc\u00fcs\u00fc yaraland\u0131. Yaral\u0131 s\u00fcr\u00fcc\u00fcye ilk m\u00fcdahaleyi vatanda\u015flar olay yerinde yaparak 112 sa\u011fl\u0131k \u00e7al\u0131\u015fanlar\u0131na haber verdiler.\u00a0Kaza\u00a0sonras\u0131nda yol k\u0131sa bir s\u00fcreli\u011fine kontrol alt\u0131nda tutularak trafi\u011fe a\u00e7\u0131k kald\u0131.<\/p>\n<p>Polis\u00a0ekipleri ise kazayla ilgili inceleme ba\u015flatt\u0131.<\/p>\n<p>&nbsp;<\/p>\n<p>&nbsp;<\/p>\n<p><strong>KAYNAK:SONDAK\u0130KA<\/strong><\/p>\n","protected":false},"excerpt":{"rendered":"<p>Van&#8217;\u0131n Edremit il\u00e7esinde ak\u015fam saatlerinde otomobil ile motosikletin \u00e7arp\u0131\u015fmas\u0131 sonucu bir ki\u015fi hafif \u015fekilde yaraland\u0131. Edinilen bilgilere g\u00f6re olay, saat 23.00 s\u0131ralar\u0131nda Van-Edremit karayolunda meydana geldi. Yol \u00fczerinde motosiklet ile otomobilin \u00e7arp\u0131\u015fmas\u0131 sonucunda hem motosiklette hem de otomobilde ciddi maddi hasar olu\u015ftu. Ara\u00e7larda b\u00fcy\u00fck \u00e7apta ezilme ve k\u0131r\u0131lmalar\u0131n meydana geldi\u011fi kazada motosikletin s\u00fcr\u00fcc\u00fcs\u00fc yaraland\u0131. Yaral\u0131 [&hellip;]<\/p>\n","protected":false},"author":1,"featured_media":3069,"comment_status":"open","ping_status":"closed","sticky":false,"template":"","format":"standard","meta":{"footnotes":""},"categories":[8,2300],"tags":[2347,2487,829,1135,2486,1570,2076],"class_list":["post-3068","post","type-post","status-publish","format-standard","has-post-thumbnail","hentry","category-gundem","category-haber","tag-van","tag-edremit","tag-guvenlik","tag-kaza","tag-motosiklet","tag-otomobil","tag-trafik"],"_links":{"self":[{"href":"https:\/\/doguhabertv.com\/index.php?rest_route=\/wp\/v2\/posts\/3068","targetHints":{"allow":["GET"]}}],"collection":[{"href":"https:\/\/doguhabertv.com\/index.php?rest_route=\/wp\/v2\/posts"}],"about":[{"href":"https:\/\/doguhabertv.com\/index.php?rest_route=\/wp\/v2\/types\/post"}],"author":[{"embeddable":true,"href":"https:\/\/doguhabertv.com\/index.php?rest_route=\/wp\/v2\/users\/1"}],"replies":[{"embeddable":true,"href":"https:\/\/doguhabertv.com\/index.php?rest_route=%2Fwp%2Fv2%2Fcomments&post=3068"}],"version-history":[{"count":1,"href":"https:\/\/doguhabertv.com\/index.php?rest_route=\/wp\/v2\/posts\/3068\/revisions"}],"predecessor-version":[{"id":3070,"href":"https:\/\/doguhabertv.com\/index.php?rest_route=\/wp\/v2\/posts\/3068\/revisions\/3070"}],"wp:featuredmedia":[{"embeddable":true,"href":"https:\/\/doguhabertv.com\/index.php?rest_route=\/wp\/v2\/media\/3069"}],"wp:attachment":[{"href":"https:\/\/doguhabertv.com\/index.php?rest_route=%2Fwp%2Fv2%2Fmedia&parent=3068"}],"wp:term":[{"taxonomy":"category","embeddable":true,"href":"https:\/\/doguhabertv.com\/index.php?rest_route=%2Fwp%2Fv2%2Fcategories&post=3068"},{"taxonomy":"post_tag","embeddable":true,"href":"https:\/\/doguhabertv.com\/index.php?rest_route=%2Fwp%2Fv2%2Ftags&post=3068"}],"curies":[{"name":"wp","href":"https:\/\/api.w.org\/{rel}","templated":true}]}}