{"id":3065,"date":"2025-05-14T08:19:07","date_gmt":"2025-05-14T08:19:07","guid":{"rendered":"https:\/\/doguhabertv.com\/?p=3065"},"modified":"2025-05-14T08:19:07","modified_gmt":"2025-05-14T08:19:07","slug":"vanda-pkknin-feshi-is-dunyasi-tarafindan-desteklendi","status":"publish","type":"post","link":"https:\/\/doguhabertv.com\/?p=3065","title":{"rendered":"Van&#8217;da PKK&#8217;n\u0131n Feshi \u0130\u015f D\u00fcnyas\u0131 Taraf\u0131ndan Desteklendi"},"content":{"rendered":"<h2 id=\"spot\" class=\"mt10 haber_ozet\">Van&#8217;daki i\u015f d\u00fcnyas\u0131, PKK&#8217;n\u0131n fesih karar\u0131n\u0131 olumlu buldu ve gelecekteki de\u011fi\u015fim i\u00e7in umutlu.<\/h2>\n<div class=\"hbptDate\">\n<p>PKK&#8217;n\u0131n fesih karar\u0131 t\u00fcm illerde oldu\u011fu gibi\u00a0Van&#8217;da da i\u015f d\u00fcnyas\u0131 taraf\u0131ndan olumlu kar\u015f\u0131land\u0131.<\/p>\n<p>Van&#8217;da i\u015f d\u00fcnyas\u0131, ter\u00f6r \u00f6rg\u00fct\u00fc PKK&#8217;n\u0131n fesih karar\u0131n\u0131n olduk\u00e7a \u00f6nemli oldu\u011funu ifade ettiler. PKK&#8217;n\u0131n silah b\u0131rakmas\u0131 ile ilgili s\u00fcreci de\u011ferlendiren Van Ticaret ve Sanayi Odas\u0131 (Van TSO) Y\u00f6netim Kurulu Ba\u015fkan\u0131\u00a0Necdet Takva, s\u00fcrecin t\u00fcm \u00fclkeye hay\u0131rl\u0131 olmas\u0131 dileklerinde bulundu. Y\u0131llard\u0131r ya\u015fanan zor ve zahmetli g\u00fcnlerin ard\u0131ndan d\u00fcn itibariyle PKK&#8217;n\u0131n silah b\u0131rakmas\u0131 ve kendini fesih etmesinin\u00a0T\u00fcrkiye\u00a0i\u00e7in tarihi bir d\u00f6nemin ba\u015flang\u0131c\u0131 olarak de\u011ferlendirildi\u011fine vurgu yapan Takva, &#8220;Bu tarihi s\u00fcre\u00e7le beraber en fazla bizim b\u00f6lgemizde hissedilebilir bir de\u011fi\u015fim olaca\u011f\u0131n\u0131 tahmin ediyorum. \u00c7ok k\u0131sa vadede olmasa da orta ve uzun vadede; 40 y\u0131lda 2 trilyon dolar veya \u00fczerinde tahmin edilen kay\u0131plar\u0131n art\u0131k b\u00f6lgesel kalk\u0131nmaya, b\u00f6lgeler aras\u0131ndaki geli\u015fmi\u015flik fark\u0131n\u0131n giderilmesine, g\u00fcvenlik konseptiyle y\u00f6netilen kentlerin art\u0131k normal hayat\u0131n ola\u011fan ak\u0131\u015f\u0131 i\u00e7erisinde ya\u015famlar\u0131n\u0131 ortaya \u00e7\u0131karabilecekleri bir potansiyellerinin ortaya \u00e7\u0131karabilecekleri bir konsepte d\u00f6n\u00fc\u015fece\u011fini umuyorum. Anadolu&#8217;nun en do\u011fusunda bulunan ve \u00e7at\u0131\u015fmalar\u0131n oda\u011f\u0131nda alg\u0131lanan bir \u015fehirden bahsediyoruz. Dolayas\u0131yla bu alg\u0131lar\u0131n de\u011fi\u015fece\u011fini, sadece ulusal hareketlili\u011fin de\u011fil uluslararas\u0131 hareketlili\u011fin de b\u00f6lgeye olan ilgisini \u00fcste seviyeye \u00e7\u0131karaca\u011f\u0131n\u0131 umuyorum&#8221; dedi.<\/p>\n<p>\u0130\u015f d\u00fcnyas\u0131n\u0131 duyurularla bu yeni d\u00f6neme ili\u015fkin haz\u0131rlama gayreti i\u00e7erisinde olacaklar\u0131n\u0131 belirten Takva, &#8220;\u015eehirlerimizin \u00e7ok b\u00fcy\u00fck potansiyelleri var ama neredeyse y\u00fcz y\u0131ld\u0131r bu potansiyelleri de\u011ferlendirebilme imkan\u0131m\u0131z olmam\u0131\u015ft\u0131. Yayla yasaklar\u0131, uzun y\u0131llar bizim hem k\u0131rsal \u00fcretim alanlar\u0131m\u0131z\u0131 ortadan kald\u0131rd\u0131 hem de b\u00fcy\u00fck \u00f6l\u00e7\u00fcde \u015fehirlere yo\u011fun bir g\u00f6\u00e7 dalgas\u0131na yol a\u00e7t\u0131. Bu g\u00f6\u00e7 dalgas\u0131n\u0131n duraca\u011f\u0131n\u0131 tahmin ediyorum. Bunun yan\u0131nda k\u0131rsal \u00fcretim alanlar\u0131, art\u0131k halk\u0131n zenginli\u011fine, refah\u0131na, potansiyellerinin de\u011ferlendirilmesine yol a\u00e7acakt\u0131r&#8221; ifadelerini kulland\u0131<\/p>\n<p>\u015eehirlerin b\u00fcy\u00fck k\u00f6ylere d\u00f6n\u00fc\u015ft\u00fc\u011f\u00fcn\u00fc ifade eden Takva, &#8220;\u015eehirlerimiz, bu g\u00f6\u00e7 dalgas\u0131n\u0131 kald\u0131rabilecek potansiyelde \u015fehirler de\u011fildi ve bu do\u011frultuda kurgulanmam\u0131\u015ft\u0131. S\u00fcrd\u00fcr\u00fclebilir y\u00f6netsel anlay\u0131\u015flar\u0131n art\u0131k \u015fehirlerimizde egemen olaca\u011f\u0131n\u0131, siyasetin normalle\u015fece\u011fini ve normalle\u015fen siyasal hayat i\u00e7erisinde kural hakimiyeti ile beraber ticaretin de geli\u015fece\u011fini, serbest dola\u015f\u0131m imkanlar\u0131n\u0131n en az\u0131ndan g\u00fcvenlik meselesinin bir engel olarak de\u011fil art\u0131k potansiyellerin de\u011ferlendirilebilece\u011fi d\u00fczeye gelece\u011fini tahmin ediyorum. Bizlerde bu \u00e7a\u011fr\u0131lar\u0131m\u0131z\u0131 t\u00fcm kamuoyuna, t\u00fcm T\u00fcrkiye&#8217;ye ve uluslararas\u0131 camiaya ifade edece\u011fiz. Hem sermaye kayb\u0131m\u0131z\u0131n, sermaye g\u00f6\u00e7\u00fcn\u00fcn hem ak\u0131l ve nitelikli insan g\u00f6\u00e7\u00fcn\u00fcn tersine bir d\u00f6n\u00fc\u015f\u00fcm olacakt\u0131r ve bu da halk\u0131n zenginli\u011fine, refah\u0131na ve b\u00f6lgemizin kalk\u0131nmas\u0131na ciddi katk\u0131 sunacakt\u0131r&#8221; diye konu\u015ftu.<\/p>\n<p>Van\u00a0<a class=\"keyword-sd\" title=\"OSB\" href=\"https:\/\/www.sondakika.com\/osb\/\">OSB<\/a>\u00a0Y\u00f6netim Kurulu Ba\u015fkan\u0131 Memet Aslan ise PKK&#8217;n\u0131n kendisini fesih etmesinin \u00e7ok k\u0131ymetli ve \u00f6nemli bir s\u00fcre\u00e7 oldu\u011funu ifade ederek, &#8220;Al\u0131nan kararlar \u00e7ok de\u011ferli. 40 seneyi a\u015fk\u0131nd\u0131r \u00e7at\u0131\u015fmal\u0131 bir s\u00fcre\u00e7, bir kaos ya\u015fand\u0131. T\u00fcrkiye topraklar\u0131 \u00fczerinde hayatlar\u0131n\u0131 s\u00fcrd\u00fcren b\u00fct\u00fcn topluluklar, y\u00fczy\u0131llard\u0131r beraber ya\u015fayan, ayn\u0131 duyguyu, ayn\u0131 ac\u0131y\u0131, ayn\u0131 sevinci, mutlulu\u011fu payla\u015fan halklard\u0131. Bug\u00fcn bu halklar\u0131 birbirinden ay\u0131rmak, kategorize etmek \u00e7ok yanl\u0131\u015f. \u00c7\u00fcnk\u00fc g\u00f6nl\u00fcm\u00fcz, ac\u0131m\u0131z, sevincimiz birdi. Beraber bat\u0131 g\u00fc\u00e7lere kar\u015f\u0131 kurtulu\u015f m\u00fccadelesi verdiler, beraber cumhuriyeti kurdular yani K\u00fcrtler ve T\u00fcrkler bu \u00fclkenin kurucu unsurlar\u0131d\u0131r. Maalesef 40 senedir bir ayr\u0131l\u0131k\u00e7\u0131 hava estiriliyordu. Bir\u00e7ok kayna\u011f\u0131m\u0131z, imkan\u0131m\u0131z, olana\u011f\u0131m\u0131z, silaha, bombaya, \u00f6l\u00fcme ve bu t\u00fcr zarar veren alanlara heba edildi. B\u00f6lgeye yat\u0131r\u0131m alam\u0131yorduk, sermaye gelmiyordu.1980&#8217;lerden \u00f6nce Van&#8217;a \u00e7ok ciddi bir \u015fekilde Avrupal\u0131\u00a0turist\u00a0geliyordu. \u00c7ok ciddi bir turizm potansiyeli vard\u0131. Yine hayvanc\u0131l\u0131k Van&#8217;da ve b\u00f6lgede \u00e7ok iyiydi. Van&#8217;\u0131n her taraf\u0131 tar\u0131m ve hayvanc\u0131l\u0131k noktas\u0131nda kayn\u0131yordu. Yaylalar\u0131m\u0131z, meralar\u0131m\u0131z \u00fclkenin milli gelirine, ekonomisine ciddi katk\u0131lar sunuyordu. Ancak bu \u00e7at\u0131\u015fmal\u0131 s\u00fcre\u00e7ten dolay\u0131 maalesef hem turizmimiz hem hayvanc\u0131l\u0131\u011f\u0131m\u0131z hem de tar\u0131m\u0131m\u0131z baltaland\u0131. \u0130stikrar\u0131n, g\u00fcven ortam\u0131n\u0131n olmad\u0131\u011f\u0131 bir b\u00f6lgeye i\u015f insanlar\u0131, \u00fcreticiler gelip yat\u0131r\u0131m yapmazlar. Dolays\u0131yla bu da b\u00f6lgede i\u015fsizlik oran\u0131n\u0131n artmas\u0131na neden oldu. En \u00f6nemli kayna\u011f\u0131m\u0131z olan insan g\u00fcc\u00fcm\u00fcz\u00fc maalesef k\u00f6t\u00fcye kullanmak zorunda kal\u0131yorduk. Bunlar\u0131n hepsi bizim negatif y\u00f6n\u00fcm\u00fcz. \u00dclkemize, b\u00f6lgemize ve ilimize olumsuz yans\u0131yan s\u00fcre\u00e7ler&#8221; dedi.<\/p>\n<p>T\u00fcrkiye&#8217;de ter\u00f6r\u00fcn bitmesi y\u00f6n\u00fcnde daha \u00f6ncede \u00e7e\u015fitli hamlelerin ba\u015flat\u0131ld\u0131\u011f\u0131na dikkat \u00e7eken Aslan, &#8220;Ter\u00f6r\u00fcn bitmesi, \u00e7at\u0131\u015fmal\u0131 ortam\u0131n son bulmas\u0131 i\u00e7in bir \u00e7ok olaylar ya\u015fand\u0131 ama bir t\u00fcrl\u00fc bu i\u015f kemale ermedi. Ama son 8 ayd\u0131r Say\u0131n\u00a0Devlet Bah\u00e7eli&#8217;nin ba\u015flatm\u0131\u015f oldu\u011fu,\u00a0Abdullah \u00d6calan&#8217;\u0131n destekledi\u011fi, Say\u0131n Cumhurba\u015fkan\u0131m\u0131z\u0131n sahiplendi\u011fi, iktidar\u0131n sahiplendi\u011fi, Cumhur \u0130ttifak\u0131&#8217;n\u0131n ev sahipli\u011fi yapt\u0131\u011f\u0131, muhalefet partilerinin bu i\u015fe pozitif y\u00f6nde alan bi\u00e7tikleri, DEM Partisi&#8217;nin s\u00fcrece olumlu katk\u0131 sundu\u011fu ve herkesin olumlu bir \u015fekilde yana\u015ft\u0131\u011f\u0131 bir s\u00fcre\u00e7 ya\u015fand\u0131. Yine PKK&#8217;n\u0131n kendilerini fesih etti\u011fi y\u00f6n\u00fcnde \u00e7a\u011fr\u0131s\u0131 oldu. Bizler de hem K\u00fcrt vatanda\u015f\u0131 olarak hem b\u00f6lgenin insan\u0131 hem de i\u015f d\u00fcnyas\u0131 olarak bu s\u00fcrecin bu noktaya gelmesini \u00e7ok olumlu, \u00e7ok g\u00fczel kar\u015f\u0131l\u0131yoruz. Bu s\u00fcre\u00e7ler ya\u015fanmad\u0131\u011f\u0131, \u00e7at\u0131\u015fmal\u0131 sava\u015f ortam\u0131n\u0131n olmad\u0131\u011f\u0131 ortama i\u015f d\u00fcnyas\u0131 daha g\u00fcvenli, daha pozitif y\u00f6nl\u00fc bakar ve buraya yat\u0131r\u0131m yapacak insanlar rahat\u00e7a burada yat\u0131r\u0131mlar\u0131n\u0131 yap\u0131p burada \u00fcretim istihdamlar\u0131n\u0131 s\u00fcrd\u00fcrme y\u00f6n\u00fcnde irade ortaya koyarlar. \u00c7\u00fcnk\u00fc bizim yeralt\u0131 ve yer\u00fcst\u00fc kaynaklar\u0131m\u0131z, insan kayna\u011f\u0131m\u0131z, lojistik imkan\u0131m\u0131z. b\u00f6lgesel imkanlar\u0131m\u0131z, co\u011frafi durumumuz, stratejik b\u00f6lgede olmam\u0131z birer avantajd\u0131r. Avrupa&#8217;n\u0131n Asya&#8217;ya, Uzakdo\u011fu&#8217;ya a\u00e7\u0131lan kap\u0131s\u0131, Uzakdo\u011fu&#8217;nun Asya&#8217;ya, Avrupa&#8217;ya a\u00e7\u0131lan kap\u0131s\u0131 konumunda ve tarihi\u00a0\u0130pekyolu\u00a0\u00fczerinde Van \u015fehri var. Dolay\u0131s\u0131yla bu b\u00f6lge, \u00e7ok ciddi yat\u0131r\u0131m almas\u0131, \u00e7ok g\u00fc\u00e7l\u00fc olmas\u0131 gereken bir b\u00f6lgedir&#8221; ifadelerine yer verdi.<\/p>\n<p>Van&#8217;\u0131n her anlamda potansiyeli y\u00fcksek bir il oldu\u011funu vurgulayan Aslan, konu\u015fmas\u0131n\u0131 \u015f\u00f6yle s\u00fcrd\u00fcrd\u00fc:<\/p>\n<p>&#8220;Bu s\u00fcre\u00e7ler pozitife d\u00f6nd\u00fc\u011f\u00fc vakit, i\u015f insanlar\u0131m\u0131z\u0131n hem ulusal hem uluslararas\u0131 boyutta b\u00f6lgemizde yat\u0131r\u0131m yapt\u0131\u011f\u0131 vakit, hem ilin hem b\u00f6lgenin hem de \u00fclkenin ekonomisine ciddi pozitif katk\u0131 sunmu\u015f olacakt\u0131r. Bu s\u0131k\u0131nt\u0131lar ortadan kalkt\u0131\u011f\u0131 vakit insanlar \u00e7ok rahat bir \u015fekilde ilimize gelip yat\u0131r\u0131m yapabileceklerdir. Dolay\u0131s\u0131yla bizler art\u0131k bu co\u011frafyada hi\u00e7bir anan\u0131n a\u011flamas\u0131n\u0131, hi\u00e7bir e\u015fin e\u015fsiz kalmas\u0131n\u0131, hi\u00e7bir \u00e7ocu\u011fun babas\u0131z kalmas\u0131n\u0131 istemiyoruz. \u0130n\u015fallah bu s\u00fcre\u00e7 hayra evrilir ve sonu\u00e7lar\u0131 hay\u0131rl\u0131 olur.&#8221;<\/p>\n<\/div>\n<p>&nbsp;<\/p>\n<p><strong>KAYNAK:SONDAK\u0130KA<\/strong><\/p>\n","protected":false},"excerpt":{"rendered":"<p>Van&#8217;daki i\u015f d\u00fcnyas\u0131, PKK&#8217;n\u0131n fesih karar\u0131n\u0131 olumlu buldu ve gelecekteki de\u011fi\u015fim i\u00e7in umutlu. PKK&#8217;n\u0131n fesih karar\u0131 t\u00fcm illerde oldu\u011fu gibi\u00a0Van&#8217;da da i\u015f d\u00fcnyas\u0131 taraf\u0131ndan olumlu kar\u015f\u0131land\u0131. Van&#8217;da i\u015f d\u00fcnyas\u0131, ter\u00f6r \u00f6rg\u00fct\u00fc PKK&#8217;n\u0131n fesih karar\u0131n\u0131n olduk\u00e7a \u00f6nemli oldu\u011funu ifade ettiler. PKK&#8217;n\u0131n silah b\u0131rakmas\u0131 ile ilgili s\u00fcreci de\u011ferlendiren Van Ticaret ve Sanayi Odas\u0131 (Van TSO) Y\u00f6netim Kurulu [&hellip;]<\/p>\n","protected":false},"author":1,"featured_media":3066,"comment_status":"open","ping_status":"closed","sticky":false,"template":"","format":"standard","meta":{"footnotes":""},"categories":[8,2300],"tags":[2347,2298,829,2485,1653,1662],"class_list":["post-3065","post","type-post","status-publish","format-standard","has-post-thumbnail","hentry","category-gundem","category-haber","tag-van","tag-ekonomi","tag-guvenlik","tag-is-dunyasi","tag-pkk","tag-politika"],"_links":{"self":[{"href":"https:\/\/doguhabertv.com\/index.php?rest_route=\/wp\/v2\/posts\/3065","targetHints":{"allow":["GET"]}}],"collection":[{"href":"https:\/\/doguhabertv.com\/index.php?rest_route=\/wp\/v2\/posts"}],"about":[{"href":"https:\/\/doguhabertv.com\/index.php?rest_route=\/wp\/v2\/types\/post"}],"author":[{"embeddable":true,"href":"https:\/\/doguhabertv.com\/index.php?rest_route=\/wp\/v2\/users\/1"}],"replies":[{"embeddable":true,"href":"https:\/\/doguhabertv.com\/index.php?rest_route=%2Fwp%2Fv2%2Fcomments&post=3065"}],"version-history":[{"count":1,"href":"https:\/\/doguhabertv.com\/index.php?rest_route=\/wp\/v2\/posts\/3065\/revisions"}],"predecessor-version":[{"id":3067,"href":"https:\/\/doguhabertv.com\/index.php?rest_route=\/wp\/v2\/posts\/3065\/revisions\/3067"}],"wp:featuredmedia":[{"embeddable":true,"href":"https:\/\/doguhabertv.com\/index.php?rest_route=\/wp\/v2\/media\/3066"}],"wp:attachment":[{"href":"https:\/\/doguhabertv.com\/index.php?rest_route=%2Fwp%2Fv2%2Fmedia&parent=3065"}],"wp:term":[{"taxonomy":"category","embeddable":true,"href":"https:\/\/doguhabertv.com\/index.php?rest_route=%2Fwp%2Fv2%2Fcategories&post=3065"},{"taxonomy":"post_tag","embeddable":true,"href":"https:\/\/doguhabertv.com\/index.php?rest_route=%2Fwp%2Fv2%2Ftags&post=3065"}],"curies":[{"name":"wp","href":"https:\/\/api.w.org\/{rel}","templated":true}]}}