{"id":3056,"date":"2025-05-13T08:19:48","date_gmt":"2025-05-13T08:19:48","guid":{"rendered":"https:\/\/doguhabertv.com\/?p=3056"},"modified":"2025-05-13T08:19:48","modified_gmt":"2025-05-13T08:19:48","slug":"bitliste-jandarma-ekiplerinden-sehit-annelerine-ziyaret","status":"publish","type":"post","link":"https:\/\/doguhabertv.com\/?p=3056","title":{"rendered":"Bitlis&#8217;te jandarma ekiplerinden \u015fehit annelerine ziyaret"},"content":{"rendered":"<h2 id=\"spot\" class=\"mt10 haber_ozet\">Bitlis \u0130l Jandarma Komutanl\u0131\u011f\u0131 ekipleri, Anneler G\u00fcn\u00fc dolay\u0131s\u0131yla \u015fehit annelerini ziyaret etti.<\/h2>\n<div class=\"hbptDate\">\n<p>Bitlis\u00a0\u0130l\u00a0Jandarma\u00a0Komutanl\u0131\u011f\u0131 ekipleri,\u00a0Anneler G\u00fcn\u00fc\u00a0dolay\u0131s\u0131yla \u015fehit annelerini ziyaret etti.<\/p>\n<p>Valilik&#8217;ten yap\u0131lan a\u00e7\u0131klamaya g\u00f6re, jandarma ekipleri, farkl\u0131 mahallelerde ikamet eden \u015fehit aileleriyle bir araya geldi.<\/p>\n<p>Ekipler, \u015fehitlerin anneleriyle sohbet etti, g\u00fcnlerini kutlay\u0131p \u00e7i\u00e7ek verdi.<\/p>\n<\/div>\n<p>&nbsp;<\/p>\n<p><strong>KAYNAK:SONDAK\u0130KA<\/strong><\/p>\n","protected":false},"excerpt":{"rendered":"<p>Bitlis \u0130l Jandarma Komutanl\u0131\u011f\u0131 ekipleri, Anneler G\u00fcn\u00fc dolay\u0131s\u0131yla \u015fehit annelerini ziyaret etti. Bitlis\u00a0\u0130l\u00a0Jandarma\u00a0Komutanl\u0131\u011f\u0131 ekipleri,\u00a0Anneler G\u00fcn\u00fc\u00a0dolay\u0131s\u0131yla \u015fehit annelerini ziyaret etti. Valilik&#8217;ten yap\u0131lan a\u00e7\u0131klamaya g\u00f6re, jandarma ekipleri, farkl\u0131 mahallelerde ikamet eden \u015fehit aileleriyle bir araya geldi. Ekipler, \u015fehitlerin anneleriyle sohbet etti, g\u00fcnlerini kutlay\u0131p \u00e7i\u00e7ek verdi. &nbsp; KAYNAK:SONDAK\u0130KA<\/p>\n","protected":false},"author":1,"featured_media":3057,"comment_status":"open","ping_status":"closed","sticky":false,"template":"","format":"standard","meta":{"footnotes":""},"categories":[8,2300],"tags":[2321,2350,2481,2482,2438,829,2439],"class_list":["post-3056","post","type-post","status-publish","format-standard","has-post-thumbnail","hentry","category-gundem","category-haber","tag-bitlis","tag-jandarma","tag-anneler-gunu","tag-etkinlikler","tag-guncel","tag-guvenlik","tag-yerel-haberler"],"_links":{"self":[{"href":"https:\/\/doguhabertv.com\/index.php?rest_route=\/wp\/v2\/posts\/3056","targetHints":{"allow":["GET"]}}],"collection":[{"href":"https:\/\/doguhabertv.com\/index.php?rest_route=\/wp\/v2\/posts"}],"about":[{"href":"https:\/\/doguhabertv.com\/index.php?rest_route=\/wp\/v2\/types\/post"}],"author":[{"embeddable":true,"href":"https:\/\/doguhabertv.com\/index.php?rest_route=\/wp\/v2\/users\/1"}],"replies":[{"embeddable":true,"href":"https:\/\/doguhabertv.com\/index.php?rest_route=%2Fwp%2Fv2%2Fcomments&post=3056"}],"version-history":[{"count":1,"href":"https:\/\/doguhabertv.com\/index.php?rest_route=\/wp\/v2\/posts\/3056\/revisions"}],"predecessor-version":[{"id":3058,"href":"https:\/\/doguhabertv.com\/index.php?rest_route=\/wp\/v2\/posts\/3056\/revisions\/3058"}],"wp:featuredmedia":[{"embeddable":true,"href":"https:\/\/doguhabertv.com\/index.php?rest_route=\/wp\/v2\/media\/3057"}],"wp:attachment":[{"href":"https:\/\/doguhabertv.com\/index.php?rest_route=%2Fwp%2Fv2%2Fmedia&parent=3056"}],"wp:term":[{"taxonomy":"category","embeddable":true,"href":"https:\/\/doguhabertv.com\/index.php?rest_route=%2Fwp%2Fv2%2Fcategories&post=3056"},{"taxonomy":"post_tag","embeddable":true,"href":"https:\/\/doguhabertv.com\/index.php?rest_route=%2Fwp%2Fv2%2Ftags&post=3056"}],"curies":[{"name":"wp","href":"https:\/\/api.w.org\/{rel}","templated":true}]}}