{"id":3050,"date":"2025-05-13T08:17:40","date_gmt":"2025-05-13T08:17:40","guid":{"rendered":"https:\/\/doguhabertv.com\/?p=3050"},"modified":"2025-05-13T08:17:40","modified_gmt":"2025-05-13T08:17:40","slug":"bitlis-bes-minare-film-festivali-odulleri-sahiplerini-buldu","status":"publish","type":"post","link":"https:\/\/doguhabertv.com\/?p=3050","title":{"rendered":"Bitlis Be\u015f Minare Film Festivali \u00d6d\u00fclleri Sahiplerini Buldu"},"content":{"rendered":"<h2 id=\"spot\" class=\"mt10 haber_ozet\">Bitlis&#8217;te d\u00fczenlenen ilk &#8216;Be\u015f Minare Uluslararas\u0131 Film Festivali&#8217;nde sanat\u00e7\u0131lara \u00f6d\u00fcller verildi.<\/h2>\n<div class=\"hbptDate\"><\/div>\n<div>\n<p>B\u0130TL\u0130S&#8217;te bu y\u0131l ilki d\u00fczenlenen &#8216;Bitlis\u00a0Be\u015f Minare Uluslararas\u0131\u00a0Film Festivali&#8217;nde uzun metraj, belgesel ve k\u0131sa metrajl\u0131 filmlerinde dereceye giren sanat\u00e7\u0131lar \u00f6d\u00fcllerini ald\u0131.<\/p>\n<div id=\"tb-inpage-general\">\n<p>Bitlis E\u011fitim ve Tan\u0131tma Vakf\u0131 sponsorlu\u011funda d\u00fczenlenen,\u00a0Bitlis Valili\u011fi,\u00a0Bitlis Belediyesi,\u00a0Eren \u00dcniversitesi, il\u00e7e kaymakaml\u0131klar\u0131 ve\u00a0Tatvan\u00a0Ticaret ve Sanayi Odas\u0131 Ba\u015fkanl\u0131\u011f\u0131&#8217;n\u0131n da destekledi\u011fi birinci Bitlis Be\u015f Minare Uluslararas\u0131 Film Festivali&#8217;nde uzun metraj, belgesel ve k\u0131sa metrajl\u0131 filmlerde dereceye giren sanat\u00e7\u0131lara \u00f6d\u00fclleri verildi. Bitlis Eren \u00dcniversitesi (BE\u00dc) merkezi konferans salonunda ger\u00e7ekle\u015ftirilen gala ve \u00f6d\u00fcl t\u00f6renine, Bitlis Vali Yard\u0131mc\u0131s\u0131 Onur Ayka\u00e7, Bitlis Belediye Ba\u015fkan\u0131\u00a0Nesrullah Tan\u011flay, Bitlis Eren \u00dcniversitesi Rekt\u00f6r\u00fc Prof. Dr. Necmettin Elmasta\u015f, festival dan\u0131\u015fman\u0131 Kadir K\u00f6stek\u00e7i, Bitlis E\u011fitim ve Tan\u0131tma Vakf\u0131 (BETAV)\u00a0\u0130stanbul\u00a0\u015eube Ba\u015fkan\u0131\u00a0Hasan Dalk\u0131ran, kurum amirleri, sivil toplum kurulu\u015fu temsilcileri, \u00f6\u011frenciler ve vatanda\u015flar kat\u0131ld\u0131.<\/p>\n<p>&#8216;YO\u011eUN VE G\u00dcZEL B\u0130R GALAYDI&#8217;<\/p>\n<p>Festival Ba\u015fkan\u0131\u00a0Mehmet \u015eah\u00a0\u00c7elik, festivale ilginin olduk\u00e7a y\u00fcksek oldu\u011funu, kat\u0131lanlar\u0131n Bitlis&#8217;in tarihi ve turistik mekanlar\u0131n\u0131 gezme imkan\u0131 buldu\u011funu s\u00f6yledi. \u00c7elik, &#8220;Muhte\u015fem organizasyonlar ger\u00e7ekle\u015ftirdik. Hem merkezde hem 6 il\u00e7ede farkl\u0131 zamanlarda at\u00f6lyelerimiz, s\u00f6yle\u015filerimiz oldu.\u00a0Hizan&#8217;da da Kenger Festivali vard\u0131. Oyuncular\u0131m\u0131z halkla bulu\u015ftu, festivale kat\u0131ld\u0131. S\u00f6yle\u015fileri a\u00e7\u0131k havada yapt\u0131lar. \u00d6zellikle Bitlis&#8217;i ve k\u00fclt\u00fcr\u00fcn\u00fc daha iyi tan\u0131s\u0131nlar diye merkez ve 6 il\u00e7ede gezi turlar\u0131 d\u00fczenledik. Nemrut Krater G\u00f6l\u00fc&#8217;n\u00fc,\u00a0Ahlat,\u00a0Adilcevaz\u00a0ve Tatvan&#8217;\u0131 t\u00fcm konuklarla ziyaret ettik. \u00d6d\u00fcl alan t\u00fcm arkada\u015flar\u0131 tebrik ediyorum. Art\u0131k ikincisi i\u00e7in haz\u0131rl\u0131klara ba\u015flayaca\u011f\u0131z. \u0130lk olmas\u0131na ra\u011fmen galada 500 bin TL&#8217;lik \u00f6d\u00fcl da\u011f\u0131tt\u0131k. Amac\u0131m\u0131z, sinema yap\u0131mc\u0131lar\u0131n\u0131 biraz da te\u015fvik etmek.\u00a0Sinema\u00a0yap\u0131mc\u0131lar\u0131n\u0131n, \u00f6zellikle festivallere kat\u0131lanlar\u0131n \u00e7o\u011funda b\u00fct\u00e7e sorunu var. Bunu a\u015fmak i\u00e7in biraz da bir b\u00fct\u00e7e verelim dedik. \u0130nan\u0131lmaz yo\u011fun ve g\u00fczel bir galayd\u0131&#8221; dedi.<\/p>\n<p>FEST\u0130VALDE DERECEYE G\u0130REN SANAT\u00c7ILAR \u00d6D\u00dcLLER\u0130N\u0130 ALDI<\/p>\n<p>Festivalin belgesel kategorisinde y\u00f6netmenli\u011fini Yal\u00e7\u0131n \u00c7ift\u00e7i&#8217;nin yapt\u0131\u011f\u0131 &#8216;Beyaz Da\u011f\u0131n \u00c7ocuklar\u0131&#8217; birinci, \u00d6m\u00fcr G\u00fcrgen&#8217;in y\u00f6netmenli\u011fini yapt\u0131\u011f\u0131 &#8216;Ali Amca&#8217; ikinci, Evrim \u0130nci&#8217;nin y\u00f6netmenli\u011fini yapt\u0131\u011f\u0131 &#8216;Duvar&#8217; belgesi \u00fc\u00e7\u00fcnc\u00fc oldu. Uzun metraj film kategorisinde ise\u00a0Orhan \u0130nce&#8217;nin y\u00f6netmenli\u011fini yapt\u0131\u011f\u0131 &#8216;Hevi&#8217; birinci, Levent Onan&#8217;\u0131n y\u00f6netti\u011fi &#8216;A\u015fk\u0131n D\u00fcnk\u00fc \u00c7ocuklar\u0131&#8217; ikinci, Javier Lester Abalsamo&#8217;nun y\u00f6netmenli\u011fini yapt\u0131\u011f\u0131 &#8216;Coco&#8217;s Moon&#8217; \u00fc\u00e7\u00fcnc\u00fc oldu. K\u0131sa metraj film kategorisinde de \u00d6mer Ferhat \u00d6zmen&#8217;in y\u00f6netmenli\u011fini yapt\u0131\u011f\u0131 &#8216;Eksi 1&#8217; birinci, Onur G\u00fcler&#8217;in y\u00f6netti\u011fi &#8216;Hangi Gece B\u00fcy\u00fcd\u00fcysem&#8217; ikinci, Onur Do\u011fan&#8217;\u0131n y\u00f6netmenli\u011fini yapt\u0131\u011f\u0131 &#8216;Bomba&#8217; filmi \u00fc\u00e7\u00fcnc\u00fcl\u00fc\u011f\u00fc elde etti. Bitlis E\u011fitim ve Tan\u0131tma Vakf\u0131 J\u00fcri \u00d6zel \u00d6d\u00fcl\u00fc Sedat Benek&#8217;in \u00e7ekti\u011fi &#8216;Madak&#8217; belgeseline, Bitlis Be\u015f Minare \u00d6zel \u00d6d\u00fcl\u00fc ise &#8216;Vuslat&#8217; filmine verildi. Festivalde dereceye giren y\u00f6netmenlere plaket ve para \u00f6d\u00fclleri verildi. Program, tiyatro ve sinema sanat\u00e7\u0131s\u0131\u00a0Metin Y\u0131ld\u0131z&#8217;\u0131n stand-up g\u00f6sterisi ile son buldu.<\/p>\n<\/div>\n<p><strong>KAYNAK:SONDAK\u0130KA<\/strong><\/p>\n<\/div>\n","protected":false},"excerpt":{"rendered":"<p>Bitlis&#8217;te d\u00fczenlenen ilk &#8216;Be\u015f Minare Uluslararas\u0131 Film Festivali&#8217;nde sanat\u00e7\u0131lara \u00f6d\u00fcller verildi. B\u0130TL\u0130S&#8217;te bu y\u0131l ilki d\u00fczenlenen &#8216;Bitlis\u00a0Be\u015f Minare Uluslararas\u0131\u00a0Film Festivali&#8217;nde uzun metraj, belgesel ve k\u0131sa metrajl\u0131 filmlerinde dereceye giren sanat\u00e7\u0131lar \u00f6d\u00fcllerini ald\u0131. Bitlis E\u011fitim ve Tan\u0131tma Vakf\u0131 sponsorlu\u011funda d\u00fczenlenen,\u00a0Bitlis Valili\u011fi,\u00a0Bitlis Belediyesi,\u00a0Eren \u00dcniversitesi, il\u00e7e kaymakaml\u0131klar\u0131 ve\u00a0Tatvan\u00a0Ticaret ve Sanayi Odas\u0131 Ba\u015fkanl\u0131\u011f\u0131&#8217;n\u0131n da destekledi\u011fi birinci Bitlis Be\u015f Minare [&hellip;]<\/p>\n","protected":false},"author":1,"featured_media":3051,"comment_status":"open","ping_status":"closed","sticky":false,"template":"","format":"standard","meta":{"footnotes":""},"categories":[8,2300],"tags":[2321,2371,274,2479,2477,1257,2478,1874,2210],"class_list":["post-3050","post","type-post","status-publish","format-standard","has-post-thumbnail","hentry","category-gundem","category-haber","tag-bitlis","tag-sanat","tag-belgesel","tag-festival","tag-film-festivali","tag-kultur","tag-kultur-sanat","tag-sinema","tag-yasam"],"_links":{"self":[{"href":"https:\/\/doguhabertv.com\/index.php?rest_route=\/wp\/v2\/posts\/3050","targetHints":{"allow":["GET"]}}],"collection":[{"href":"https:\/\/doguhabertv.com\/index.php?rest_route=\/wp\/v2\/posts"}],"about":[{"href":"https:\/\/doguhabertv.com\/index.php?rest_route=\/wp\/v2\/types\/post"}],"author":[{"embeddable":true,"href":"https:\/\/doguhabertv.com\/index.php?rest_route=\/wp\/v2\/users\/1"}],"replies":[{"embeddable":true,"href":"https:\/\/doguhabertv.com\/index.php?rest_route=%2Fwp%2Fv2%2Fcomments&post=3050"}],"version-history":[{"count":1,"href":"https:\/\/doguhabertv.com\/index.php?rest_route=\/wp\/v2\/posts\/3050\/revisions"}],"predecessor-version":[{"id":3052,"href":"https:\/\/doguhabertv.com\/index.php?rest_route=\/wp\/v2\/posts\/3050\/revisions\/3052"}],"wp:featuredmedia":[{"embeddable":true,"href":"https:\/\/doguhabertv.com\/index.php?rest_route=\/wp\/v2\/media\/3051"}],"wp:attachment":[{"href":"https:\/\/doguhabertv.com\/index.php?rest_route=%2Fwp%2Fv2%2Fmedia&parent=3050"}],"wp:term":[{"taxonomy":"category","embeddable":true,"href":"https:\/\/doguhabertv.com\/index.php?rest_route=%2Fwp%2Fv2%2Fcategories&post=3050"},{"taxonomy":"post_tag","embeddable":true,"href":"https:\/\/doguhabertv.com\/index.php?rest_route=%2Fwp%2Fv2%2Ftags&post=3050"}],"curies":[{"name":"wp","href":"https:\/\/api.w.org\/{rel}","templated":true}]}}