{"id":3047,"date":"2025-05-13T08:16:14","date_gmt":"2025-05-13T08:16:14","guid":{"rendered":"https:\/\/doguhabertv.com\/?p=3047"},"modified":"2025-05-13T08:16:14","modified_gmt":"2025-05-13T08:16:14","slug":"bitlis-bes-minare-film-festivali-sonuclandi","status":"publish","type":"post","link":"https:\/\/doguhabertv.com\/?p=3047","title":{"rendered":"Bitlis Be\u015f Minare Film Festivali Sonu\u00e7land\u0131"},"content":{"rendered":"<h2 id=\"spot\" class=\"mt10 haber_ozet\">Bitlis&#8217;te d\u00fczenlenen festivalde belgesel ve film kategorilerinde \u00f6d\u00fcller sahiplerini buldu.<\/h2>\n<div class=\"hbptDate\">\n<p>Bitlis&#8217;te d\u00fczenlenen &#8220;Bitlis Be\u015f Minare Uluslararas\u0131\u00a0Film Festivali&#8221; \u00f6d\u00fcl t\u00f6reniyle sona erdi.<\/p>\n<p>Bitlis\u00a0Eren \u00dcniversitesi\u00a0Merkezi\u00a0Konferans\u00a0Salonu&#8217;nda d\u00fczenlenen t\u00f6rende, belgesel kategorisinde y\u00f6netmenli\u011fini Yal\u00e7\u0131n \u00c7ift\u00e7i&#8217;nin yapt\u0131\u011f\u0131 &#8220;Beyaz Da\u011f\u0131n \u00c7ocuklar\u0131&#8221; birinci, \u00d6m\u00fcr G\u00fcrgen&#8217;in y\u00f6netti\u011fi &#8220;Ali Amca&#8221; ikinci, Evrim \u0130nci&#8217;nin &#8220;Duvar&#8221; belgeseli \u00fc\u00e7\u00fcnc\u00fc oldu.<\/p>\n<p>Uzun metraj film kategorisinde ise\u00a0Orhan \u0130nce&#8217;nin y\u00f6netmenli\u011fini yapt\u0131\u011f\u0131 &#8220;Hevi&#8221; birincili\u011fi, Levent Onan&#8217;\u0131n y\u00f6netti\u011fi &#8220;A\u015fk\u0131n D\u00fcnk\u00fc \u00c7ocuklar\u0131&#8221; ikincili\u011fi ve Javier Lester Abalsamo&#8217;nun y\u00f6netmenli\u011fini yapt\u0131\u011f\u0131 &#8220;Coco&#8217;s Moon&#8221; \u00fc\u00e7\u00fcnc\u00fcl\u00fc\u011f\u00fc elde etti.<\/p>\n<p>K\u0131sa metraj film kategorisinde de \u00d6mer Ferhat \u00d6zmen&#8217;in y\u00f6netmenli\u011fini yapt\u0131\u011f\u0131 &#8220;Eksi 1&#8221; birincilik, Onur G\u00fcler&#8217;in y\u00f6netti\u011fi &#8220;Hangi Gece B\u00fcy\u00fcd\u00fcysem&#8221; ikincilik, Onur Do\u011fan&#8217;\u0131n &#8220;Bomba&#8221; isimli filmi \u00fc\u00e7\u00fcnc\u00fcl\u00fck ald\u0131.<\/p>\n<p>&#8220;Bitlis\u00a0E\u011fitim\u00a0ve Tan\u0131tma Vakf\u0131 J\u00fcri \u00d6zel \u00d6d\u00fcl\u00fc&#8221; Sedat Benek&#8217;in \u00e7ekti\u011fi &#8220;Madak&#8221; belgeseline, &#8220;Bitlis Be\u015f Minare \u00d6zel \u00d6d\u00fcl\u00fc&#8221; ise &#8220;Vuslat&#8221; filmine verildi.<\/p>\n<p>Festivalde dereceye giren y\u00f6netmenlere plaket ve para \u00f6d\u00fcl\u00fc verildi, festivalin d\u00fczenlenmesinde eme\u011fi ge\u00e7en sanat\u00e7\u0131, oyuncu, y\u00f6netmen, senarist, manken ve kurum amirlerine plaket takdim edildi.<\/p>\n<p>Festival ba\u015fkan\u0131\u00a0Mehmet \u015eah\u00a0\u00c7elik, t\u00f6renin ard\u0131ndan gazetecilere yapt\u0131\u011f\u0131 a\u00e7\u0131klamada, festivalin muhte\u015fem bir organizasyonla son buldu\u011funu s\u00f6yledi.<\/p>\n<p>Festival i\u00e7in ilk ba\u015fvuru yapt\u0131klar\u0131nda kimsenin kendilerine inanmad\u0131\u011f\u0131n\u0131 belirten \u00c7elik, &#8220;Muhte\u015fem organizasyonlar ger\u00e7ekle\u015ftirdik. Hem merkezde hem 6 il\u00e7ede farkl\u0131 zamanlarda at\u00f6lyelerimiz, s\u00f6yle\u015filerimiz ve workshoplar\u0131m\u0131z oldu.\u00a0Hizan&#8217;da Kenger Festivali vard\u0131. Oyuncular\u0131m\u0131z halkla bulu\u015ftu, festivale kat\u0131ld\u0131. S\u00f6yle\u015fileri a\u00e7\u0131k havada yapt\u0131lar. Sadece s\u00f6yle\u015filer yapmad\u0131k, Bitlis&#8217;i ve k\u00fclt\u00fcr\u00fcn\u00fc daha iyi tan\u0131s\u0131nlar diye merkez ve 6 il\u00e7ede gezi turlar\u0131 d\u00fczenledik.&#8221; dedi.<\/p>\n<p>G\u00fczel ve ba\u015far\u0131l\u0131 bir festival oldu\u011funa inand\u0131\u011f\u0131n\u0131 belirten \u00c7elik, \u015funlar\u0131 kaydetti:<\/p>\n<p>&#8220;Amac\u0131m\u0131z sinema yap\u0131mc\u0131lar\u0131n\u0131 biraz da te\u015fvik etmek.\u00a0Sinema\u00a0yap\u0131mc\u0131lar\u0131n\u0131n \u00f6zellikle festivallere kat\u0131lanlar\u0131n \u00e7o\u011funda b\u00fct\u00e7e sorunu var. Bunu a\u015fmak i\u00e7in biraz da bir b\u00fct\u00e7e verelim dedik. Festivalimizde 500 bin lira da\u011f\u0131tt\u0131k. \u0130nan\u0131lmaz yo\u011fun ve g\u00fczel bir galayd\u0131. Protokol bile yer bulamad\u0131. Bu anlamda muhte\u015femdi. \u0130nan\u0131yorum ki yak\u0131n zamanda Bitlis&#8217;in bir\u00e7ok b\u00f6lgesinde turizm ak\u0131n\u0131 olacak. Turistler gelecek ve yeni projeler ba\u015flayacak. Bu s\u00fcre\u00e7te arkada\u015flarla s\u00fcrekli film projelerini de\u011ferlendirdik. \u0130n\u015fallah yak\u0131n bir zamanda, yakla\u015f\u0131k iki ayda birka\u00e7 filme birden ba\u015flayaca\u011f\u0131z. Bunun m\u00fcjdesini vermek istiyorum.&#8221;<\/p>\n<p>Sanat\u00e7\u0131\u00a0Metin Y\u0131ld\u0131z&#8217;\u0131n stand-up g\u00f6sterisiyle sona eren \u00f6d\u00fcl t\u00f6renine Vali Yard\u0131mc\u0131s\u0131 Onur Ayka\u00e7, Belediye Ba\u015fkan\u0131\u00a0Nesrullah Tan\u011flay, Eren \u00dcniversitesi Rekt\u00f6r\u00fc Prof. Dr. Necmettin Elmasta\u015f, festival dan\u0131\u015fman\u0131 Kadir K\u00f6stek\u00e7i, Bitlis E\u011fitim ve Tan\u0131tma Vakf\u0131\u00a0\u0130stanbul\u00a0\u015eube Ba\u015fkan\u0131\u00a0Hasan Dalk\u0131ran, kurum amirleri, sivil toplum kurulu\u015fu temsilcileri, \u00f6\u011frenciler ve vatanda\u015flar kat\u0131ld\u0131.<\/p>\n<\/div>\n<p>&nbsp;<\/p>\n<p><strong>KAYNAK:SONDAK\u0130KA<\/strong><\/p>\n","protected":false},"excerpt":{"rendered":"<p>Bitlis&#8217;te d\u00fczenlenen festivalde belgesel ve film kategorilerinde \u00f6d\u00fcller sahiplerini buldu. Bitlis&#8217;te d\u00fczenlenen &#8220;Bitlis Be\u015f Minare Uluslararas\u0131\u00a0Film Festivali&#8221; \u00f6d\u00fcl t\u00f6reniyle sona erdi. Bitlis\u00a0Eren \u00dcniversitesi\u00a0Merkezi\u00a0Konferans\u00a0Salonu&#8217;nda d\u00fczenlenen t\u00f6rende, belgesel kategorisinde y\u00f6netmenli\u011fini Yal\u00e7\u0131n \u00c7ift\u00e7i&#8217;nin yapt\u0131\u011f\u0131 &#8220;Beyaz Da\u011f\u0131n \u00c7ocuklar\u0131&#8221; birinci, \u00d6m\u00fcr G\u00fcrgen&#8217;in y\u00f6netti\u011fi &#8220;Ali Amca&#8221; ikinci, Evrim \u0130nci&#8217;nin &#8220;Duvar&#8221; belgeseli \u00fc\u00e7\u00fcnc\u00fc oldu. Uzun metraj film kategorisinde ise\u00a0Orhan \u0130nce&#8217;nin y\u00f6netmenli\u011fini yapt\u0131\u011f\u0131 [&hellip;]<\/p>\n","protected":false},"author":1,"featured_media":3048,"comment_status":"open","ping_status":"closed","sticky":false,"template":"","format":"standard","meta":{"footnotes":""},"categories":[1],"tags":[2321,2371,274,584,2476,2479,2477,2438,1257,2478,2439],"class_list":["post-3047","post","type-post","status-publish","format-standard","has-post-thumbnail","hentry","category-uncategorized","tag-bitlis","tag-sanat","tag-belgesel","tag-egitim","tag-eren-universitesi","tag-festival","tag-film-festivali","tag-guncel","tag-kultur","tag-kultur-sanat","tag-yerel-haberler"],"_links":{"self":[{"href":"https:\/\/doguhabertv.com\/index.php?rest_route=\/wp\/v2\/posts\/3047","targetHints":{"allow":["GET"]}}],"collection":[{"href":"https:\/\/doguhabertv.com\/index.php?rest_route=\/wp\/v2\/posts"}],"about":[{"href":"https:\/\/doguhabertv.com\/index.php?rest_route=\/wp\/v2\/types\/post"}],"author":[{"embeddable":true,"href":"https:\/\/doguhabertv.com\/index.php?rest_route=\/wp\/v2\/users\/1"}],"replies":[{"embeddable":true,"href":"https:\/\/doguhabertv.com\/index.php?rest_route=%2Fwp%2Fv2%2Fcomments&post=3047"}],"version-history":[{"count":1,"href":"https:\/\/doguhabertv.com\/index.php?rest_route=\/wp\/v2\/posts\/3047\/revisions"}],"predecessor-version":[{"id":3049,"href":"https:\/\/doguhabertv.com\/index.php?rest_route=\/wp\/v2\/posts\/3047\/revisions\/3049"}],"wp:featuredmedia":[{"embeddable":true,"href":"https:\/\/doguhabertv.com\/index.php?rest_route=\/wp\/v2\/media\/3048"}],"wp:attachment":[{"href":"https:\/\/doguhabertv.com\/index.php?rest_route=%2Fwp%2Fv2%2Fmedia&parent=3047"}],"wp:term":[{"taxonomy":"category","embeddable":true,"href":"https:\/\/doguhabertv.com\/index.php?rest_route=%2Fwp%2Fv2%2Fcategories&post=3047"},{"taxonomy":"post_tag","embeddable":true,"href":"https:\/\/doguhabertv.com\/index.php?rest_route=%2Fwp%2Fv2%2Ftags&post=3047"}],"curies":[{"name":"wp","href":"https:\/\/api.w.org\/{rel}","templated":true}]}}