{"id":3033,"date":"2025-05-12T07:52:11","date_gmt":"2025-05-12T07:52:11","guid":{"rendered":"https:\/\/doguhabertv.com\/?p=3033"},"modified":"2025-05-12T07:52:11","modified_gmt":"2025-05-12T07:52:11","slug":"siirtte-ilk-mercimek-hasadi-yapildi","status":"publish","type":"post","link":"https:\/\/doguhabertv.com\/?p=3033","title":{"rendered":"Siirt&#8217;te \u0130lk Mercimek Hasad\u0131 Yap\u0131ld\u0131"},"content":{"rendered":"<h2 id=\"spot\" class=\"mt10 haber_ozet\">Kurtalan&#8217;da k\u0131rm\u0131z\u0131 mercimek hasad\u0131, d\u00fczensiz ya\u011f\u0131\u015flarla birlikte ba\u015flad\u0131. \u00c7ift\u00e7iler boyun k\u0131sal\u0131\u011f\u0131ndan \u015fikayet\u00e7i.<\/h2>\n<div class=\"hbptDate\">\n<p>Siirt&#8217;in\u00a0Kurtalan\u00a0il\u00e7esinde y\u0131l\u0131n ilk mercimek hasad\u0131 yap\u0131ld\u0131.<\/p>\n<p>G\u00fcneydo\u011funun \u00f6nemli hububat merkezlerinden biri olan Siirt&#8217;te k\u0131rm\u0131z\u0131 mercimek hasad\u0131na ba\u015fland\u0131. Tulumta\u015f k\u00f6y\u00fcnde yap\u0131lan hasatta \u00e7ift\u00e7iler, d\u00fczensiz ya\u011f\u0131\u015flar nedeniyle mercimek boyunun ge\u00e7en y\u0131llara g\u00f6re daha k\u0131sa kald\u0131\u011f\u0131n\u0131 s\u00f6yledi.<\/p>\n<\/div>\n<p><strong>KAYNAK:SONDAK\u0130KA<\/strong><\/p>\n","protected":false},"excerpt":{"rendered":"<p>Kurtalan&#8217;da k\u0131rm\u0131z\u0131 mercimek hasad\u0131, d\u00fczensiz ya\u011f\u0131\u015flarla birlikte ba\u015flad\u0131. \u00c7ift\u00e7iler boyun k\u0131sal\u0131\u011f\u0131ndan \u015fikayet\u00e7i. Siirt&#8217;in\u00a0Kurtalan\u00a0il\u00e7esinde y\u0131l\u0131n ilk mercimek hasad\u0131 yap\u0131ld\u0131. G\u00fcneydo\u011funun \u00f6nemli hububat merkezlerinden biri olan Siirt&#8217;te k\u0131rm\u0131z\u0131 mercimek hasad\u0131na ba\u015fland\u0131. Tulumta\u015f k\u00f6y\u00fcnde yap\u0131lan hasatta \u00e7ift\u00e7iler, d\u00fczensiz ya\u011f\u0131\u015flar nedeniyle mercimek boyunun ge\u00e7en y\u0131llara g\u00f6re daha k\u0131sa kald\u0131\u011f\u0131n\u0131 s\u00f6yledi. KAYNAK:SONDAK\u0130KA<\/p>\n","protected":false},"author":1,"featured_media":3034,"comment_status":"open","ping_status":"closed","sticky":false,"template":"","format":"standard","meta":{"footnotes":""},"categories":[8,2300],"tags":[2472,2298,2438,2443,2473,1865,1994],"class_list":["post-3033","post","type-post","status-publish","format-standard","has-post-thumbnail","hentry","category-gundem","category-haber","tag-ciftcilik","tag-ekonomi","tag-guncel","tag-hava-durumu","tag-kurtalan","tag-siirt","tag-tarim"],"_links":{"self":[{"href":"https:\/\/doguhabertv.com\/index.php?rest_route=\/wp\/v2\/posts\/3033","targetHints":{"allow":["GET"]}}],"collection":[{"href":"https:\/\/doguhabertv.com\/index.php?rest_route=\/wp\/v2\/posts"}],"about":[{"href":"https:\/\/doguhabertv.com\/index.php?rest_route=\/wp\/v2\/types\/post"}],"author":[{"embeddable":true,"href":"https:\/\/doguhabertv.com\/index.php?rest_route=\/wp\/v2\/users\/1"}],"replies":[{"embeddable":true,"href":"https:\/\/doguhabertv.com\/index.php?rest_route=%2Fwp%2Fv2%2Fcomments&post=3033"}],"version-history":[{"count":1,"href":"https:\/\/doguhabertv.com\/index.php?rest_route=\/wp\/v2\/posts\/3033\/revisions"}],"predecessor-version":[{"id":3035,"href":"https:\/\/doguhabertv.com\/index.php?rest_route=\/wp\/v2\/posts\/3033\/revisions\/3035"}],"wp:featuredmedia":[{"embeddable":true,"href":"https:\/\/doguhabertv.com\/index.php?rest_route=\/wp\/v2\/media\/3034"}],"wp:attachment":[{"href":"https:\/\/doguhabertv.com\/index.php?rest_route=%2Fwp%2Fv2%2Fmedia&parent=3033"}],"wp:term":[{"taxonomy":"category","embeddable":true,"href":"https:\/\/doguhabertv.com\/index.php?rest_route=%2Fwp%2Fv2%2Fcategories&post=3033"},{"taxonomy":"post_tag","embeddable":true,"href":"https:\/\/doguhabertv.com\/index.php?rest_route=%2Fwp%2Fv2%2Ftags&post=3033"}],"curies":[{"name":"wp","href":"https:\/\/api.w.org\/{rel}","templated":true}]}}