{"id":3030,"date":"2025-05-10T07:56:56","date_gmt":"2025-05-10T07:56:56","guid":{"rendered":"https:\/\/doguhabertv.com\/?p=3030"},"modified":"2025-05-10T07:56:56","modified_gmt":"2025-05-10T07:56:56","slug":"cizrede-odunlukta-yangin","status":"publish","type":"post","link":"https:\/\/doguhabertv.com\/?p=3030","title":{"rendered":"Cizre&#8217;de Odunlukta Yang\u0131n"},"content":{"rendered":"<h2 id=\"spot\" class=\"mt10 haber_ozet\">Cizre&#8217;deki odunluktan \u00e7\u0131kan yang\u0131n, itfaiye ekiplerinin m\u00fcdahalesiyle s\u00f6nd\u00fcr\u00fcld\u00fc.<\/h2>\n<div class=\"hbptDate\">\n<p>\u015e\u0131rnak&#8217;\u0131n\u00a0Cizre\u00a0il\u00e7esinde odunlukta \u00e7\u0131kan yang\u0131n itfaiye ekipleri taraf\u0131ndan s\u00f6nd\u00fcr\u00fcld\u00fc.<\/p>\n<p>Edinilen bilgelere g\u00f6re,\u00a0Fatih Mahallesi&#8217;nde odunluktan dumanlar\u0131n y\u00fckseldi\u011fini g\u00f6ren mahalle sakinleri \u00f6nce ev sahiplerini uyard\u0131, ard\u0131ndan da 112 Acil \u00c7a\u011fr\u0131 Merkezini aray\u0131p yang\u0131n ihbar\u0131nda bulundu. \u0130hbar \u00fczerine olay yerine itfaiye ekipleri sevk edildi. Yang\u0131n, itfaiye ekiplerinin m\u00fcdahalesi ile s\u00f6nd\u00fcr\u00fcl\u00fcp kontrol alt\u0131na al\u0131n\u0131rken, odunlukta bulunan bir\u00e7ok e\u015fya kullan\u0131lmaz hale geldi.<\/p>\n<\/div>\n<p>&nbsp;<\/p>\n<p><strong>KAYNAK:SONDAK\u0130KA<\/strong><\/p>\n","protected":false},"excerpt":{"rendered":"<p>Cizre&#8217;deki odunluktan \u00e7\u0131kan yang\u0131n, itfaiye ekiplerinin m\u00fcdahalesiyle s\u00f6nd\u00fcr\u00fcld\u00fc. \u015e\u0131rnak&#8217;\u0131n\u00a0Cizre\u00a0il\u00e7esinde odunlukta \u00e7\u0131kan yang\u0131n itfaiye ekipleri taraf\u0131ndan s\u00f6nd\u00fcr\u00fcld\u00fc. Edinilen bilgelere g\u00f6re,\u00a0Fatih Mahallesi&#8217;nde odunluktan dumanlar\u0131n y\u00fckseldi\u011fini g\u00f6ren mahalle sakinleri \u00f6nce ev sahiplerini uyard\u0131, ard\u0131ndan da 112 Acil \u00c7a\u011fr\u0131 Merkezini aray\u0131p yang\u0131n ihbar\u0131nda bulundu. \u0130hbar \u00fczerine olay yerine itfaiye ekipleri sevk edildi. Yang\u0131n, itfaiye ekiplerinin m\u00fcdahalesi ile s\u00f6nd\u00fcr\u00fcl\u00fcp kontrol [&hellip;]<\/p>\n","protected":false},"author":1,"featured_media":3031,"comment_status":"open","ping_status":"closed","sticky":false,"template":"","format":"standard","meta":{"footnotes":""},"categories":[8,2300],"tags":[2359,2454,2467,2210,2439],"class_list":["post-3030","post","type-post","status-publish","format-standard","has-post-thumbnail","hentry","category-gundem","category-haber","tag-itfaiye","tag-acil-durum","tag-cizre","tag-yasam","tag-yerel-haberler"],"_links":{"self":[{"href":"https:\/\/doguhabertv.com\/index.php?rest_route=\/wp\/v2\/posts\/3030","targetHints":{"allow":["GET"]}}],"collection":[{"href":"https:\/\/doguhabertv.com\/index.php?rest_route=\/wp\/v2\/posts"}],"about":[{"href":"https:\/\/doguhabertv.com\/index.php?rest_route=\/wp\/v2\/types\/post"}],"author":[{"embeddable":true,"href":"https:\/\/doguhabertv.com\/index.php?rest_route=\/wp\/v2\/users\/1"}],"replies":[{"embeddable":true,"href":"https:\/\/doguhabertv.com\/index.php?rest_route=%2Fwp%2Fv2%2Fcomments&post=3030"}],"version-history":[{"count":1,"href":"https:\/\/doguhabertv.com\/index.php?rest_route=\/wp\/v2\/posts\/3030\/revisions"}],"predecessor-version":[{"id":3032,"href":"https:\/\/doguhabertv.com\/index.php?rest_route=\/wp\/v2\/posts\/3030\/revisions\/3032"}],"wp:featuredmedia":[{"embeddable":true,"href":"https:\/\/doguhabertv.com\/index.php?rest_route=\/wp\/v2\/media\/3031"}],"wp:attachment":[{"href":"https:\/\/doguhabertv.com\/index.php?rest_route=%2Fwp%2Fv2%2Fmedia&parent=3030"}],"wp:term":[{"taxonomy":"category","embeddable":true,"href":"https:\/\/doguhabertv.com\/index.php?rest_route=%2Fwp%2Fv2%2Fcategories&post=3030"},{"taxonomy":"post_tag","embeddable":true,"href":"https:\/\/doguhabertv.com\/index.php?rest_route=%2Fwp%2Fv2%2Ftags&post=3030"}],"curies":[{"name":"wp","href":"https:\/\/api.w.org\/{rel}","templated":true}]}}