{"id":3024,"date":"2025-05-10T07:54:10","date_gmt":"2025-05-10T07:54:10","guid":{"rendered":"https:\/\/doguhabertv.com\/?p=3024"},"modified":"2025-05-10T07:54:10","modified_gmt":"2025-05-10T07:54:10","slug":"sirnakta-orman-benim-etkinligi-duzenlendi","status":"publish","type":"post","link":"https:\/\/doguhabertv.com\/?p=3024","title":{"rendered":"\u015e\u0131rnak&#8217;ta &#8220;Orman Benim&#8221; etkinli\u011fi d\u00fczenlendi"},"content":{"rendered":"<h2 id=\"spot\" class=\"mt10 haber_ozet\">\u015e\u0131rnak&#8217;ta orman yang\u0131nlar\u0131na y\u00f6nelik tedbirler kapsam\u0131nda &#8220;Orman Benim&#8221; etkinli\u011fi ger\u00e7ekle\u015ftirildi.<\/h2>\n<div class=\"hbptDate\">\n<p>\u015e\u0131rnak&#8217;ta orman yang\u0131nlar\u0131na y\u00f6nelik tedbirler kapsam\u0131nda &#8220;Orman Benim&#8221; etkinli\u011fi ger\u00e7ekle\u015ftirildi.<\/p>\n<p>Tar\u0131m\u00a0ve Orman Bakanl\u0131\u011f\u0131nca \u00fclke genelinde orman yang\u0131nlar\u0131n\u0131 azaltmak ve \u00f6nlemek amac\u0131yla vatanda\u015flar\u0131 bilin\u00e7lendirmek i\u00e7in y\u00fcr\u00fct\u00fclen &#8220;Orman Benim&#8221; kampanyas\u0131 kapsam\u0131ndaki etkinlik, \u015e\u0131rnak Cizre kara yolu \u015eehit Y\u00fczba\u015f\u0131\u00a0Mustafa Erdal\u00a0T\u00fcneli b\u00f6lgesinde d\u00fczenlendi.<\/p>\n<p>Vali\u00a0Birol Ekici, gazetecilere, Tar\u0131m ve Orman Bakanl\u0131\u011f\u0131n\u0131n orman yang\u0131nlar\u0131n\u0131 azaltmak ve \u00f6nlemek amac\u0131yla bug\u00fcn 81 ilde vatanda\u015flar\u0131 bilin\u00e7lendirmek i\u00e7in d\u00fczenledi\u011fi &#8216;Orman Benim&#8217; kampanyas\u0131 \u00e7er\u00e7evesinde \u00e7\u00f6p toplad\u0131klar\u0131n\u0131 s\u00f6yledi.<\/p>\n<p>Ekici, &#8220;Hi\u00e7birimiz unutmayal\u0131m ki \u00e7evre ve ormanlar bizim atalar\u0131m\u0131zdan ald\u0131\u011f\u0131m\u0131z miras de\u011fil, \u00e7ocuklar\u0131m\u0131zdan \u00f6d\u00fcn\u00e7 ald\u0131\u011f\u0131m\u0131z de\u011ferlerimizdir. Onun i\u00e7in ormanlar\u0131m\u0131z\u0131 koruyal\u0131m.&#8221; diye konu\u015ftu.<\/p>\n<p>Etkinli\u011fe, \u0130l Tar\u0131m ve Orman M\u00fcd\u00fcr\u00fc\u00a0Oktay Sezgin, Orman \u0130\u015fletme \u0130l M\u00fcd\u00fcr\u00fc Re\u015fit Tun\u00e7,\u00a0AFAD\u00a0\u0130l M\u00fcd\u00fcr\u00fc Muzaffer \u0130\u015flek ve \u00f6\u011frenciler kat\u0131ld\u0131.<\/p>\n<p>Etkinlikte, protokol \u00fcyeleri ve \u00f6\u011frenciler, ormanl\u0131k alanda \u00e7\u00f6p toplayarak, temizlik yapt\u0131<\/p>\n<\/div>\n<p>&nbsp;<\/p>\n<p><strong>KAYNAK:SONDAK\u0130KA<\/strong><\/p>\n","protected":false},"excerpt":{"rendered":"<p>\u015e\u0131rnak&#8217;ta orman yang\u0131nlar\u0131na y\u00f6nelik tedbirler kapsam\u0131nda &#8220;Orman Benim&#8221; etkinli\u011fi ger\u00e7ekle\u015ftirildi. \u015e\u0131rnak&#8217;ta orman yang\u0131nlar\u0131na y\u00f6nelik tedbirler kapsam\u0131nda &#8220;Orman Benim&#8221; etkinli\u011fi ger\u00e7ekle\u015ftirildi. Tar\u0131m\u00a0ve Orman Bakanl\u0131\u011f\u0131nca \u00fclke genelinde orman yang\u0131nlar\u0131n\u0131 azaltmak ve \u00f6nlemek amac\u0131yla vatanda\u015flar\u0131 bilin\u00e7lendirmek i\u00e7in y\u00fcr\u00fct\u00fclen &#8220;Orman Benim&#8221; kampanyas\u0131 kapsam\u0131ndaki etkinlik, \u015e\u0131rnak Cizre kara yolu \u015eehit Y\u00fczba\u015f\u0131\u00a0Mustafa Erdal\u00a0T\u00fcneli b\u00f6lgesinde d\u00fczenlendi. Vali\u00a0Birol Ekici, gazetecilere, Tar\u0131m ve Orman [&hellip;]<\/p>\n","protected":false},"author":1,"featured_media":3025,"comment_status":"open","ping_status":"closed","sticky":false,"template":"","format":"standard","meta":{"footnotes":""},"categories":[8,2300],"tags":[389,2438,2469,1994],"class_list":["post-3024","post","type-post","status-publish","format-standard","has-post-thumbnail","hentry","category-gundem","category-haber","tag-cevre","tag-guncel","tag-orman-yanginlari","tag-tarim"],"_links":{"self":[{"href":"https:\/\/doguhabertv.com\/index.php?rest_route=\/wp\/v2\/posts\/3024","targetHints":{"allow":["GET"]}}],"collection":[{"href":"https:\/\/doguhabertv.com\/index.php?rest_route=\/wp\/v2\/posts"}],"about":[{"href":"https:\/\/doguhabertv.com\/index.php?rest_route=\/wp\/v2\/types\/post"}],"author":[{"embeddable":true,"href":"https:\/\/doguhabertv.com\/index.php?rest_route=\/wp\/v2\/users\/1"}],"replies":[{"embeddable":true,"href":"https:\/\/doguhabertv.com\/index.php?rest_route=%2Fwp%2Fv2%2Fcomments&post=3024"}],"version-history":[{"count":1,"href":"https:\/\/doguhabertv.com\/index.php?rest_route=\/wp\/v2\/posts\/3024\/revisions"}],"predecessor-version":[{"id":3026,"href":"https:\/\/doguhabertv.com\/index.php?rest_route=\/wp\/v2\/posts\/3024\/revisions\/3026"}],"wp:featuredmedia":[{"embeddable":true,"href":"https:\/\/doguhabertv.com\/index.php?rest_route=\/wp\/v2\/media\/3025"}],"wp:attachment":[{"href":"https:\/\/doguhabertv.com\/index.php?rest_route=%2Fwp%2Fv2%2Fmedia&parent=3024"}],"wp:term":[{"taxonomy":"category","embeddable":true,"href":"https:\/\/doguhabertv.com\/index.php?rest_route=%2Fwp%2Fv2%2Fcategories&post=3024"},{"taxonomy":"post_tag","embeddable":true,"href":"https:\/\/doguhabertv.com\/index.php?rest_route=%2Fwp%2Fv2%2Ftags&post=3024"}],"curies":[{"name":"wp","href":"https:\/\/api.w.org\/{rel}","templated":true}]}}